{"id":161087,"date":"2021-02-05T00:00:30","date_gmt":"2021-02-04T23:00:30","guid":{"rendered":"https:\/\/smago.de\/ws2\/?p=161087"},"modified":"2021-02-04T21:56:23","modified_gmt":"2021-02-04T20:56:23","slug":"peter-rapp-showlegende-peter-rapp-heute-05-02-2021-zu-gast-bei-vera","status":"publish","type":"post","link":"https:\/\/smago.de\/ws2\/schlager\/peter-rapp-showlegende-peter-rapp-heute-05-02-2021-zu-gast-bei-vera\/","title":{"rendered":"PETER RAPP <br>Showlegende Peter Rapp heute (05.02.2021) zu Gast bei \u201eVera\u201c!"},"content":{"rendered":"<p>ORF 2, 21:20 Uhr &#8211; 22:00 Uhr (Wh. in der Nacht auf 06.02., 03:25 Uhr &#8211; 04:00 Uhr)! Moderation: Vera Russwurm!<br \/>\n<!--more--><\/p>\n<p style=\"text-align: justify;\">\n<p style=\"text-align: justify;\">\n<p style=\"text-align: justify;\">Pers\u00f6nliche Einblicke von zwei au\u00dfergew\u00f6hnlichen Menschen bei \u201eVera\u201c: Vera Russwurm begr\u00fc\u00dft am Freitag, dem 5. Februar 2021, um 21.20 Uhr in ORF 2 in ihrer Sendung eine Frau, die es geschafft hat, nach Jahren der Brutalit\u00e4t, der Erniedrigung und Morddrohungen ihrer Ehe-H\u00f6lle und einer Spirale von Gewalt und Hass zu entkommen. Wie sie es geschafft hat, sich und ihren Sohn nach jahrelangem Martyrium zu retten und heute ein gl\u00fcckliches Leben zu f\u00fchren, erz\u00e4hlt sie bei \u201eVera\u201c.<\/p>\n<p style=\"text-align: justify;\">Au\u00dferdem freut sich die Talkmasterin auf ihren Kollegen Peter Rapp, der offen wie nie zuvor seine einsame Kindheit am Rande der Verwahrlosung \u2013 mit n\u00e4chtlichen Streifz\u00fcgen als F\u00fcnfj\u00e4hriger und vielem mehr \u2013 schildert. Rapp, der Sohn einer Marktstandlerin und eines Vaters, der durch Abwesenheit gl\u00e4nzte, erz\u00e4hlt auch, wie er beinahe ins \u201eMilieu\u201c abgerutscht w\u00e4re.<\/p>\n<p style=\"text-align: justify;\">Peter Rapp pr\u00e4sentiert au\u00dferdem am Samstag, dem 13. Februar, um 22.00 Uhr in ORF 2 eine neue Ausgabe seiner Nostalgie-Sendung \u201eAls w\u00e4re es gestern gewesen\u201c, die sich diesmal passend zum Fasching den lustigsten Parodien der Fernsehgeschichte widmet.<\/p>\n<p>&nbsp;<\/p>\n<p>&nbsp;<\/p>\n<figure id=\"attachment_161088\" aria-describedby=\"caption-attachment-161088\" style=\"width: 800px\" class=\"wp-caption alignnone\"><img decoding=\"async\" loading=\"lazy\" class=\"size-nerubian-single wp-image-161088\" src=\"https:\/\/smago.de\/ws2\/wp-content\/uploads\/2021\/02\/orf_andy-tichler_20210204215300-800x522.jpg\" alt=\"\" width=\"800\" height=\"522\" srcset=\"https:\/\/smago.de\/ws2\/wp-content\/uploads\/2021\/02\/orf_andy-tichler_20210204215300-800x522.jpg 800w, https:\/\/smago.de\/ws2\/wp-content\/uploads\/2021\/02\/orf_andy-tichler_20210204215300-522x341.jpg 522w, https:\/\/smago.de\/ws2\/wp-content\/uploads\/2021\/02\/orf_andy-tichler_20210204215300-230x150.jpg 230w, https:\/\/smago.de\/ws2\/wp-content\/uploads\/2021\/02\/orf_andy-tichler_20210204215300-768x501.jpg 768w, https:\/\/smago.de\/ws2\/wp-content\/uploads\/2021\/02\/orf_andy-tichler_20210204215300-1536x1003.jpg 1536w, https:\/\/smago.de\/ws2\/wp-content\/uploads\/2021\/02\/orf_andy-tichler_20210204215300-2048x1337.jpg 2048w, https:\/\/smago.de\/ws2\/wp-content\/uploads\/2021\/02\/orf_andy-tichler_20210204215300-392x256.jpg 392w, https:\/\/smago.de\/ws2\/wp-content\/uploads\/2021\/02\/orf_andy-tichler_20210204215300-130x85.jpg 130w, https:\/\/smago.de\/ws2\/wp-content\/uploads\/2021\/02\/orf_andy-tichler_20210204215300-682x445.jpg 682w, https:\/\/smago.de\/ws2\/wp-content\/uploads\/2021\/02\/orf_andy-tichler_20210204215300-292x190.jpg 292w, https:\/\/smago.de\/ws2\/wp-content\/uploads\/2021\/02\/orf_andy-tichler_20210204215300-435x284.jpg 435w\" sizes=\"(max-width: 800px) 100vw, 800px\" \/><figcaption id=\"caption-attachment-161088\" class=\"wp-caption-text\"><em>Foto-Credit: ORF \/ Hubert Mican<\/em><\/figcaption><\/figure>\n","protected":false},"excerpt":{"rendered":"<p>ORF 2, 21:20 Uhr &#8211; 22:00 Uhr (Wh. in der Nacht auf 06.02., 03:25 Uhr &#8211; 04:00 Uhr)! Moderation: Vera<\/p>\n","protected":false},"author":2,"featured_media":161088,"comment_status":"open","ping_status":"closed","sticky":false,"template":"","format":"standard","meta":{"_FSMCFIC_featured_image_caption":"","_FSMCFIC_featured_image_nocaption":"","_FSMCFIC_featured_image_hide":""},"categories":[29,128],"tags":[881],"acf":[],"_links":{"self":[{"href":"https:\/\/smago.de\/ws2\/wp-json\/wp\/v2\/posts\/161087"}],"collection":[{"href":"https:\/\/smago.de\/ws2\/wp-json\/wp\/v2\/posts"}],"about":[{"href":"https:\/\/smago.de\/ws2\/wp-json\/wp\/v2\/types\/post"}],"author":[{"embeddable":true,"href":"https:\/\/smago.de\/ws2\/wp-json\/wp\/v2\/users\/2"}],"replies":[{"embeddable":true,"href":"https:\/\/smago.de\/ws2\/wp-json\/wp\/v2\/comments?post=161087"}],"version-history":[{"count":1,"href":"https:\/\/smago.de\/ws2\/wp-json\/wp\/v2\/posts\/161087\/revisions"}],"predecessor-version":[{"id":161089,"href":"https:\/\/smago.de\/ws2\/wp-json\/wp\/v2\/posts\/161087\/revisions\/161089"}],"wp:featuredmedia":[{"embeddable":true,"href":"https:\/\/smago.de\/ws2\/wp-json\/wp\/v2\/media\/161088"}],"wp:attachment":[{"href":"https:\/\/smago.de\/ws2\/wp-json\/wp\/v2\/media?parent=161087"}],"wp:term":[{"taxonomy":"category","embeddable":true,"href":"https:\/\/smago.de\/ws2\/wp-json\/wp\/v2\/categories?post=161087"},{"taxonomy":"post_tag","embeddable":true,"href":"https:\/\/smago.de\/ws2\/wp-json\/wp\/v2\/tags?post=161087"}],"curies":[{"name":"wp","href":"https:\/\/api.w.org\/{rel}","templated":true}]}}