{"id":161026,"date":"2021-02-03T18:23:08","date_gmt":"2021-02-03T17:23:08","guid":{"rendered":"https:\/\/smago.de\/ws2\/?p=161026"},"modified":"2021-02-03T18:23:08","modified_gmt":"2021-02-03T17:23:08","slug":"riverboat-mdr-talkshow-riverboat-ab-05-02-2021-mit-wechselnder-gastmoderation","status":"publish","type":"post","link":"https:\/\/smago.de\/ws2\/pop-schlager\/riverboat-mdr-talkshow-riverboat-ab-05-02-2021-mit-wechselnder-gastmoderation\/","title":{"rendered":"&#8222;RIVERBOAT&#8220; <br>MDR-Talkshow \u201eRiverboat\u201c ab 05.02.2021 mit wechselnder Gastmoderation!"},"content":{"rendered":"<p>J\u00f6rg Kachelmann\u00a0 wird, wie\u00a0 bereits im letzten Jahr angek\u00fcndigt, k\u00fcrzer treten und im w\u00f6chentlichen Wechsel den Talk wie gewohnt mit Kim Fisher moderieren!<br \/>\n<!--more--><\/p>\n<p>&nbsp;<\/p>\n<p style=\"text-align: justify;\">\n<p style=\"text-align: justify;\">Neue Gesichter auf dem \u00a0MDR-Talkshow-Flaggschiff \u201eRiverboat\u201c: Ab 5. Februar 2021 begr\u00fc\u00dft Kim Fisher alle 14 Tage jeweils einen prominenten Fernsehstar \u00a0als Gastmoderatorin oder Gastmoderator an ihrer Seite. J\u00f6rg Kachelmann\u00a0 wird, wie\u00a0 bereits im letzten Jahr angek\u00fcndigt, k\u00fcrzer treten und im w\u00f6chentlichen Wechsel den Talk wie gewohnt mit Kim Fisher moderieren.<\/p>\n<p style=\"text-align: justify;\">Wolfgang Lippert startet\u00a0 am 5. Februar gemeinsam mit Kim Fisher die neue Gastgeberkonstellation. \u201eIch freue mich an der Seite der wunderbaren Kim Fisher auf einen sch\u00f6nen Abend mit spannenden G\u00e4sten\u201c, so Lippert zu seiner neuen tempor\u00e4ren Aufgabe.<\/p>\n<div class=\"paragraph \" style=\"text-align: justify;\">\n<p class=\"text\">Welche prominenten Moderatorinnen und Moderatoren, Schauspielerinnen und Schauspieler oder Comedians au\u00dferdem als Talkmasterinnen und Talkmaster im \u201eRiverboat\u201c zu sehen sein werden, wird vorerst nicht verraten. Das Geheimnis der n\u00e4chsten Co-Moderation wird jeweils am Ende einer Sendung mit Kim Fisher und J\u00f6rg Kachelmann gel\u00fcftet.<\/p>\n<\/div>\n<div class=\"paragraph \" style=\"text-align: justify;\">\n<p class=\"text\">Kim Fisher zum neuen Konzept: \u201eMit J\u00f6rg Kachelmann habe ich ja eigentlich meinen Traum-Arbeitspartner gefunden \u2013 aber auch die Idee, k\u00fcnftig alle zwei Wochen mit einem neuen Partner oder einer Partnerin in den Wohnzimmern unserer Zuschauerinnen und Zuschauer zu sitzen, finde ich sehr charmant. Das wird f\u00fcr uns alle jedes Mal eine tolle Wundert\u00fcte. Ich wei\u00df zwar nicht genau was es wird, wei\u00df aber sicher, dass es unterhaltsam wird. Perfekt also f\u00fcr eine Talkshow.\u00a0Um es mit Rudi Carrells Worten zu sagen: \u201aLass Dich \u00fcberraschen!\u2018\u201c<\/p>\n<\/div>\n<div class=\"paragraph \" style=\"text-align: justify;\">\n<p class=\"text\">MDR-Unterhaltungschef Peter Dreckmann konstatiert: \u201eSeit Januar 2019 f\u00fchren Kim Fisher und J\u00f6rg Kachelmann w\u00f6chentlich freitags mit gro\u00dfem Erfolg durch die Talkshow im MDR-Fernsehen. Im letzten Jahr\u00a0 verzeichnete die Sendung\u00a0 durchschnittlich \u00a0starke 17,5 Prozent\u00a0 Marktanteil im MDR-Sendegebiet \u2013 im November und Dezember lag die Zuschauerresonanz\u00a0 sogar\u00a0 \u00fcber 20 Prozent. Von\u00a0 der neuen Moderationskonstellation, den\u00a0 14-t\u00e4glich wechselnden Gastmoderatorinnen und -moderatoren, versprechen wir uns f\u00fcr den Talk facettenreiche Interviews. \u00dcberraschende Momente werden bei unserem Publikum f\u00fcr Gespr\u00e4chsstoff sorgen und\u00a0 das Format gewiss bereichern. Da ich die Konstellationen bereits kenne, kann ich versprechen, dass sich die Zuschauerinnen und Zuschauer auf unterhaltsame Fernsehmomente im \u201aRiverboat\u2018 freuen k\u00f6nnen.\u201c<\/p>\n<\/div>\n<div class=\"paragraph \" style=\"text-align: justify;\">\n<p class=\"text\">Moderator J\u00f6rg Kachelmann hatte Ende 2020 verk\u00fcndet, dass er k\u00fcnftig mehr Zeit in der Schweiz bei seiner Familie verbringen m\u00f6chte und aus diesem Grund etwas k\u00fcrzer treten wolle. Er ist ab dem 12. Februar weiterhin alle 14 Tage Gastgeber auf dem \u201eRiverboat\u201c.<\/p>\n<\/div>\n<div class=\"paragraph \" style=\"text-align: justify;\">\n<p class=\"text\">Am kommenden Freitag (5. Februar) begr\u00fc\u00dfen Kim Fisher und\u00a0 Wolfgang Lippert um 22 Uhr im MDR-Fernsehen folgende Talkg\u00e4ste: J\u00fcrgen Zartmann (Schauspieler), Simone Thomalla (Schauspielerin), Hans-J\u00fcrgen \u201eDixie\u201c D\u00f6rner (DDR-Fu\u00dfballlegende), Ina Paule Klink (Schauspielerin), Norbert &amp; Alexander Rier (Volksmusik- und Schlagerstars), Ren\u00e9 Pape (Opernstar) sowie Sylvia K\u00f6ppen (Bereichsleiterin der Intensivstation am Universit\u00e4tsklinikum Leipzig).<\/p>\n<\/div>\n<div class=\"paragraph \">\n<p class=\"text\" style=\"text-align: justify;\">Die Sendungen sind bis auf wenige Ausnahmen ein Jahr in der Mediathek abrufbar.<\/p>\n<\/div>\n","protected":false},"excerpt":{"rendered":"<p>J\u00f6rg Kachelmann\u00a0 wird, wie\u00a0 bereits im letzten Jahr angek\u00fcndigt, k\u00fcrzer treten und im w\u00f6chentlichen Wechsel den Talk wie gewohnt mit<\/p>\n","protected":false},"author":2,"featured_media":124721,"comment_status":"open","ping_status":"closed","sticky":false,"template":"","format":"standard","meta":{"_FSMCFIC_featured_image_caption":"","_FSMCFIC_featured_image_nocaption":"","_FSMCFIC_featured_image_hide":""},"categories":[28,128],"tags":[131],"acf":[],"_links":{"self":[{"href":"https:\/\/smago.de\/ws2\/wp-json\/wp\/v2\/posts\/161026"}],"collection":[{"href":"https:\/\/smago.de\/ws2\/wp-json\/wp\/v2\/posts"}],"about":[{"href":"https:\/\/smago.de\/ws2\/wp-json\/wp\/v2\/types\/post"}],"author":[{"embeddable":true,"href":"https:\/\/smago.de\/ws2\/wp-json\/wp\/v2\/users\/2"}],"replies":[{"embeddable":true,"href":"https:\/\/smago.de\/ws2\/wp-json\/wp\/v2\/comments?post=161026"}],"version-history":[{"count":1,"href":"https:\/\/smago.de\/ws2\/wp-json\/wp\/v2\/posts\/161026\/revisions"}],"predecessor-version":[{"id":161027,"href":"https:\/\/smago.de\/ws2\/wp-json\/wp\/v2\/posts\/161026\/revisions\/161027"}],"wp:featuredmedia":[{"embeddable":true,"href":"https:\/\/smago.de\/ws2\/wp-json\/wp\/v2\/media\/124721"}],"wp:attachment":[{"href":"https:\/\/smago.de\/ws2\/wp-json\/wp\/v2\/media?parent=161026"}],"wp:term":[{"taxonomy":"category","embeddable":true,"href":"https:\/\/smago.de\/ws2\/wp-json\/wp\/v2\/categories?post=161026"},{"taxonomy":"post_tag","embeddable":true,"href":"https:\/\/smago.de\/ws2\/wp-json\/wp\/v2\/tags?post=161026"}],"curies":[{"name":"wp","href":"https:\/\/api.w.org\/{rel}","templated":true}]}}