{"id":159928,"date":"2021-01-14T15:28:49","date_gmt":"2021-01-14T14:28:49","guid":{"rendered":"https:\/\/smago.de\/ws2\/?p=159928"},"modified":"2021-01-14T15:29:10","modified_gmt":"2021-01-14T14:29:10","slug":"dr-bob-sobald-impfstoff-verfuegbar-ist-wird-dem-virus-bald-die-luft-ausgehen","status":"publish","type":"post","link":"https:\/\/smago.de\/ws2\/smago-informiert\/dr-bob-sobald-impfstoff-verfuegbar-ist-wird-dem-virus-bald-die-luft-ausgehen\/","title":{"rendered":"&#8222;DR. BOB&#8220; <br>&#8222;Sobald Impfstoff verf\u00fcgbar ist, wird dem Virus bald die Luft ausgehen!&#8220;"},"content":{"rendered":"<p>Neue &#8222;Dschungelshow&#8220; ab Freitag (15.01.2021) \u2013 Dr. Bob im Interview!<br \/>\n<!--more--><\/p>\n<p>&nbsp;<\/p>\n<p>&nbsp;<\/p>\n<p>&nbsp;<\/p>\n<div class=\"content\" style=\"text-align: justify;\">\n<div class=\"textundbild\">\n<p>Zw\u00f6lf Kandidaten k\u00e4mpfen t\u00e4glich live ab Freitag, 15. Januar 2021, 22:15 Uhr, in der neuen 15-teiligen RTL-Event-Show &#8222;Ich bin ein Star \u2013 Die gro\u00dfe Dschungelshow&#8220; um das &#8222;Goldene Ticket&#8220; f\u00fcr die 15. Jubil\u00e4umsstaffel 2022 in Australien.<\/p>\n<p>Sonja Zietlow und Daniel Hartwich moderieren und Dr. Bob nimmt die Bewerber genau unter die Lupe.<\/p>\n<p>Im Interview spricht der Mann, dem die Kandidaten vertrauen \u00fcber Australien, Corona und das regul\u00e4re Dschungelcamp.<\/p>\n<\/div>\n<\/div>\n<p>&nbsp;<\/p>\n<p>&nbsp;<\/p>\n<p>&nbsp;<\/p>\n<p>&nbsp;<\/p>\n<div class=\"content\">\n<div class=\"textundbild\">\n<p style=\"text-align: justify;\"><strong><u>Dr. Bob im Interview:<\/u><\/strong><\/p>\n<\/div>\n<\/div>\n<p>&nbsp;<\/p>\n<p>&nbsp;<\/p>\n<p>&nbsp;<\/p>\n<div class=\"content\">\n<div class=\"textundbild\">\n<p style=\"text-align: justify;\"><strong>Wir kennen Dr. Bob aus dem australischen Dschungelcamp in Australien: Aber wie leben Sie in Down Under?<\/strong><\/p>\n<p style=\"text-align: justify;\">&#8222;Ich lebe in einem kleinen Dorf in Australien auf 13 Morgen Land, neben einem Fluss und mit vielen Wildtieren wie Wallabys, K\u00e4ngurus, Wombats, Schlangen und einer gro\u00dfen Anzahl von V\u00f6geln in meiner Umgebung.&#8220;<\/p>\n<p style=\"text-align: justify;\"><strong>Wie halten Sie sich fit? <\/strong><\/p>\n<p style=\"text-align: justify;\">&#8222;Ich mache t\u00e4glich mindestens eine Stunde sportliche \u00dcbungen und au\u00dferdem auch noch japanisches Bogenschie\u00dfen (KYUDO).&#8220;<\/p>\n<p style=\"text-align: justify;\"><strong>Was denken Sie \u00fcber die Corona-Pandemie? <\/strong><\/p>\n<p style=\"text-align: justify;\">&#8222;Es ist eine sehr extreme Art von Virus, aber solange wir uns alle an die Regeln halten und geimpft werden, sobald Impfstoff verf\u00fcgbar ist, wird dem Virus bald die Luft ausgehen.&#8220;<\/p>\n<p style=\"text-align: justify;\"><strong>Woher nehmen Sie in diesen schwierigen Corona-Zeiten die Kraft? <\/strong><\/p>\n<p style=\"text-align: justify;\">&#8222;Ich praktiziere seit meinem 13. Lebensjahr Kampfkunst und versuche so gut ich kann, immer das Beste von allem zu denken und positives Denken zu \u00fcben.&#8220;<\/p>\n<p style=\"text-align: justify;\"><strong>Was r\u00e4t Dr. Bob in der Corona-Zeit? <\/strong><\/p>\n<p style=\"text-align: justify;\">&#8222;Die Menschen m\u00fcssen ihre Gef\u00fchle mit ihrer Familie und mit Freunden offen und ehrlich teilen oder sich bei Bedarf professionell beraten lassen: Wir alle sind von diesem Virus betroffen, auch wenn wir ihn selbst nie bekommen.&#8220;<\/p>\n<p style=\"text-align: justify;\"><strong>Was haben Sie gedacht, als das australische &#8222;Dschungelcamp&#8220; auf 2022 verschoben wurde? <\/strong><\/p>\n<p style=\"text-align: justify;\">&#8222;Ich hatte das wegen der Corona-Pandemie bereits vermutet.&#8220;<\/p>\n<p style=\"text-align: justify;\"><strong>N\u00e4chstes Jahr findet die 15-j\u00e4hrige Jubil\u00e4umssaison des Dschungelcamps in Australien statt. Sie waren von Anfang dabei. Herzlichen Gl\u00fcckwunsch! Was ist f\u00fcr Sie das Besondere an der Show? <\/strong><\/p>\n<p style=\"text-align: justify;\">&#8222;Ja, es wird eine gro\u00dfartige 15. Jubil\u00e4umsstaffel 2022 in Australien! Wir haben zu Beginn versucht, etwas zu kreieren, was noch nie jemand zuvor gemacht hat. Und selbst wenn einige Fans immer noch glauben, dass wir die Show in einem Studio drehen, wir sind wirklich im realen australischen Dschungel. Es ist wunderbar und so sch\u00f6n, in dieser Natur zu arbeiten. Und im Laufe der Jahre habe ich besonders mit der deutschen Crew viele Freundschaften geschlossen. Wir sind alle zu einer riesigen Familie geworden.&#8220;<\/p>\n<p style=\"text-align: justify;\"><strong>Was ist Ihr pers\u00f6nliches Highlight aus 14. Staffel Dschungelcamp? <\/strong><\/p>\n<p style=\"text-align: justify;\">&#8222;Der Dschungelk\u00f6nig 2020 Prince Damien. Er war von Anfang an fantastisch. Im Finale holte er flirtend, schreiend, quiekend vier Sterne und setzte sich gegen Danni B\u00fcchner und Sven Ottke durch. Er wurde auf ein &#8222;Ungl\u00fccksrad&#8220;, eine schwingende Drehscheibe geschnallt, an einem Arm gefesselt und musste mit einem Kn\u00fcppel &#8222;Pi\u00f1atas&#8220; zerschlagen. Und als er die &#8222;Pi\u00f1atas&#8220; nach mexikanischer Art zerschlug, die mit Dschungelschlotze, Kakerlaken und anderen Dschungelspezialit\u00e4ten gef\u00fcllt waren und danach in einer Dschungel-Ekel-Melange lag, da wusste ich, dass er gewinnen w\u00fcrde. Weil er immer noch l\u00e4cheln konnte.&#8220;<\/p>\n<p style=\"text-align: justify;\"><strong>2021 gibt es jetzt eine neue &#8222;Dschungelshow&#8220; in Deutschland. Wie finden Sie das?<\/strong><\/p>\n<p style=\"text-align: justify;\">&#8222;In Anbetracht dessen, was wir in der Welt im vergangenen Jahr durchgemacht haben, finde ich diese Show in Deutschland eine fantastische Idee.&#8220;<\/p>\n<p style=\"text-align: justify;\"><strong>Freuen Sie sich, wieder in Deutschland zu sein? <\/strong><\/p>\n<p style=\"text-align: justify;\">&#8222;Ja, ich liebe es, in Deutschland zu sein. Gute Freunde treffen und neue zu finden. Wenn Sie mich also in K\u00f6ln herumlaufen sehen, seien Sie nicht sch\u00fcchtern, sagen Sie Hallo zu mir\u2026&#8220;<\/p>\n<p style=\"text-align: justify;\"><strong>Worauf d\u00fcrfen wir uns in der neuen &#8222;Dschungelshow&#8220; freuen? <\/strong><\/p>\n<p style=\"text-align: justify;\">&#8222;Es wird sehr viele \u00dcberraschungen geben.&#8220;<\/p>\n<p style=\"text-align: justify;\"><strong>Was gibt es sonst noch Neues von Dr. Bob? <\/strong><\/p>\n<p style=\"text-align: justify;\">&#8222;Nicht viel, ich werde jedes Jahr ein bisschen \u00e4lter und ich liebe das Leben und was mir jeder Tag bietet.&#8220;<\/p>\n<p style=\"text-align: justify;\"><strong>Was m\u00f6chten Sie Ihren deutschen Fans sagen? <\/strong><\/p>\n<p style=\"text-align: justify;\">&#8222;Ich w\u00fcnschte, ich k\u00f6nnte jeden treffen. Schalten Sie ab Freitag die neue Dschungelshow ein, es wird gro\u00dfartig und ich werde endlich wieder meine Freunde Sonja Zietlow und Daniel Hartwich treffen sowie viele andere ehemalige und neue Kandidaten.&#8220;<\/p>\n<\/div>\n<\/div>\n<p>&nbsp;<\/p>\n<p>&nbsp;<\/p>\n<figure id=\"attachment_159929\" aria-describedby=\"caption-attachment-159929\" style=\"width: 800px\" class=\"wp-caption alignnone\"><img decoding=\"async\" loading=\"lazy\" class=\"size-nerubian-single wp-image-159929\" src=\"https:\/\/smago.de\/ws2\/wp-content\/uploads\/2021\/01\/1751317-870x489.jpg\" alt=\"\" width=\"800\" height=\"450\" srcset=\"https:\/\/smago.de\/ws2\/wp-content\/uploads\/2021\/01\/1751317-870x489.jpg 870w, https:\/\/smago.de\/ws2\/wp-content\/uploads\/2021\/01\/1751317-522x294.jpg 522w, https:\/\/smago.de\/ws2\/wp-content\/uploads\/2021\/01\/1751317-800x450.jpg 800w, https:\/\/smago.de\/ws2\/wp-content\/uploads\/2021\/01\/1751317-267x150.jpg 267w, https:\/\/smago.de\/ws2\/wp-content\/uploads\/2021\/01\/1751317-768x432.jpg 768w, https:\/\/smago.de\/ws2\/wp-content\/uploads\/2021\/01\/1751317-1536x864.jpg 1536w, https:\/\/smago.de\/ws2\/wp-content\/uploads\/2021\/01\/1751317-2048x1152.jpg 2048w, https:\/\/smago.de\/ws2\/wp-content\/uploads\/2021\/01\/1751317-392x220.jpg 392w, https:\/\/smago.de\/ws2\/wp-content\/uploads\/2021\/01\/1751317-130x73.jpg 130w, https:\/\/smago.de\/ws2\/wp-content\/uploads\/2021\/01\/1751317-791x445.jpg 791w, https:\/\/smago.de\/ws2\/wp-content\/uploads\/2021\/01\/1751317-292x164.jpg 292w, https:\/\/smago.de\/ws2\/wp-content\/uploads\/2021\/01\/1751317-435x245.jpg 435w, https:\/\/smago.de\/ws2\/wp-content\/uploads\/2021\/01\/1751317-895x503.jpg 895w\" sizes=\"(max-width: 800px) 100vw, 800px\" \/><figcaption id=\"caption-attachment-159929\" class=\"wp-caption-text\"><em>Foto-Credit: TVNOW \/ Stefan Menne<\/em><\/figcaption><\/figure>\n","protected":false},"excerpt":{"rendered":"<p>Neue &#8222;Dschungelshow&#8220; ab Freitag (15.01.2021) \u2013 Dr. Bob im Interview!<\/p>\n","protected":false},"author":2,"featured_media":159929,"comment_status":"open","ping_status":"closed","sticky":false,"template":"","format":"standard","meta":{"_FSMCFIC_featured_image_caption":"","_FSMCFIC_featured_image_nocaption":"","_FSMCFIC_featured_image_hide":""},"categories":[33,128],"tags":[758],"acf":[],"_links":{"self":[{"href":"https:\/\/smago.de\/ws2\/wp-json\/wp\/v2\/posts\/159928"}],"collection":[{"href":"https:\/\/smago.de\/ws2\/wp-json\/wp\/v2\/posts"}],"about":[{"href":"https:\/\/smago.de\/ws2\/wp-json\/wp\/v2\/types\/post"}],"author":[{"embeddable":true,"href":"https:\/\/smago.de\/ws2\/wp-json\/wp\/v2\/users\/2"}],"replies":[{"embeddable":true,"href":"https:\/\/smago.de\/ws2\/wp-json\/wp\/v2\/comments?post=159928"}],"version-history":[{"count":2,"href":"https:\/\/smago.de\/ws2\/wp-json\/wp\/v2\/posts\/159928\/revisions"}],"predecessor-version":[{"id":159931,"href":"https:\/\/smago.de\/ws2\/wp-json\/wp\/v2\/posts\/159928\/revisions\/159931"}],"wp:featuredmedia":[{"embeddable":true,"href":"https:\/\/smago.de\/ws2\/wp-json\/wp\/v2\/media\/159929"}],"wp:attachment":[{"href":"https:\/\/smago.de\/ws2\/wp-json\/wp\/v2\/media?parent=159928"}],"wp:term":[{"taxonomy":"category","embeddable":true,"href":"https:\/\/smago.de\/ws2\/wp-json\/wp\/v2\/categories?post=159928"},{"taxonomy":"post_tag","embeddable":true,"href":"https:\/\/smago.de\/ws2\/wp-json\/wp\/v2\/tags?post=159928"}],"curies":[{"name":"wp","href":"https:\/\/api.w.org\/{rel}","templated":true}]}}