{"id":159834,"date":"2021-01-14T00:00:03","date_gmt":"2021-01-13T23:00:03","guid":{"rendered":"https:\/\/smago.de\/ws2\/?p=159834"},"modified":"2021-01-13T23:08:53","modified_gmt":"2021-01-13T22:08:53","slug":"howard-carpendale-heute-beginnt-der-rest-meines-lebens","status":"publish","type":"post","link":"https:\/\/smago.de\/ws2\/uncategorized\/howard-carpendale-heute-beginnt-der-rest-meines-lebens\/","title":{"rendered":"HOWARD CARPENDALE <br>\u201eHeute beginnt der Rest meines Lebens\u201c:"},"content":{"rendered":"<p>Zum 75. Geburtstag des Schlagerk\u00f6nigs pr\u00e4sentiert GoldStar TV am 16.01.2021 ab 16:30 Uhr eine Sonderprogrammierung mit Howard Carpendale!<br \/>\n<!--more--><\/p>\n<p>&nbsp;<\/p>\n<p>&nbsp;<\/p>\n<p style=\"text-align: justify;\">Mit &#8222;Das sch\u00f6ne M\u00e4dchen von Seite eins&#8220; und dem Sieg beim Deutschen Schlagerwettbewerb 1970 kam die fantastische Karriere von HOWARD CARPENDALE so richtig in Gang.<\/p>\n<p style=\"text-align: justify;\">Heute (14.01.2021) vor 75 Jahren wurde er im s\u00fcdafrikanischen Durban geboren, kam in den 60ern nach Europa und ist bis heute einer der beliebtesten Musiker im deutschsprachigen Raum.<\/p>\n<p style=\"text-align: justify;\">Im Interview mit GoldStar TV verr\u00e4t der geb\u00fcrtige S\u00fcdafrikaner, was er sich dieses Jahr zum Geburtstag w\u00fcnscht: <em>\u201eIch h\u00e4tte gerne, dass es weiter geht, wie es letztes Jahr weitergegangen ist und das f\u00fchlt sich nicht nach 75 an.\u201c<\/em><\/p>\n<p style=\"text-align: justify;\">Erst vergangenes Jahr brachte Howard Carpendale das Album \u201eSymphonie meines Lebens\u201c raus, welches in Zusammenarbeit mit dem Royal Philharmonic Orchestra entstand. Diese gl\u00fcckliche Verbindung sch\u00e4tzt Howard sehr:<em> \u201eEs gibt nur zwei K\u00fcnstler, die jemals mehr als zwei Alben mit diesem Orchester gemacht haben, und dass ich einer davon bin, ist eine gro\u00dfe Ehre.\u201c<\/em><\/p>\n<p style=\"text-align: justify;\">Im Oktober vergangenen Jahres folgte der zweite Teil des Albums, der sich der gleichen positiven Resonanz erfreute.<\/p>\n<p style=\"text-align: justify;\">Genauso positiv ist auch der K\u00fcnstler selbst.<em> \u201eHeute beginnt der Rest meines Lebens\u201c,<\/em> sagt Howard Carpendale mit einem L\u00e4cheln in der Stimme. Das ist sein Lebensmotto.<\/p>\n<p style=\"text-align: justify;\">Auf viele weitere Jahre voller positiver Energie und Erfolg! GoldStar TV w\u00fcnscht nur das Beste f\u00fcrs neue Lebensjahr!<span class=\"Apple-converted-space\">\u00a0<\/span><\/p>\n<p style=\"text-align: justify;\"><strong>Die gesamte Programmierung in der \u00dcbersicht:<span class=\"Apple-converted-space\">\u00a0<\/span><\/strong><\/p>\n<p style=\"text-align: justify;\">16.01., 16:30 Uhr: \u201eHoward Carpendale in Concert: Das Finale\u201c<span class=\"Apple-converted-space\">\u00a0<\/span><\/p>\n<p style=\"text-align: justify;\">16.01., 18:00 Uhr: \u201eHoward Carpendale im Interview\u201c<span class=\"Apple-converted-space\">\u00a0<\/span><\/p>\n<p style=\"text-align: justify;\">16.01., 18:30 Uhr: \u201eHoward Carpendale in Concert: Alles OK\u201c<span class=\"Apple-converted-space\">\u00a0<\/span><\/p>\n<p style=\"text-align: justify;\">16.01., 20:00 Uhr: \u201eAlles Liebe V.I.P. \u2013 Howard Carpendale\u201c<span class=\"Apple-converted-space\">\u00a0<\/span><\/p>\n<p style=\"text-align: justify;\">16.01., 21:00 Uhr: \u201eUnsere Stars! Howard Carpendale\u201c<span class=\"Apple-converted-space\">\u00a0<\/span><\/p>\n<p style=\"text-align: justify;\"><b>\u00dcber GoldStar TV:<span class=\"Apple-converted-space\">\u00a0<\/span><\/b><\/p>\n<p style=\"text-align: justify;\">Auf GoldStar TV sind die Stars der Schlagerwelt zu Hause. Hier findet eines der wandlungsf\u00e4higsten Musikgenres einen Fernsehsender, der den Fans die kultverd\u00e4chtigen Hits der 1960er und 70er Jahre, die Glanzlichter der Neuen Deutschen Welle aus den 80ern und die gro\u00dfen Showstars von heute zeigt. Ob spannende Reportagen und private Portraits, die die Stars auch abseits der gro\u00dfen B\u00fchne zeigen oder mitrei\u00dfende Konzerte \u2013 auf GoldStar TV wird den Zuschauern 24 Stunden Top-Programm geboten. Betrieben wird GoldStar TV von der Mainstream Media AG.<span class=\"Apple-converted-space\">\u00a0<\/span><\/p>\n","protected":false},"excerpt":{"rendered":"<p>Zum 75. Geburtstag des Schlagerk\u00f6nigs pr\u00e4sentiert GoldStar TV am 16.01.2021 ab 16:30 Uhr eine Sonderprogrammierung mit Howard Carpendale!<\/p>\n","protected":false},"author":2,"featured_media":153726,"comment_status":"open","ping_status":"closed","sticky":false,"template":"","format":"standard","meta":{"_FSMCFIC_featured_image_caption":"","_FSMCFIC_featured_image_nocaption":"","_FSMCFIC_featured_image_hide":""},"categories":[1],"tags":[49],"acf":[],"_links":{"self":[{"href":"https:\/\/smago.de\/ws2\/wp-json\/wp\/v2\/posts\/159834"}],"collection":[{"href":"https:\/\/smago.de\/ws2\/wp-json\/wp\/v2\/posts"}],"about":[{"href":"https:\/\/smago.de\/ws2\/wp-json\/wp\/v2\/types\/post"}],"author":[{"embeddable":true,"href":"https:\/\/smago.de\/ws2\/wp-json\/wp\/v2\/users\/2"}],"replies":[{"embeddable":true,"href":"https:\/\/smago.de\/ws2\/wp-json\/wp\/v2\/comments?post=159834"}],"version-history":[{"count":2,"href":"https:\/\/smago.de\/ws2\/wp-json\/wp\/v2\/posts\/159834\/revisions"}],"predecessor-version":[{"id":159836,"href":"https:\/\/smago.de\/ws2\/wp-json\/wp\/v2\/posts\/159834\/revisions\/159836"}],"wp:featuredmedia":[{"embeddable":true,"href":"https:\/\/smago.de\/ws2\/wp-json\/wp\/v2\/media\/153726"}],"wp:attachment":[{"href":"https:\/\/smago.de\/ws2\/wp-json\/wp\/v2\/media?parent=159834"}],"wp:term":[{"taxonomy":"category","embeddable":true,"href":"https:\/\/smago.de\/ws2\/wp-json\/wp\/v2\/categories?post=159834"},{"taxonomy":"post_tag","embeddable":true,"href":"https:\/\/smago.de\/ws2\/wp-json\/wp\/v2\/tags?post=159834"}],"curies":[{"name":"wp","href":"https:\/\/api.w.org\/{rel}","templated":true}]}}