{"id":159821,"date":"2021-01-13T16:03:11","date_gmt":"2021-01-13T15:03:11","guid":{"rendered":"https:\/\/smago.de\/ws2\/?p=159821"},"modified":"2021-01-13T16:03:31","modified_gmt":"2021-01-13T15:03:31","slug":"smago-informiert-defa-75","status":"publish","type":"post","link":"https:\/\/smago.de\/ws2\/ost-schlager\/smago-informiert-defa-75\/","title":{"rendered":"smago! INFORMIERT <br>\u201eDEFA 75\u201c:"},"content":{"rendered":"<p>Immer freitags DEFA-Legenden im MDR FERNSEHEN!<br \/>\n<!--more--><\/p>\n<p>&nbsp;<\/p>\n<p>&nbsp;<\/p>\n<p>&nbsp;<\/p>\n<p style=\"text-align: justify;\">Am 17. Mai 2021 j\u00e4hrt sich der Gr\u00fcndungstag der DEFA zum 75. Mal. Dieses Jubil\u00e4um nimmt der MDR zum Anlass und sendet im Festjahr immer freitags, direkt nach dem \u201eRiverboat\u201c, eine DEFA-Produktion im MDR-Fernsehen und im Anschluss in der ARD Mediathek. Los geht\u2019s am 15. Januar 2021 mit \u201eSpur der Steine\u201c.<\/p>\n<p style=\"text-align: justify;\">\u201eDie DEFA-Kino- und Fernsehproduktionen sind \u2013 neben allem k\u00fcnstlerischem Ausdruck und Anspruch \u2013 vor allem zeithistorische Dokumente, die einerseits auf unterhaltsame und anschauliche Art und Weise Geschichte erz\u00e4hlen und andererseits die Zuschauer \u00fcber die Gegenwart reflektieren lassen k\u00f6nnen\u201c, betont Daniela Adomat, Redaktionsleiterin Lizenzen, Film und Serie beim MDR. \u201eEbenso sind die DEFA-Filme sehr gut geeignet, auch ein j\u00fcngeres Publikum, das die DDR-Zeit gar nicht mehr aus eigener Anschauung kennt, mit der damaligen Lebenswirklichkeit in Kontakt zu bringen\u201c, begr\u00fcndet Adomat das Engagement des MDR, DEFA-Produktionen stetig einer breiten \u00d6ffentlichkeit zug\u00e4nglich zu machen und damit das DEFA-Erbe zu bewahren.<\/p>\n<p>&nbsp;<\/p>\n<p>&nbsp;<\/p>\n<p>&nbsp;<\/p>\n<p>&nbsp;<\/p>\n<div class=\"paragraph \" style=\"text-align: justify;\">\n<p class=\"text\"><strong>DEFA-Produktionen im MDR-Fernsehen und in der ARD Mediathek<\/strong><\/p>\n<\/div>\n<p>&nbsp;<\/p>\n<p>&nbsp;<\/p>\n<div class=\"paragraph \" style=\"text-align: justify;\">\n<p class=\"text\">Folgende DEFA-Produktionen sind im MDR-Fernsehen immer freitags nach dem \u201eRiverboat\u201c um 00.00 Uhr zu sehen (beispielhaft aufgelistet bis M\u00e4rz):<\/p>\n<\/div>\n<div class=\"paragraph \" style=\"text-align: justify;\">\n<p class=\"text\">15. Januar: \u201eSpur der Steine\u201c<\/p>\n<\/div>\n<div class=\"paragraph \" style=\"text-align: justify;\">\n<p class=\"text\">22. Januar: \u201eDie Legende von Paul und Paula\u201c<\/p>\n<\/div>\n<div class=\"paragraph \" style=\"text-align: justify;\">\n<p class=\"text\">29. Januar: \u201eJakob der L\u00fcgner\u201c<\/p>\n<\/div>\n<div class=\"paragraph \" style=\"text-align: justify;\">\n<p class=\"text\">05. Februar: \u201eAnton der Zauberer\u201c<\/p>\n<\/div>\n<div class=\"paragraph \" style=\"text-align: justify;\">\n<p class=\"text\">19. Februar: \u201eUnser kurzes Leben\u201c<\/p>\n<\/div>\n<div class=\"paragraph \" style=\"text-align: justify;\">\n<p class=\"text\">26. Februar: \u201eIch war neunzehn\u201c<\/p>\n<\/div>\n<div class=\"paragraph \" style=\"text-align: justify;\">\n<p class=\"text\">05. M\u00e4rz: \u201eKarla\u201c<\/p>\n<\/div>\n<div class=\"paragraph \" style=\"text-align: justify;\">\n<p class=\"text\">12. M\u00e4rz: \u201eSabine Wulff\u201c<\/p>\n<\/div>\n<div class=\"paragraph \" style=\"text-align: justify;\">\n<p class=\"text\">19. M\u00e4rz: \u201eJunge Frau von 1914\u201c<\/p>\n<\/div>\n<div class=\"paragraph \" style=\"text-align: justify;\">\n<p class=\"text\">26. M\u00e4rz: \u201eDie gefrorenen Blitze\u201c<\/p>\n<\/div>\n<div class=\"paragraph \" style=\"text-align: justify;\">\n<p class=\"text\">Im April werden unter anderem \u201eNackt unter W\u00f6lfen\u201c, \u201eDie Russen kommen\u201c sowie \u201eMeine Stunde Null\u201c zu sehen sein.<\/p>\n<\/div>\n<div class=\"paragraph \" style=\"text-align: justify;\">\n<p class=\"text\">Die Filme k\u00f6nnen nach ihrer Ausstrahlung 30 Tage in der ARD Mediathek abgerufen werden (Ausnahme: \u201eUnser kurzes Leben\u201c steht sieben Tage im Anschluss zur Verf\u00fcgung).<\/p>\n<\/div>\n<div class=\"paragraph \" style=\"text-align: justify;\">\n<p class=\"text\">Dar\u00fcber hinaus werden DEFA-Produktionen auch weiterhin auf anderen Sendepl\u00e4tzen im MDR-Fernsehen ausgestrahlt.<\/p>\n<\/div>\n<p>&nbsp;<\/p>\n<p>&nbsp;<\/p>\n<p>&nbsp;<\/p>\n<p>&nbsp;<\/p>\n<div class=\"paragraph \" style=\"text-align: justify;\">\n<p class=\"text\"><strong>Kooperation mit DEFA-Stiftung<\/strong><\/p>\n<\/div>\n<p>&nbsp;<\/p>\n<p>&nbsp;<\/p>\n<div class=\"paragraph \" style=\"text-align: justify;\">\n<p class=\"text\">Im Jubil\u00e4umsjahr sind au\u00dferdem drei Kino-Vorf\u00fchrungen und Diskussionsrunden in Zusammenarbeit mit der DEFA-Stiftung angedacht. Sofern es coronabedingt m\u00f6glich sein wird, soll zu drei Kino-Veranstaltungen in Sachsen, Sachsen-Anhalt und Th\u00fcringen geladen werden. \u201eHier wollen wir im Dialog mit dem Publikum erforschen, wie viel Aktualit\u00e4t heute immer noch in den jahrzehntealten DEFA-Produktionen steckt\u201c, so Adomat. Die pr\u00e4sentierten Filme werden sp\u00e4ter auch im MDR-Fernsehen zu sehen sein \u2013 unter anderem \u201eTanz auf der Kippe\u201c, eine MDR-TV-Premiere.<\/p>\n<\/div>\n<p>&nbsp;<\/p>\n<p>&nbsp;<\/p>\n<p>&nbsp;<\/p>\n<p>&nbsp;<\/p>\n<div class=\"paragraph \" style=\"text-align: justify;\">\n<p class=\"text\"><strong>\u201e75 Jahre DEFA\u201c im Netz<\/strong><\/p>\n<\/div>\n<p>&nbsp;<\/p>\n<p>&nbsp;<\/p>\n<div class=\"paragraph \" style=\"text-align: justify;\">\n<p class=\"text\">Zum Thema \u201e75 Jahre DEFA\u201c bietet MDR KULTUR im Netz ein umfangreiches Dossier zum Nachlesen und H\u00f6ren an. Und auch ein Blick in die ARD-Audiothek lohnt sich:<\/p>\n<\/div>\n<p>&nbsp;<\/p>\n<p>&nbsp;<\/p>\n<p>&nbsp;<\/p>\n<div class=\"paragraph \" style=\"text-align: justify;\">\n<p class=\"text\"><a title=\"Link Portr\u00e4t Wolfgang Kohlhaase\" href=\"https:\/\/www.mdr.de\/kultur\/literatur\/wolfgang-kohlhaase-portraet-100.html\"><strong>www.mdr.de\/kultur\/literatur\/wolfgang-kohlhaase-portraet-100.html<\/strong><\/a><\/p>\n<\/div>\n<div class=\"paragraph \" style=\"text-align: justify;\">\n<p class=\"text\"><a title=\"Link DEFA-Filme in Kinos\" href=\"https:\/\/www.mdr.de\/kultur\/defa-filme-in-kinos-100.html\"><strong>www.mdr.de\/kultur\/defa-filme-in-kinos-100.html<\/strong><\/a><\/p>\n<\/div>\n<div class=\"paragraph \">\n<p class=\"text\" style=\"text-align: justify;\"><a title=\"Link ARD Audiothek 75 Jahre DEFA Geschichte\" href=\"https:\/\/www.ardaudiothek.de\/gespraeche\/75-jahre-defa-geschichte-und-erbe-der-ddr-filmgesellschaft\/83541970\"><strong>www.ardaudiothek.de\/gespraeche\/75-jahre-defa-geschichte-und-erbe-der-ddr-filmgesellschaft\/83541970<\/strong><\/a><\/p>\n<\/div>\n","protected":false},"excerpt":{"rendered":"<p>Immer freitags DEFA-Legenden im MDR FERNSEHEN!<\/p>\n","protected":false},"author":2,"featured_media":159822,"comment_status":"open","ping_status":"closed","sticky":false,"template":"","format":"standard","meta":{"_FSMCFIC_featured_image_caption":"","_FSMCFIC_featured_image_nocaption":"","_FSMCFIC_featured_image_hide":""},"categories":[25,128],"tags":[1890,60],"acf":[],"_links":{"self":[{"href":"https:\/\/smago.de\/ws2\/wp-json\/wp\/v2\/posts\/159821"}],"collection":[{"href":"https:\/\/smago.de\/ws2\/wp-json\/wp\/v2\/posts"}],"about":[{"href":"https:\/\/smago.de\/ws2\/wp-json\/wp\/v2\/types\/post"}],"author":[{"embeddable":true,"href":"https:\/\/smago.de\/ws2\/wp-json\/wp\/v2\/users\/2"}],"replies":[{"embeddable":true,"href":"https:\/\/smago.de\/ws2\/wp-json\/wp\/v2\/comments?post=159821"}],"version-history":[{"count":2,"href":"https:\/\/smago.de\/ws2\/wp-json\/wp\/v2\/posts\/159821\/revisions"}],"predecessor-version":[{"id":159824,"href":"https:\/\/smago.de\/ws2\/wp-json\/wp\/v2\/posts\/159821\/revisions\/159824"}],"wp:featuredmedia":[{"embeddable":true,"href":"https:\/\/smago.de\/ws2\/wp-json\/wp\/v2\/media\/159822"}],"wp:attachment":[{"href":"https:\/\/smago.de\/ws2\/wp-json\/wp\/v2\/media?parent=159821"}],"wp:term":[{"taxonomy":"category","embeddable":true,"href":"https:\/\/smago.de\/ws2\/wp-json\/wp\/v2\/categories?post=159821"},{"taxonomy":"post_tag","embeddable":true,"href":"https:\/\/smago.de\/ws2\/wp-json\/wp\/v2\/tags?post=159821"}],"curies":[{"name":"wp","href":"https:\/\/api.w.org\/{rel}","templated":true}]}}