{"id":159412,"date":"2021-01-06T20:49:52","date_gmt":"2021-01-06T19:49:52","guid":{"rendered":"https:\/\/smago.de\/ws2\/?p=159412"},"modified":"2021-01-06T20:50:03","modified_gmt":"2021-01-06T19:50:03","slug":"neon-am-15-01-2021-erscheint-ihr-neuer-song-planetenhaft","status":"publish","type":"post","link":"https:\/\/smago.de\/ws2\/uncategorized\/neon-am-15-01-2021-erscheint-ihr-neuer-song-planetenhaft\/","title":{"rendered":"NEON <br>Am 15.01.2021 erscheint ihr neuer Song &#8222;Planetenhaft&#8220;!"},"content":{"rendered":"<p style=\"text-align: justify;\">&#8222;Planetenhaft&#8220;: NEON startet mit einem \u201euniversalen\u201c Knall ins Jahr 2021!<br \/>\n<!--more--><\/p>\n<p>&nbsp;<\/p>\n<p style=\"text-align: justify;\">\n<p style=\"text-align: justify;\">Die Motivation ist gro\u00df, die Taktung bewusst hoch: Nach \u201ePhantombild\u201c und \u201eSupergut\u201c folgt mit \u201ePlanetenhaft\u201c nun bereits die dritte NEON-Single innerhalb von nur vier Monaten. \u201eWir wollen um jeden Preis die harte Zeit der B\u00fchnenabstinenz aktiv nutzen und unsere Verbindung zum Publikum \u00fcber die Ver\u00f6ffentlichungen neuer Titel sichern\u201c, so die beiden Jungs von NEON. Gerade\u00a0in Krisenzeiten fokussieren Tom und Andi ihre Kr\u00e4fte nun mit Hochdruck, Flei\u00df und ungebremstem Engagement auf neue Projekte. Neben \u00e4u\u00dferst vielversprechenden, zukunftsorientierten und bereits unterschriftsreifen Label- Verhandlungen steht dabei nat\u00fcrlich die Entwicklung neuer, musikalischer Ideen im Vordergrund.<\/p>\n<p style=\"text-align: justify;\">Obwohl unser Sonnensystem ganze acht Planeten besitzt, gibt es im gesamten Kosmos dennoch nur ein derart \u201eleuchtendes Duo\u201c: Deshalb ist es auch nicht verwunderlich, dass eine so auff\u00e4llige und eher ungew\u00f6hnliche Wortsch\u00f6pfung wie \u201ePlanetenhaft\u201c im NEON-Team sofort auf offene Ohren stie\u00df. W\u00e4hrend Planeten bekannterma\u00dfen ihre Umlaufbahnen dominieren, so geben coole\u00a080er-Elemente kombiniert mit dem unverwechselbaren, mehrstimmigen Gesang der beiden Jungs bei diesem neuen Titel buchst\u00e4blich den Ton an. Dies schlie\u00dft den Kreis zum musikalisch \u00e4hnlich angelegten Erfolg \u201ePhantombild\u201c (9\/2020). Dies liegt ma\u00dfgeblich an der unverkennbaren, musikalischen Handschrift von Produzent Tim Peters, der bei \u201ePlanetenhaft\u201c mal wieder<br \/>\nsouver\u00e4n und zeitgem\u00e4\u00df sein K\u00f6nnen gezeigt hat.<\/p>\n<p style=\"text-align: justify;\">So wie \u201ePlanet\u201c im Wortsinn \u201eWanderer\u201c bedeutet, sind auch die Jungs von Neon stets umtriebig und alles andere als unt\u00e4tig. Es gilt auch in schwierigen Zeiten an zur\u00fcckliegende Erfolge anzukn\u00fcpfen und den erarbeiteten Status entgegen aller Widrigkeiten nicht nur aufrecht zu erhalten, sondern noch weiter auszubauen. \u201eDie H\u00e4nde in den Scho\u00df zu legen, ist nicht unsere Art\u201c, h\u00f6rt man es in den zahlreichen Online-Interviews schwungvoll t\u00f6nen, die Tom und Andi aktuell immer wieder \u00fcber die sozialen Netzwerke mit inzwischen beachtlicher Reichweite geben. So wurde beispielsweise das letzte Streaming-Konzert von NEON allein bei Facebook mehr als 24.000 Mal aufgerufen. Sowohl f\u00fcr die Fachwelt als auch f\u00fcr die Fans ist NEON inzwischen ein fester Bestandteil der\u00a0Schlagerszene geworden. Insgesamt gut zwei Millionen Views auf YouTube beweisen Akzeptanz und Potenzial gleicherma\u00dfen wie eindr\u00fccklich.<\/p>\n<p style=\"text-align: justify;\">Die beiden sympathischen, stets optimistischen Freunde aus dem Ruhrgebiet haben in den letzten Jahren nicht nur bereits zwei Alben ver\u00f6ffentlicht, sie standen auch auf den gr\u00f6\u00dften B\u00fchnen der Schlagerwelt. Gerade deshalb nehmen sie die bisher erarbeiteten Meilensteine und namhaften, gewonnen Titel wie \u201eOl\u00e9-Party-Entertainer\u201c (Markus Krampe\/Pro Event), \u201eBand des Jahres\u201c (<a href=\"http:\/\/schlager.de\/\">Schlager.de<\/a>), \u201eK\u00fcnstler des Jahres\u201c (<a href=\"http:\/\/sonnenklar.tv\/\">Sonnenklar.tv<\/a>) etc. zum Anlass, nun erst recht und verst\u00e4rkt Gas zu geben, um mit ihrer positiven und energiegeladenen Art noch mehr Fans in die Anziehungskraft der sprichw\u00f6rtlichen NEONUmlaufbahn zu ziehen.<\/p>\n<p style=\"text-align: justify;\">Text und Musik: Daniel Gogolla und Florian Br\u00fcckl. Produktion: Tim Peters und Florian Br\u00fcckl. Die Single erscheint am 15.01.2021 vial \u201eVIA Music\u201c im Vertrieb der Electrola \u2013 a Division of Universal Music GmbH.<\/p>\n","protected":false},"excerpt":{"rendered":"<p>&#8222;Planetenhaft&#8220;: NEON startet mit einem \u201euniversalen\u201c Knall ins Jahr 2021!<\/p>\n","protected":false},"author":2,"featured_media":159413,"comment_status":"open","ping_status":"closed","sticky":false,"template":"","format":"standard","meta":{"_FSMCFIC_featured_image_caption":"","_FSMCFIC_featured_image_nocaption":"","_FSMCFIC_featured_image_hide":""},"categories":[1],"tags":[569],"acf":[],"_links":{"self":[{"href":"https:\/\/smago.de\/ws2\/wp-json\/wp\/v2\/posts\/159412"}],"collection":[{"href":"https:\/\/smago.de\/ws2\/wp-json\/wp\/v2\/posts"}],"about":[{"href":"https:\/\/smago.de\/ws2\/wp-json\/wp\/v2\/types\/post"}],"author":[{"embeddable":true,"href":"https:\/\/smago.de\/ws2\/wp-json\/wp\/v2\/users\/2"}],"replies":[{"embeddable":true,"href":"https:\/\/smago.de\/ws2\/wp-json\/wp\/v2\/comments?post=159412"}],"version-history":[{"count":2,"href":"https:\/\/smago.de\/ws2\/wp-json\/wp\/v2\/posts\/159412\/revisions"}],"predecessor-version":[{"id":159415,"href":"https:\/\/smago.de\/ws2\/wp-json\/wp\/v2\/posts\/159412\/revisions\/159415"}],"wp:featuredmedia":[{"embeddable":true,"href":"https:\/\/smago.de\/ws2\/wp-json\/wp\/v2\/media\/159413"}],"wp:attachment":[{"href":"https:\/\/smago.de\/ws2\/wp-json\/wp\/v2\/media?parent=159412"}],"wp:term":[{"taxonomy":"category","embeddable":true,"href":"https:\/\/smago.de\/ws2\/wp-json\/wp\/v2\/categories?post=159412"},{"taxonomy":"post_tag","embeddable":true,"href":"https:\/\/smago.de\/ws2\/wp-json\/wp\/v2\/tags?post=159412"}],"curies":[{"name":"wp","href":"https:\/\/api.w.org\/{rel}","templated":true}]}}