{"id":159405,"date":"2021-01-06T20:39:08","date_gmt":"2021-01-06T19:39:08","guid":{"rendered":"https:\/\/smago.de\/ws2\/?p=159405"},"modified":"2021-01-06T20:41:06","modified_gmt":"2021-01-06T19:41:06","slug":"pietro-lombardi-positiv-auf-corona-getestet","status":"publish","type":"post","link":"https:\/\/smago.de\/ws2\/pop\/pietro-lombardi-positiv-auf-corona-getestet\/","title":{"rendered":"PIETRO LOMBARDI <br>Positiv auf Corona getestet!"},"content":{"rendered":"<p><em>smago!<\/em> w\u00fcnscht gute und rasche Besserung !!!<br \/>\n<!--more--><\/p>\n<p>&nbsp;<\/p>\n<p>&nbsp;<\/p>\n<p style=\"text-align: justify;\">Schock-Nachricht f\u00fcr alle Fans von PIETRO LOMBARDI:\u00a0<em>\u201eIch bin heute Morgen aufgestanden und hab\u2018 so ein unwohles K\u00f6rpergef\u00fchl gesp\u00fcrt. Mein Bauch hat mir gesagt: \u201aKomm, mach\u2018 mal einen Corona-Test.\u2018 Und ich wurde leider positiv getestet\u201c,<\/em> schrieb der S\u00e4nger auf seinem Instagram-Account.<\/p>\n<p style=\"text-align: justify;\"><em>\u201eAuf jeden Fall hei\u00dft das f\u00fcr mich, dass ich Corona habe und jetzt erst mal zu Hause bleiben muss&#8220;, <\/em>so Pietro Lombardi weiter.\u00a0<em><\/p>\n<p>&#8222;Aktuell habe ich ein bisschen Knochenschmerzen, ansonsten geht es mir ganz gut.&#8220;\u00a0<\/em><\/p>\n<p>&nbsp;<\/p>\n<p><em>smago!<\/em> dr\u00fcckt ihm beide Daumen, dass er bald wieder richtig fit ist &#8230;<\/p>\n","protected":false},"excerpt":{"rendered":"<p>smago! w\u00fcnscht gute und rasche Besserung !!!<\/p>\n","protected":false},"author":2,"featured_media":143875,"comment_status":"open","ping_status":"closed","sticky":false,"template":"","format":"standard","meta":{"_FSMCFIC_featured_image_caption":"","_FSMCFIC_featured_image_nocaption":"","_FSMCFIC_featured_image_hide":""},"categories":[27],"tags":[313],"acf":[],"_links":{"self":[{"href":"https:\/\/smago.de\/ws2\/wp-json\/wp\/v2\/posts\/159405"}],"collection":[{"href":"https:\/\/smago.de\/ws2\/wp-json\/wp\/v2\/posts"}],"about":[{"href":"https:\/\/smago.de\/ws2\/wp-json\/wp\/v2\/types\/post"}],"author":[{"embeddable":true,"href":"https:\/\/smago.de\/ws2\/wp-json\/wp\/v2\/users\/2"}],"replies":[{"embeddable":true,"href":"https:\/\/smago.de\/ws2\/wp-json\/wp\/v2\/comments?post=159405"}],"version-history":[{"count":3,"href":"https:\/\/smago.de\/ws2\/wp-json\/wp\/v2\/posts\/159405\/revisions"}],"predecessor-version":[{"id":159408,"href":"https:\/\/smago.de\/ws2\/wp-json\/wp\/v2\/posts\/159405\/revisions\/159408"}],"wp:featuredmedia":[{"embeddable":true,"href":"https:\/\/smago.de\/ws2\/wp-json\/wp\/v2\/media\/143875"}],"wp:attachment":[{"href":"https:\/\/smago.de\/ws2\/wp-json\/wp\/v2\/media?parent=159405"}],"wp:term":[{"taxonomy":"category","embeddable":true,"href":"https:\/\/smago.de\/ws2\/wp-json\/wp\/v2\/categories?post=159405"},{"taxonomy":"post_tag","embeddable":true,"href":"https:\/\/smago.de\/ws2\/wp-json\/wp\/v2\/tags?post=159405"}],"curies":[{"name":"wp","href":"https:\/\/api.w.org\/{rel}","templated":true}]}}