{"id":159083,"date":"2020-01-01T00:00:05","date_gmt":"2019-12-31T23:00:05","guid":{"rendered":"https:\/\/smago.de\/ws2\/?p=159083"},"modified":"2020-12-30T23:32:44","modified_gmt":"2020-12-30T22:32:44","slug":"rudi-carrell-peter-frankenfeld-hans-rosenthal-dieter-thomas-heck-u-a-smago-praedikat-aeusserst-sehenswert-unsere-vaeter-die-groessten-showmaster-deutschlands","status":"publish","type":"post","link":"https:\/\/smago.de\/ws2\/schlager\/rudi-carrell-peter-frankenfeld-hans-rosenthal-dieter-thomas-heck-u-a-smago-praedikat-aeusserst-sehenswert-unsere-vaeter-die-groessten-showmaster-deutschlands\/","title":{"rendered":"RUDI CARRELL, PETER FRANKENFELD, HANS ROSENTHAL, DIETER THOMAS HECK u.a.  <br>smago! Pr\u00e4dikat: &#8222;\u00e4u\u00dferst sehenswert&#8220;: \u201eUnsere V\u00e4ter \u2013 die gr\u00f6\u00dften Showmaster Deutschlands\u201c!"},"content":{"rendered":"<p>Heute (01.01.2021) noch einmal im SWR Fernsehen \/\/ 13:00 Uhr &#8211; 15:15 Uhr!<br \/>\n<!--more--><\/p>\n<p>&nbsp;<\/p>\n<p>Die Kinder der gr\u00f6\u00dften Showmaster der deutschen Fernsehgeschichte kommen zusammen und erinnern sich erstmals in einer Fernsehsendung gemeinsam an ihre V\u00e4ter, an die M\u00e4nner, die das Abendprogamm am Sonnabend im deutschen Fernsehen erst zum Hochaltar der Unterhaltung gemacht haben.<\/p>\n<p>Wie sehen die S\u00f6hne und T\u00f6chter jetzt aus der zeitlichen Distanz das Werk und Schaffen ihrer V\u00e4ter? Wie haben sie als Kinder ihre V\u00e4ter erlebt? Wie war es fr\u00fcher, das Kind eines ber\u00fchmten Fernsehstars zu sein? Welche Schattenseiten, auch welche Br\u00fcche gab es im Leben und in der Karriere der V\u00e4ter? Und wie haben die Kinder sie wahrgenommen? Wie haben die gro\u00dfen Showmaster sich gegenseitig gesehen? Haben sie sich respektiert oder vielleicht auch nicht gesch\u00e4tzt?<\/p>\n<p>Es erinnern sich die T\u00f6chter und S\u00f6hne von Hans Rosenthal, Hans-Joachim Kulenkampff, Peter Frankenfeld, Wim Thoelke, Harald Juhnke, Dieter Thomas Heck, Kurt Felix, Rudi Carrell und Heinz Quermann sowie die Enkelin von Peter Alexander.<\/p>\n<p>Dazu gibt es ein Wiedersehen mit den sch\u00f6nsten und unvergessenen Momenten der Samstagabendunterhaltung in West und Ost, Erinnerungen an &#8222;Dalli Dalli&#8220;, &#8222;Einer wird gewinnen&#8220;, &#8222;Musik ist Trumpf&#8220;, &#8222;Am laufenden Band&#8220;, &#8222;Der gro\u00dfe Preis&#8220;, &#8222;Ein Kessel Buntes&#8220;, &#8222;Verstehen Sie Spa\u00df?&#8220;, &#8222;Die ZDF Hitparade&#8220; und &#8222;Die Peter Alexander Show&#8220;.<\/p>\n<p>Thomas Gottschalk und Frank Elstner, ebenfalls Showmasterlegenden, ordnen gemeinsam mit ihren ganz pers\u00f6nlichen Erinnerungen die jeweiligen Showmaster und deren Werk in die Zeit ein.<\/p>\n<p>Sprecherin des Off-Textes ist Anke Engelke. Als junges M\u00e4dchen begegnete sie einigen der Showmaster sowohl im Rahmen von TV-Auftritten mit einem Kinderchor als auch in Interviewsituationen.<\/p>\n","protected":false},"excerpt":{"rendered":"<p>Heute (01.01.2021) noch einmal im SWR Fernsehen \/\/ 13:00 Uhr &#8211; 15:15 Uhr!<\/p>\n","protected":false},"author":2,"featured_media":158715,"comment_status":"open","ping_status":"closed","sticky":false,"template":"","format":"standard","meta":{"_FSMCFIC_featured_image_caption":"","_FSMCFIC_featured_image_nocaption":"","_FSMCFIC_featured_image_hide":""},"categories":[29,128],"tags":[],"acf":[],"_links":{"self":[{"href":"https:\/\/smago.de\/ws2\/wp-json\/wp\/v2\/posts\/159083"}],"collection":[{"href":"https:\/\/smago.de\/ws2\/wp-json\/wp\/v2\/posts"}],"about":[{"href":"https:\/\/smago.de\/ws2\/wp-json\/wp\/v2\/types\/post"}],"author":[{"embeddable":true,"href":"https:\/\/smago.de\/ws2\/wp-json\/wp\/v2\/users\/2"}],"replies":[{"embeddable":true,"href":"https:\/\/smago.de\/ws2\/wp-json\/wp\/v2\/comments?post=159083"}],"version-history":[{"count":1,"href":"https:\/\/smago.de\/ws2\/wp-json\/wp\/v2\/posts\/159083\/revisions"}],"predecessor-version":[{"id":159084,"href":"https:\/\/smago.de\/ws2\/wp-json\/wp\/v2\/posts\/159083\/revisions\/159084"}],"wp:featuredmedia":[{"embeddable":true,"href":"https:\/\/smago.de\/ws2\/wp-json\/wp\/v2\/media\/158715"}],"wp:attachment":[{"href":"https:\/\/smago.de\/ws2\/wp-json\/wp\/v2\/media?parent=159083"}],"wp:term":[{"taxonomy":"category","embeddable":true,"href":"https:\/\/smago.de\/ws2\/wp-json\/wp\/v2\/categories?post=159083"},{"taxonomy":"post_tag","embeddable":true,"href":"https:\/\/smago.de\/ws2\/wp-json\/wp\/v2\/tags?post=159083"}],"curies":[{"name":"wp","href":"https:\/\/api.w.org\/{rel}","templated":true}]}}