{"id":158995,"date":"2020-12-29T16:12:36","date_gmt":"2020-12-29T15:12:36","guid":{"rendered":"https:\/\/smago.de\/ws2\/?p=158995"},"modified":"2020-12-29T16:12:36","modified_gmt":"2020-12-29T15:12:36","slug":"barbara-schoeneberger-u-a-am-29-01-2021-rtl-zeugnis-fuer-deutschland","status":"publish","type":"post","link":"https:\/\/smago.de\/ws2\/schlager\/barbara-schoeneberger-u-a-am-29-01-2021-rtl-zeugnis-fuer-deutschland\/","title":{"rendered":"BARBARA SCH\u00d6NEBERGER u.a. <br>Am 29.01.2021, RTL: &#8222;Zeugnis f\u00fcr Deutschland&#8220;!"},"content":{"rendered":"<p>20:15 Uhr!<br \/>\n<!--more--><\/p>\n<p style=\"text-align: justify;\">\n<div class=\"row\" style=\"text-align: justify;\">\n<div class=\"col-md-12\">\n<div class=\"pressemitteilung social\">\n<div class=\"content\">\n<div class=\"textundbild\">\n<p>Erstmals wird Deutschland ein Zeugnis ausgestellt. Was ist gut, ganz gut oder nicht so gut in unserem Land. Wie gehen wir miteinander um? Was ist uns wichtig in Deutschland? Wie gut ist Deutschland? In der gro\u00dfen Liveshow &#8222;Zeugnis f\u00fcr Deutschland&#8220; am 29. Januar 20.15 Uhr werden Prominente im Studio und die Zuschauer zuhause unserem Heimatland erstmals ein Zeugnis ausstellen. Barbara Sch\u00f6neberger f\u00fchrt durch die unterhaltsame und informative Show.<\/p>\n<\/div>\n<\/div>\n<div class=\"content\">\n<div class=\"textundbild\">\n<p>Gepr\u00fcft wird Deutschland in sechs Haupt- und drei Nebenf\u00e4chern: Sicherheit, Gesundheit, Umwelt, Urlaub, Bildung, Miteinander sowie Nationalmannschaft, Corona und unser Selbstbild.<\/p>\n<p>Ein meinungsstarkes Promipanel wird die Fakten zu diesen F\u00e4chern pr\u00e4sentieren und diskutieren. Dabei sind Moderator G\u00fcnther Jauch, Leichtathletin und Weltmeisterin Malaika Mihambo, Comedian Ilka Bessin, Ex-Tageschau-Sprecher Jan Hofer, Comedian Oliver Pocher und Moderator und Comedian Thomas Hermanns. Jeweils einer von ihnen pr\u00e4sentiert die Fakten zu einem &#8222;Fach&#8220; im Nachrichtenstil. Um diese m\u00f6glichst objektiv zu beleuchten, werden zu einem Thema sowohl gute Nachrichten in einem wei\u00dfen Studio und schlechte Nachrichten in einem schwarzen Studio pr\u00e4sentiert.<\/p>\n<p>Gemeinsam diskutieren die Prominenten die Fakten zu den jeweiligen Themengebieten, tauschen pers\u00f6nliche Eindr\u00fccke und Erfahrungen aus. Und dann vergeben sie eine Note \u2013 von sehr gut bis ungen\u00fcgend (1-6). Vor allem aber sollen die Zuschauer zuhause, mittels eines Votingtools bei RTL.de ihre ganz pers\u00f6nliche Zeugnisnote f\u00fcr Deutschland vergeben.<\/p>\n<p>Wie sehr unterscheidet sich die Durchschnittsnote der Promis von der Zuschauer-Zensur in einzelnen F\u00e4chern und am Ende im Gesamtschnitt?<\/p>\n<p>Am Ende der Show wird Deutschland das Zeugnis verliehen. Dann zeigt sich: Versetzung gef\u00e4hrdet oder Vorzeigenation.<\/p>\n<\/div>\n<\/div>\n<\/div>\n<\/div>\n<\/div>\n<div class=\"row\">\n<div class=\"col-md-12\">\n<div id=\"ansprechpartner\" class=\"contentblock_pm\" style=\"text-align: justify;\"><\/div>\n<\/div>\n<\/div>\n","protected":false},"excerpt":{"rendered":"<p>20:15 Uhr!<\/p>\n","protected":false},"author":2,"featured_media":158996,"comment_status":"open","ping_status":"closed","sticky":false,"template":"","format":"standard","meta":{"_FSMCFIC_featured_image_caption":"","_FSMCFIC_featured_image_nocaption":"","_FSMCFIC_featured_image_hide":""},"categories":[29,128],"tags":[236],"acf":[],"_links":{"self":[{"href":"https:\/\/smago.de\/ws2\/wp-json\/wp\/v2\/posts\/158995"}],"collection":[{"href":"https:\/\/smago.de\/ws2\/wp-json\/wp\/v2\/posts"}],"about":[{"href":"https:\/\/smago.de\/ws2\/wp-json\/wp\/v2\/types\/post"}],"author":[{"embeddable":true,"href":"https:\/\/smago.de\/ws2\/wp-json\/wp\/v2\/users\/2"}],"replies":[{"embeddable":true,"href":"https:\/\/smago.de\/ws2\/wp-json\/wp\/v2\/comments?post=158995"}],"version-history":[{"count":1,"href":"https:\/\/smago.de\/ws2\/wp-json\/wp\/v2\/posts\/158995\/revisions"}],"predecessor-version":[{"id":158997,"href":"https:\/\/smago.de\/ws2\/wp-json\/wp\/v2\/posts\/158995\/revisions\/158997"}],"wp:featuredmedia":[{"embeddable":true,"href":"https:\/\/smago.de\/ws2\/wp-json\/wp\/v2\/media\/158996"}],"wp:attachment":[{"href":"https:\/\/smago.de\/ws2\/wp-json\/wp\/v2\/media?parent=158995"}],"wp:term":[{"taxonomy":"category","embeddable":true,"href":"https:\/\/smago.de\/ws2\/wp-json\/wp\/v2\/categories?post=158995"},{"taxonomy":"post_tag","embeddable":true,"href":"https:\/\/smago.de\/ws2\/wp-json\/wp\/v2\/tags?post=158995"}],"curies":[{"name":"wp","href":"https:\/\/api.w.org\/{rel}","templated":true}]}}