{"id":158861,"date":"2020-12-28T23:59:07","date_gmt":"2020-12-28T22:59:07","guid":{"rendered":"https:\/\/smago.de\/ws2\/?p=158861"},"modified":"2020-12-28T21:16:49","modified_gmt":"2020-12-28T20:16:49","slug":"das-erste-ard-jahresbilanz-2020","status":"publish","type":"post","link":"https:\/\/smago.de\/ws2\/smago-informiert\/das-erste-ard-jahresbilanz-2020\/","title":{"rendered":"&#8222;DAS ERSTE \/ ARD&#8220; <br>Jahresbilanz 2020:"},"content":{"rendered":"<p>Gro\u00dfes Informationsbed\u00fcrfnis der Zuschauer \u2013 sprunghaft gesteigertes Interesse am Informationsangebot im Ersten +++\u00a0\u201eTagesschau\u201c mit h\u00f6chster Zuschauerbeteiligung seit der deutschen Wiedervereinigung +++<br \/>\n<!--more--><\/p>\n<p style=\"text-align: justify;\">\n<p style=\"text-align: justify;\">\n<p class=\"text small\" style=\"text-align: justify;\">Ein ereignisreiches, ein von gro\u00dfem Informationsbed\u00fcrfnis der Zuschauerinnen und Zuschauer gepr\u00e4gtes Jahr geht zu Ende. F\u00fcr Das Erste als Informationssender Nummer 1 war 2020 ein turbulentes und \u00fcberaus reichweitenstarkes Jahr. Neben zw\u00f6lf \u201eBrennpunkt\u201c-Ausgaben zu politischen und katastrophalen Ereignissen wurde 74 Mal das neue Info-Format \u201eARD extra\u201c ins Programm genommen, das bis zu 14,98 Millionen Zuschauer und Marktanteile von bis zu 39,7 Prozent erreichte. Im Durchschnitt informierten sich 7,71 Millionen Zuschauer \u00fcber die aktuelle Corona-Lage im Anschluss an die \u201eTagesschau\u201c.<\/p>\n<p class=\"text small\" style=\"text-align: justify;\">Das ARD-Nachrichtenflaggschiff selbst legte im Vergleich zum Vorjahr deutlich zu. Im Ersten, einigen Dritten, bei 3sat, Phoenix, ARD alpha undTagesschau24 sahen im Durchschnitt 11,77 Millionen Zuschauer die \u201eTagesschau\u201c mit einem Marktanteil von 39,5 %. Die Sehbeteiligung f\u00fcr die Hauptausgabe um 20:00 Uhr liegt damit zwei Millionen \u00fcber dem des Vorjahres und stellt den h\u00f6chsten Jahresschnitt seit der Wiedervereinigung bzw. der Messung des gesamtdeutschen Fernsehverhaltens dar. Die \u201eTagesschau\u201c bleibt weiterhin die mit Abstand meistgesehene Nachrichtensendung im deutschen Fernsehen \u2013 vor \u201eheute\u201c im ZDF (4,64 Mio.; 19,7 % MA), \u201eRTL aktuell\u201c (3,32 Mio., 15,1 % MA) und \u201eSAT.1 News\u201c (1,22 Mio.; 4,2 % MA). Wie sehr gerade das Corona-Virus das Informationsbed\u00fcrfnis gesteigert hat, zeigen sprunghaft ansteigende Daten zu Beginn der ersten und zweiten Infektionswelle. Die durchschnittliche Sehbeteiligung der \u201eTagesschau\u201c wuchs vom Februar auf M\u00e4rz und vom September auf November 2020 jeweils um mehr als drei Millionen Zuschauer (von 10,93 auf 14,07 Mio. bzw. von 10,60 Mio. auf 13,66 Mio.).\u00a0 Die durchschnittlichen Visit-Werte f\u00fcr die \u201eTagesschau\u201c-Webseiten und die \u201eTagesschau\u201c-App verdoppelten sich nahezu in den genannten Monaten auf 8,84 bzw. 8,24 Millionen.<\/p>\n<div class=\"clearMe\" style=\"text-align: justify;\">\n<\/div>\n<p class=\"text small\" style=\"text-align: justify;\"><strong>Volker Herres, Programmdirektor Erstes Deutsches Fernsehen:<\/strong> \u201eDas war wirklich ein Seuchenjahr! Aber auch eines, das den Stellenwert der aktuellen wie hintergr\u00fcndigen Information im Ersten besonders herausgehoben hat. Wenn etwas Wichtiges passiert \u2013 und die Corona-Pandemie, der Brexit, die US-Wahlen sind f\u00fcr uns alle wichtig \u2013 informieren sich die meisten Zuschauerinnen und Zuschauer zuallererst im Ersten. Das zeigen die Zuschauerzahlen und die Umfragewerte der ARD-Trend-Studie 2020 gleicherma\u00dfen. Kompliment an ARD aktuell f\u00fcr den Rekordwert der \u201aTagesschau\u2018.\u201c<\/p>\n<div class=\"clearMe\" style=\"text-align: justify;\">\n<\/div>\n<p class=\"text small\" style=\"text-align: justify;\">Auch die abendlichen Talk-Formate im Ersten haben zahlreiche Aspekte der Corona-Pandemie in mehr als 50 Sendungen aufgegriffen und vertieft. ANNE WILL ist im Jahr 2020 die mit Abstand beliebteste Talk-Sendung im deutschen Fernsehen. Durchschnittlich 3,97 Millionen Zuschauerinnen und Zuschauer verfolgten die Gespr\u00e4che von Anne Will mit ihren G\u00e4sten \u2013 rund 721.000 pro Sendung mehr als im Vorjahr. Auch \u201ehart aber fair\u201c mit Moderator Frank Plasberg (3,15 Mio., plus 678.000) und \u201emaischberger. die woche\u201c (1,41 Mio., plus 218.000) gewannen Publikum hinzu.<\/p>\n<p class=\"text small\" style=\"text-align: justify;\">In der Primetime zwischen 20:00 und 23:00 Uhr ist das ARD-Gemeinschaftsprogramm mit 14,7 % in marktf\u00fchrender Position, gefolgt vom ZDF (14,6 % MA), RTL (8,4 % MA) SAT.1 (4,9 % MA) und ProSieben (4,8 % MA). Nur die Dritten Programme der ARD verzeichnen kumuliert einen noch h\u00f6heren Wert: 15,0 %. Betrachtet man die Marktanteile \u00fcber den ganzen Tag, liegen die Dritten mit 13,7 % vor dem ZDF (13,6 %) und dem Ersten (11,3 %). RTL kommt auf 8,1 %, SAT.1 auf 5,7 % gefolgt von VOX mit 4,8 %.<\/p>\n<p class=\"text small\" style=\"text-align: justify;\">Die drei meistgesehenen Unterhaltungsshows 2020 im deutschen Fernsehen waren allesamt im Ersten zu finden: \u201eDas Adventsfest der 100.000 Lichter\u201c verfolgten 6,81 Millionen, \u201eVerstehen Sie Spa\u00df? \u2013 Die gro\u00dfe Geburtstagsshow\u201c 6,47 Millionen und \u201eKlein gegen Gro\u00df\u201c 6,36 Millionen Zuschauerinnen und Zuschauer. 8,15 Millionen Fu\u00dfballfans sahen das Nations-League-Spiel der deutschen Elf gegen die Schweiz. Der meistgesehene Fernsehfilm des Jahres war mit 13,80 Millionen Zuschauern der \u201eTatort: Es lebe der K\u00f6nig!\u201c aus M\u00fcnster. Zum Gesamterfolg leisteten \u2013 linear im Ersten wie online in der ARD-Mediathek \u2013 die Eventserien einen entscheidenden Beitrag. \u201eUnsere wunderbaren Jahre\u201c kommt auf 6,80 Millionen, \u201eDas Geheimnis des Totenwaldes\u201c auf 6,68 Millionen, \u201eOktoberfest 1900\u201c auf 4,54 Millionen und die dritte Staffel \u201eBabylon Berlin\u201c auf 4,18 Millionen Zuschauerinnen und Zuschauer.<\/p>\n<p class=\"text small\" style=\"text-align: justify;\">Nach den Ergebnissen der Repr\u00e4sentativbefragung \u201eARD-Trend 2020\u201c (3.128 Befragte ab 14 Jahren, Erhebungszeitraum: 1. Oktober bis 16. November 2020) nimmt Das Erste im Urteil der Bev\u00f6lkerung eine herausragende Stellung ein: Gefragt nach dem qualitativ besten Programm entfielen mit 24 Prozent die meisten Nennungen auf das ARD-Gemeinschaftsprogramm. Erst mit deutlichem Abstand folgen das ZDF (15 %), RTL (10 %) und die Dritten Programme (8 %).<\/p>\n","protected":false},"excerpt":{"rendered":"<p>Gro\u00dfes Informationsbed\u00fcrfnis der Zuschauer \u2013 sprunghaft gesteigertes Interesse am Informationsangebot im Ersten +++\u00a0\u201eTagesschau\u201c mit h\u00f6chster Zuschauerbeteiligung seit der deutschen Wiedervereinigung<\/p>\n","protected":false},"author":2,"featured_media":158862,"comment_status":"open","ping_status":"closed","sticky":false,"template":"","format":"standard","meta":{"_FSMCFIC_featured_image_caption":"","_FSMCFIC_featured_image_nocaption":"","_FSMCFIC_featured_image_hide":""},"categories":[33],"tags":[798],"acf":[],"_links":{"self":[{"href":"https:\/\/smago.de\/ws2\/wp-json\/wp\/v2\/posts\/158861"}],"collection":[{"href":"https:\/\/smago.de\/ws2\/wp-json\/wp\/v2\/posts"}],"about":[{"href":"https:\/\/smago.de\/ws2\/wp-json\/wp\/v2\/types\/post"}],"author":[{"embeddable":true,"href":"https:\/\/smago.de\/ws2\/wp-json\/wp\/v2\/users\/2"}],"replies":[{"embeddable":true,"href":"https:\/\/smago.de\/ws2\/wp-json\/wp\/v2\/comments?post=158861"}],"version-history":[{"count":1,"href":"https:\/\/smago.de\/ws2\/wp-json\/wp\/v2\/posts\/158861\/revisions"}],"predecessor-version":[{"id":158863,"href":"https:\/\/smago.de\/ws2\/wp-json\/wp\/v2\/posts\/158861\/revisions\/158863"}],"wp:featuredmedia":[{"embeddable":true,"href":"https:\/\/smago.de\/ws2\/wp-json\/wp\/v2\/media\/158862"}],"wp:attachment":[{"href":"https:\/\/smago.de\/ws2\/wp-json\/wp\/v2\/media?parent=158861"}],"wp:term":[{"taxonomy":"category","embeddable":true,"href":"https:\/\/smago.de\/ws2\/wp-json\/wp\/v2\/categories?post=158861"},{"taxonomy":"post_tag","embeddable":true,"href":"https:\/\/smago.de\/ws2\/wp-json\/wp\/v2\/tags?post=158861"}],"curies":[{"name":"wp","href":"https:\/\/api.w.org\/{rel}","templated":true}]}}