{"id":158824,"date":"2020-12-28T00:00:46","date_gmt":"2020-12-27T23:00:46","guid":{"rendered":"https:\/\/smago.de\/ws2\/?p=158824"},"modified":"2020-12-27T23:18:41","modified_gmt":"2020-12-27T22:18:41","slug":"florian-silbereisen-top-werte-fuer-das-traumschiff-co","status":"publish","type":"post","link":"https:\/\/smago.de\/ws2\/schlager\/florian-silbereisen-top-werte-fuer-das-traumschiff-co\/","title":{"rendered":"FLORIAN SILBEREISEN <br>Top-Werte f\u00fcr &#8222;Das Traumschiff&#8220; &#038; Co.!"},"content":{"rendered":"<p style=\"text-align: justify;\">Florian Silbereisen hat es &#8211; diesmal in seiner neuen Parade-Rolle als Kapit\u00e4n &#8222;Max Parger&#8220; &#8211; einmal mehr allen gezeigt &#8230;:<br \/>\n<!--more--><\/p>\n<p>&nbsp;<\/p>\n<p>&nbsp;<\/p>\n<p>&nbsp;<\/p>\n<p style=\"text-align: justify;\">An Heiligabend war es Carmen Nebel, die es mit ihrer Show &#8222;Heiligabend mit Carmen Nebel&#8220; auf Platz 3 der meist gesehenen Sendungen des Tages schaffte, am 1. Weihnachtsfeiertag gelang Helene Fischer das gleiche Kunstst\u00fcck (&#8222;Die Helene Fischer Show &#8211; Meine sch\u00f6nsten Momente&#8220; schaffte es ebenfalls aufs Bronze-Treppchen) &#8230; und am 2. Weihnachtsfeiertag setzte Florian Silbereisen in seiner neuen Parade-Rolle als &#8222;Traumschiff&#8220; Kapit\u00e4n Max Parger dem Ganzen noch die Krone auf: &#8222;Das Traumschiff&#8220; lockte mit der Folge &#8222;Kapstadt&#8220; 6,56 Millionen Zuschauer *innen vor die Bildschirme. Der Marktanteil lag bei stolzen 20,0 %. Somit lief es f\u00fcr &#8222;Das Traumschiff&#8220; <em>noch besser<\/em> als f\u00fcr die &#8222;Tatort&#8220; Episode &#8222;Unter W\u00f6lfen&#8220; (6,51 Millionen Zuschauer*innen und 19,8 % Marktanteil). \u00a0In der Zielgruppe der 14- bis 49-J\u00e4hrigen waren es 1,48 Millionen Zuschauer*innen und sagenhaft gute 16,5 % Marktanteil. (Zum Vergleich: Die &#8222;Tatort&#8220; Folge &#8222;Unser W\u00f6lfen&#8220; brachte es &#8222;nur&#8220; auf 1,20 Millionen Zuschauer*innen und 13,4 % Marktanteil.) In der erweiterten Zielgruppe der 14- bis 59-J\u00e4hrigen wurden 2,72 Millionen Zuschauer*innen und 16,7 % Marktanteil ermittelt.<\/p>\n<p style=\"text-align: justify;\">Die anschlie\u00dfende &#8222;Kreuzfahrt ins Gl\u00fcck&#8220; schnitt mit 5,38 Millionen Zuschauer*innen (Quotenmeter.de spricht von 5,37 Millionen &#8230;) und 18,8 %\u00a0ebenfalls ganz hervorragend ab. In der jungen Zielgruppe der 14- bis 49-J\u00e4hrigen lief es mit 1,21 Millionen Zuschauern und 14,8 % Marktanteil ebenfalls ganz ausgezeichnet.\u00a0In der erweiterten Zielgruppe der 14- bis 59-J\u00e4hrigen pendelten sich die Werte bei 2,27 Millionen Zuschauer*innen und 15,2 % Marktanteil ein.<\/p>\n<p>Selbst &#8222;Das Traumschiff &#8211; Spezial&#8220; schaffte zu sp\u00e4ter Stunde noch ph\u00e4nomenal gute Resultate: 3,23 Millionen Zuschauer*innen und 12,6 % Marktanteil (und 1,38 Mio. und 12,6 % Marktanteil in der erweiterten Zielgruppe) sprechen eine eindeutige Sprache.<\/p>\n<p>Auch in \u00d6sterreich lief es sehr, sehr gut: &#8222;Das Traumschiff&#8220; erreichte 681.000 Zuschauer*innen bei 21 % Marktanteil, die &#8222;Kreuzfahrt ins Gl\u00fcck&#8220; 448.000 Zuschauer*innen und 17 % Marktanteil.<\/p>\n<p>&nbsp;<\/p>\n<figure id=\"attachment_158752\" class=\"wp-caption alignnone\" aria-describedby=\"caption-attachment-158752\"><img decoding=\"async\" loading=\"lazy\" class=\"size-nerubian-single wp-image-158752\" src=\"https:\/\/smago.de\/ws2\/wp-content\/uploads\/2020\/12\/orf_andy-tichler_20201225192726-783x522.jpg\" sizes=\"(max-width: 783px) 100vw, 783px\" srcset=\"https:\/\/smago.de\/ws2\/wp-content\/uploads\/2020\/12\/orf_andy-tichler_20201225192726-783x522.jpg 783w, https:\/\/smago.de\/ws2\/wp-content\/uploads\/2020\/12\/orf_andy-tichler_20201225192726-522x348.jpg 522w, https:\/\/smago.de\/ws2\/wp-content\/uploads\/2020\/12\/orf_andy-tichler_20201225192726-800x533.jpg 800w, https:\/\/smago.de\/ws2\/wp-content\/uploads\/2020\/12\/orf_andy-tichler_20201225192726-225x150.jpg 225w, https:\/\/smago.de\/ws2\/wp-content\/uploads\/2020\/12\/orf_andy-tichler_20201225192726-768x512.jpg 768w, https:\/\/smago.de\/ws2\/wp-content\/uploads\/2020\/12\/orf_andy-tichler_20201225192726-1536x1024.jpg 1536w, https:\/\/smago.de\/ws2\/wp-content\/uploads\/2020\/12\/orf_andy-tichler_20201225192726-2048x1365.jpg 2048w, https:\/\/smago.de\/ws2\/wp-content\/uploads\/2020\/12\/orf_andy-tichler_20201225192726-392x261.jpg 392w, https:\/\/smago.de\/ws2\/wp-content\/uploads\/2020\/12\/orf_andy-tichler_20201225192726-130x87.jpg 130w, https:\/\/smago.de\/ws2\/wp-content\/uploads\/2020\/12\/orf_andy-tichler_20201225192726-668x445.jpg 668w, https:\/\/smago.de\/ws2\/wp-content\/uploads\/2020\/12\/orf_andy-tichler_20201225192726-285x190.jpg 285w, https:\/\/smago.de\/ws2\/wp-content\/uploads\/2020\/12\/orf_andy-tichler_20201225192726-435x290.jpg 435w, https:\/\/smago.de\/ws2\/wp-content\/uploads\/2020\/12\/orf_andy-tichler_20201225192726-150x100.jpg 150w, https:\/\/smago.de\/ws2\/wp-content\/uploads\/2020\/12\/orf_andy-tichler_20201225192726-370x247.jpg 370w\" alt=\"\" width=\"783\" height=\"522\" \/><\/figure>\n<p><em>Kapit\u00e4n Max Parger (Florian Silbereisen) und Schwester Magdalena (Marianne S\u00e4gebrecht) sorgen sich um die Gesundheit der Kinder in S\u00fcdafrika<\/em><\/p>\n<p><em>Foto-Credit: ORF \u2013 ZDF \/ Dirk Bartling<\/em><\/p>\n<p>&nbsp;<\/p>\n<p>&nbsp;<\/p>\n<p>&nbsp;<\/p>\n<figure id=\"attachment_158753\" class=\"wp-caption alignnone\" aria-describedby=\"caption-attachment-158753\"><img decoding=\"async\" loading=\"lazy\" class=\"size-nerubian-single wp-image-158753\" src=\"https:\/\/smago.de\/ws2\/wp-content\/uploads\/2020\/12\/orf_andy-tichler_20201225192850-766x522.jpg\" sizes=\"(max-width: 766px) 100vw, 766px\" srcset=\"https:\/\/smago.de\/ws2\/wp-content\/uploads\/2020\/12\/orf_andy-tichler_20201225192850-766x522.jpg 766w, https:\/\/smago.de\/ws2\/wp-content\/uploads\/2020\/12\/orf_andy-tichler_20201225192850-522x356.jpg 522w, https:\/\/smago.de\/ws2\/wp-content\/uploads\/2020\/12\/orf_andy-tichler_20201225192850-800x545.jpg 800w, https:\/\/smago.de\/ws2\/wp-content\/uploads\/2020\/12\/orf_andy-tichler_20201225192850-220x150.jpg 220w, https:\/\/smago.de\/ws2\/wp-content\/uploads\/2020\/12\/orf_andy-tichler_20201225192850-768x523.jpg 768w, https:\/\/smago.de\/ws2\/wp-content\/uploads\/2020\/12\/orf_andy-tichler_20201225192850-1536x1047.jpg 1536w, https:\/\/smago.de\/ws2\/wp-content\/uploads\/2020\/12\/orf_andy-tichler_20201225192850-2048x1396.jpg 2048w, https:\/\/smago.de\/ws2\/wp-content\/uploads\/2020\/12\/orf_andy-tichler_20201225192850-392x267.jpg 392w, https:\/\/smago.de\/ws2\/wp-content\/uploads\/2020\/12\/orf_andy-tichler_20201225192850-130x89.jpg 130w, https:\/\/smago.de\/ws2\/wp-content\/uploads\/2020\/12\/orf_andy-tichler_20201225192850-653x445.jpg 653w, https:\/\/smago.de\/ws2\/wp-content\/uploads\/2020\/12\/orf_andy-tichler_20201225192850-279x190.jpg 279w, https:\/\/smago.de\/ws2\/wp-content\/uploads\/2020\/12\/orf_andy-tichler_20201225192850-426x290.jpg 426w\" alt=\"\" width=\"766\" height=\"522\" \/><figcaption id=\"caption-attachment-158753\" class=\"wp-caption-text\"><em>Kapit\u00e4n Max Parger (Florian Silbereisen) hat immer ein sch\u00fctzendes Auge auf Lea Bremer (Melodie Wakivuamina)<\/em><em>Foto-Credit: ORF \u2013 ZDF \/ Dirk Bartling<\/em><\/p>\n<\/figcaption><\/figure>\n<p>&nbsp;<\/p>\n<p>&nbsp;<\/p>\n<p>&nbsp;<\/p>\n<p>&nbsp;<\/p>\n<figure id=\"attachment_158754\" class=\"wp-caption alignnone\" aria-describedby=\"caption-attachment-158754\"><img decoding=\"async\" loading=\"lazy\" class=\"size-nerubian-single wp-image-158754\" src=\"https:\/\/smago.de\/ws2\/wp-content\/uploads\/2020\/12\/orf_andy-tichler_20201225192830-752x522.jpg\" sizes=\"(max-width: 752px) 100vw, 752px\" srcset=\"https:\/\/smago.de\/ws2\/wp-content\/uploads\/2020\/12\/orf_andy-tichler_20201225192830-752x522.jpg 752w, https:\/\/smago.de\/ws2\/wp-content\/uploads\/2020\/12\/orf_andy-tichler_20201225192830-522x362.jpg 522w, https:\/\/smago.de\/ws2\/wp-content\/uploads\/2020\/12\/orf_andy-tichler_20201225192830-800x555.jpg 800w, https:\/\/smago.de\/ws2\/wp-content\/uploads\/2020\/12\/orf_andy-tichler_20201225192830-216x150.jpg 216w, https:\/\/smago.de\/ws2\/wp-content\/uploads\/2020\/12\/orf_andy-tichler_20201225192830-768x533.jpg 768w, https:\/\/smago.de\/ws2\/wp-content\/uploads\/2020\/12\/orf_andy-tichler_20201225192830-1536x1066.jpg 1536w, https:\/\/smago.de\/ws2\/wp-content\/uploads\/2020\/12\/orf_andy-tichler_20201225192830-2048x1421.jpg 2048w, https:\/\/smago.de\/ws2\/wp-content\/uploads\/2020\/12\/orf_andy-tichler_20201225192830-392x272.jpg 392w, https:\/\/smago.de\/ws2\/wp-content\/uploads\/2020\/12\/orf_andy-tichler_20201225192830-130x90.jpg 130w, https:\/\/smago.de\/ws2\/wp-content\/uploads\/2020\/12\/orf_andy-tichler_20201225192830-641x445.jpg 641w, https:\/\/smago.de\/ws2\/wp-content\/uploads\/2020\/12\/orf_andy-tichler_20201225192830-274x190.jpg 274w, https:\/\/smago.de\/ws2\/wp-content\/uploads\/2020\/12\/orf_andy-tichler_20201225192830-418x290.jpg 418w\" alt=\"\" width=\"752\" height=\"522\" \/><figcaption id=\"caption-attachment-158754\" class=\"wp-caption-text\"><em>Kapit\u00e4n Max Parger (Florian Silbereisen, r.) findet Lea Bremer (Melodie Wakivuamina, l.) nach langer Suche in Begleitung von Malaika Balewa (Motsi Mabuse, M.) auf einem Friedhof<\/em><em>Foto-Credit: ORF \u2013 ZDF \/ Dirk Bartling<\/em><\/p>\n<\/figcaption><\/figure>\n<p>&nbsp;<\/p>\n<p>&nbsp;<\/p>\n<p>&nbsp;<\/p>\n<figure id=\"attachment_158755\" class=\"wp-caption alignnone\" aria-describedby=\"caption-attachment-158755\"><img decoding=\"async\" loading=\"lazy\" class=\"size-nerubian-single wp-image-158755\" src=\"https:\/\/smago.de\/ws2\/wp-content\/uploads\/2020\/12\/orf_andy-tichler_20201225193022-783x522.jpg\" sizes=\"(max-width: 783px) 100vw, 783px\" srcset=\"https:\/\/smago.de\/ws2\/wp-content\/uploads\/2020\/12\/orf_andy-tichler_20201225193022-783x522.jpg 783w, https:\/\/smago.de\/ws2\/wp-content\/uploads\/2020\/12\/orf_andy-tichler_20201225193022-522x348.jpg 522w, https:\/\/smago.de\/ws2\/wp-content\/uploads\/2020\/12\/orf_andy-tichler_20201225193022-800x533.jpg 800w, https:\/\/smago.de\/ws2\/wp-content\/uploads\/2020\/12\/orf_andy-tichler_20201225193022-225x150.jpg 225w, https:\/\/smago.de\/ws2\/wp-content\/uploads\/2020\/12\/orf_andy-tichler_20201225193022-768x512.jpg 768w, https:\/\/smago.de\/ws2\/wp-content\/uploads\/2020\/12\/orf_andy-tichler_20201225193022-1536x1024.jpg 1536w, https:\/\/smago.de\/ws2\/wp-content\/uploads\/2020\/12\/orf_andy-tichler_20201225193022-2048x1365.jpg 2048w, https:\/\/smago.de\/ws2\/wp-content\/uploads\/2020\/12\/orf_andy-tichler_20201225193022-392x261.jpg 392w, https:\/\/smago.de\/ws2\/wp-content\/uploads\/2020\/12\/orf_andy-tichler_20201225193022-130x87.jpg 130w, https:\/\/smago.de\/ws2\/wp-content\/uploads\/2020\/12\/orf_andy-tichler_20201225193022-668x445.jpg 668w, https:\/\/smago.de\/ws2\/wp-content\/uploads\/2020\/12\/orf_andy-tichler_20201225193022-285x190.jpg 285w, https:\/\/smago.de\/ws2\/wp-content\/uploads\/2020\/12\/orf_andy-tichler_20201225193022-435x290.jpg 435w, https:\/\/smago.de\/ws2\/wp-content\/uploads\/2020\/12\/orf_andy-tichler_20201225193022-150x100.jpg 150w, https:\/\/smago.de\/ws2\/wp-content\/uploads\/2020\/12\/orf_andy-tichler_20201225193022-370x247.jpg 370w\" alt=\"\" width=\"783\" height=\"522\" \/><figcaption id=\"caption-attachment-158755\" class=\"wp-caption-text\"><em>Kann Kapit\u00e4n Max Parger (Florian Silbereisen, r.) seinem Bruder Moritz (Joko Winterscheidt, l.) aus der Patsche helfen?<\/em><em>Foto-Credit: ORF \u2013 ZDF \/ Dirk Bartling<\/em><\/p>\n<\/figcaption><\/figure>\n<p>&nbsp;<\/p>\n<p>&nbsp;<\/p>\n<figure id=\"attachment_158761\" aria-describedby=\"caption-attachment-158761\" style=\"width: 783px\" class=\"wp-caption alignnone\"><img decoding=\"async\" loading=\"lazy\" class=\"size-nerubian-single wp-image-158761\" src=\"https:\/\/smago.de\/ws2\/wp-content\/uploads\/2020\/12\/orf_andy-tichler_20201225194449-783x522.jpg\" alt=\"\" width=\"783\" height=\"522\" srcset=\"https:\/\/smago.de\/ws2\/wp-content\/uploads\/2020\/12\/orf_andy-tichler_20201225194449-783x522.jpg 783w, https:\/\/smago.de\/ws2\/wp-content\/uploads\/2020\/12\/orf_andy-tichler_20201225194449-522x348.jpg 522w, https:\/\/smago.de\/ws2\/wp-content\/uploads\/2020\/12\/orf_andy-tichler_20201225194449-800x533.jpg 800w, https:\/\/smago.de\/ws2\/wp-content\/uploads\/2020\/12\/orf_andy-tichler_20201225194449-225x150.jpg 225w, https:\/\/smago.de\/ws2\/wp-content\/uploads\/2020\/12\/orf_andy-tichler_20201225194449-768x512.jpg 768w, https:\/\/smago.de\/ws2\/wp-content\/uploads\/2020\/12\/orf_andy-tichler_20201225194449-1536x1024.jpg 1536w, https:\/\/smago.de\/ws2\/wp-content\/uploads\/2020\/12\/orf_andy-tichler_20201225194449-2048x1365.jpg 2048w, https:\/\/smago.de\/ws2\/wp-content\/uploads\/2020\/12\/orf_andy-tichler_20201225194449-392x261.jpg 392w, https:\/\/smago.de\/ws2\/wp-content\/uploads\/2020\/12\/orf_andy-tichler_20201225194449-130x87.jpg 130w, https:\/\/smago.de\/ws2\/wp-content\/uploads\/2020\/12\/orf_andy-tichler_20201225194449-668x445.jpg 668w, https:\/\/smago.de\/ws2\/wp-content\/uploads\/2020\/12\/orf_andy-tichler_20201225194449-285x190.jpg 285w, https:\/\/smago.de\/ws2\/wp-content\/uploads\/2020\/12\/orf_andy-tichler_20201225194449-435x290.jpg 435w, https:\/\/smago.de\/ws2\/wp-content\/uploads\/2020\/12\/orf_andy-tichler_20201225194449-150x100.jpg 150w, https:\/\/smago.de\/ws2\/wp-content\/uploads\/2020\/12\/orf_andy-tichler_20201225194449-370x247.jpg 370w\" sizes=\"(max-width: 783px) 100vw, 783px\" \/><figcaption id=\"caption-attachment-158761\" class=\"wp-caption-text\"><span style=\"font-size: 12pt;\"><em>Die Mannschaft des Traumschiffs: Kapit\u00e4n Max Parger (Florian Silbereisen, r.), Hanna Liebhold (Barbara Wussow, M.) und Staff-Kapit\u00e4n Martin Grimm (Daniel Morgenroth, l.) sind bereit f\u00fcr das bevorstehende Hochzeitsabenteuer.<\/em><\/span><\/figcaption><\/figure>\n<p><em>Foto-Credit: ORF \u2013 ZDF \/ Dirk Bartling<\/em><\/p>\n<p>&nbsp;<\/p>\n<p>&nbsp;<\/p>\n<div>\n<figure id=\"attachment_158763\" class=\"wp-caption alignnone\" aria-describedby=\"caption-attachment-158763\"><img decoding=\"async\" loading=\"lazy\" class=\"size-nerubian-single wp-image-158763\" src=\"https:\/\/smago.de\/ws2\/wp-content\/uploads\/2020\/12\/orf_andy-tichler_20201225194258-768x522.jpg\" sizes=\"(max-width: 768px) 100vw, 768px\" srcset=\"https:\/\/smago.de\/ws2\/wp-content\/uploads\/2020\/12\/orf_andy-tichler_20201225194258-768x522.jpg 768w, https:\/\/smago.de\/ws2\/wp-content\/uploads\/2020\/12\/orf_andy-tichler_20201225194258-522x355.jpg 522w, https:\/\/smago.de\/ws2\/wp-content\/uploads\/2020\/12\/orf_andy-tichler_20201225194258-800x544.jpg 800w, https:\/\/smago.de\/ws2\/wp-content\/uploads\/2020\/12\/orf_andy-tichler_20201225194258-221x150.jpg 221w, https:\/\/smago.de\/ws2\/wp-content\/uploads\/2020\/12\/orf_andy-tichler_20201225194258-1536x1044.jpg 1536w, https:\/\/smago.de\/ws2\/wp-content\/uploads\/2020\/12\/orf_andy-tichler_20201225194258-2048x1392.jpg 2048w, https:\/\/smago.de\/ws2\/wp-content\/uploads\/2020\/12\/orf_andy-tichler_20201225194258-392x266.jpg 392w, https:\/\/smago.de\/ws2\/wp-content\/uploads\/2020\/12\/orf_andy-tichler_20201225194258-130x88.jpg 130w, https:\/\/smago.de\/ws2\/wp-content\/uploads\/2020\/12\/orf_andy-tichler_20201225194258-655x445.jpg 655w, https:\/\/smago.de\/ws2\/wp-content\/uploads\/2020\/12\/orf_andy-tichler_20201225194258-220x150.jpg 220w, https:\/\/smago.de\/ws2\/wp-content\/uploads\/2020\/12\/orf_andy-tichler_20201225194258-280x190.jpg 280w, https:\/\/smago.de\/ws2\/wp-content\/uploads\/2020\/12\/orf_andy-tichler_20201225194258-427x290.jpg 427w\" alt=\"\" width=\"768\" height=\"522\" \/><figcaption id=\"caption-attachment-158763\" class=\"wp-caption-text\"><em>Die Mannschaft des Traumschiffs: Kapit\u00e4n Max Parger (Florian Silbereisen, l.), Hanna Liebhold (Barbara Wussow, M.) und Staff-Kapit\u00e4n Martin Grimm (Daniel Morgenroth, r.) sind bereit f\u00fcr das bevorstehende Hochzeitsabenteuer. <\/em>&nbsp;<\/p>\n<p><em>Foto-Credit: ORF \u2013 ZDF \/ Dirk Bartling<\/em><\/p>\n<\/figcaption><\/figure>\n<\/div>\n<p>&nbsp;<\/p>\n<p>&nbsp;<\/p>\n<figure id=\"attachment_158764\" class=\"wp-caption alignnone\" aria-describedby=\"caption-attachment-158764\"><img decoding=\"async\" loading=\"lazy\" class=\"size-nerubian-single wp-image-158764\" src=\"https:\/\/smago.de\/ws2\/wp-content\/uploads\/2020\/12\/orf_andy-tichler_20201225194356-834x522.jpg\" sizes=\"(max-width: 800px) 100vw, 800px\" srcset=\"https:\/\/smago.de\/ws2\/wp-content\/uploads\/2020\/12\/orf_andy-tichler_20201225194356-834x522.jpg 834w, https:\/\/smago.de\/ws2\/wp-content\/uploads\/2020\/12\/orf_andy-tichler_20201225194356-522x327.jpg 522w, https:\/\/smago.de\/ws2\/wp-content\/uploads\/2020\/12\/orf_andy-tichler_20201225194356-800x501.jpg 800w, https:\/\/smago.de\/ws2\/wp-content\/uploads\/2020\/12\/orf_andy-tichler_20201225194356-240x150.jpg 240w, https:\/\/smago.de\/ws2\/wp-content\/uploads\/2020\/12\/orf_andy-tichler_20201225194356-768x480.jpg 768w, https:\/\/smago.de\/ws2\/wp-content\/uploads\/2020\/12\/orf_andy-tichler_20201225194356-1536x961.jpg 1536w, https:\/\/smago.de\/ws2\/wp-content\/uploads\/2020\/12\/orf_andy-tichler_20201225194356-2048x1281.jpg 2048w, https:\/\/smago.de\/ws2\/wp-content\/uploads\/2020\/12\/orf_andy-tichler_20201225194356-392x245.jpg 392w, https:\/\/smago.de\/ws2\/wp-content\/uploads\/2020\/12\/orf_andy-tichler_20201225194356-130x81.jpg 130w, https:\/\/smago.de\/ws2\/wp-content\/uploads\/2020\/12\/orf_andy-tichler_20201225194356-711x445.jpg 711w, https:\/\/smago.de\/ws2\/wp-content\/uploads\/2020\/12\/orf_andy-tichler_20201225194356-292x183.jpg 292w, https:\/\/smago.de\/ws2\/wp-content\/uploads\/2020\/12\/orf_andy-tichler_20201225194356-435x272.jpg 435w\" alt=\"\" width=\"800\" height=\"501\" \/><figcaption id=\"caption-attachment-158764\" class=\"wp-caption-text\"><em>Claudia (Elisabeth Romano, 3. v. l.) und Marc Erding (Heio von Stetten, 4. v. r.) geben sich auf dem Kreuzfahrtschiff das Jawort. Tristan (Valentin von Falkenhayn, 2. v. r.) und Selina (Tamara R\u00f6ske, l.), die Kinder der beiden, sind die Trauzeugen. Hochzeitsplaner Tom (Jan Hartmann, 2. v. l.), Hanna Liebhold (Barbara Wussow, 4. v. l.) und Staff-Kapit\u00e4n Martin Grimm (Daniel Morgenroth 3. v. r.) wohnen den Feierlichkeiten, geleitet von Kapit\u00e4n Max Parger (Florian Silbereisen, r.), freudig bei.<\/em>&nbsp;<\/p>\n<p><em>Foto-Credit: ORF \u2013 ZDF \/ Dirk Bartling<\/em><\/p>\n<\/figcaption><\/figure>\n<p>&nbsp;<\/p>\n<p>&nbsp;<\/p>\n<p>&nbsp;<\/p>\n<figure id=\"attachment_158765\" class=\"wp-caption alignnone\" aria-describedby=\"caption-attachment-158765\"><img decoding=\"async\" loading=\"lazy\" class=\"size-nerubian-single wp-image-158765\" src=\"https:\/\/smago.de\/ws2\/wp-content\/uploads\/2020\/12\/orf_andy-tichler_20201225195035-783x522.jpg\" sizes=\"(max-width: 783px) 100vw, 783px\" srcset=\"https:\/\/smago.de\/ws2\/wp-content\/uploads\/2020\/12\/orf_andy-tichler_20201225195035-783x522.jpg 783w, https:\/\/smago.de\/ws2\/wp-content\/uploads\/2020\/12\/orf_andy-tichler_20201225195035-522x348.jpg 522w, https:\/\/smago.de\/ws2\/wp-content\/uploads\/2020\/12\/orf_andy-tichler_20201225195035-800x533.jpg 800w, https:\/\/smago.de\/ws2\/wp-content\/uploads\/2020\/12\/orf_andy-tichler_20201225195035-225x150.jpg 225w, https:\/\/smago.de\/ws2\/wp-content\/uploads\/2020\/12\/orf_andy-tichler_20201225195035-768x512.jpg 768w, https:\/\/smago.de\/ws2\/wp-content\/uploads\/2020\/12\/orf_andy-tichler_20201225195035-1536x1024.jpg 1536w, https:\/\/smago.de\/ws2\/wp-content\/uploads\/2020\/12\/orf_andy-tichler_20201225195035-2048x1365.jpg 2048w, https:\/\/smago.de\/ws2\/wp-content\/uploads\/2020\/12\/orf_andy-tichler_20201225195035-392x261.jpg 392w, https:\/\/smago.de\/ws2\/wp-content\/uploads\/2020\/12\/orf_andy-tichler_20201225195035-130x87.jpg 130w, https:\/\/smago.de\/ws2\/wp-content\/uploads\/2020\/12\/orf_andy-tichler_20201225195035-668x445.jpg 668w, https:\/\/smago.de\/ws2\/wp-content\/uploads\/2020\/12\/orf_andy-tichler_20201225195035-285x190.jpg 285w, https:\/\/smago.de\/ws2\/wp-content\/uploads\/2020\/12\/orf_andy-tichler_20201225195035-435x290.jpg 435w, https:\/\/smago.de\/ws2\/wp-content\/uploads\/2020\/12\/orf_andy-tichler_20201225195035-150x100.jpg 150w, https:\/\/smago.de\/ws2\/wp-content\/uploads\/2020\/12\/orf_andy-tichler_20201225195035-370x247.jpg 370w\" alt=\"\" width=\"783\" height=\"522\" \/><figcaption id=\"caption-attachment-158765\" class=\"wp-caption-text\"><em>Sascha Kudrjawzew (Julian Bayer, l.) und Janine Perlinger (Judith Peres, 2. v. l.) feiern ihre Hochzeit auf dem Traumschiff. Hochzeitsplaner Tom (Jan Hartmann, 3. v. l.), Kapit\u00e4n Max Parger (Florian Silbereisen, r.), Staff-Kapit\u00e4n Martin Grimm (Daniel Morgenroth, 2.v r.) und Hanna Liebhold (Barbara Wussow , 3. v. r.) freuen sich f\u00fcr die beiden.<\/em>&nbsp;<\/p>\n<p><em>Foto-Credit: ORF \u2013 ZDF \/ Dirk Bartling<\/em><\/p>\n<\/figcaption><\/figure>\n","protected":false},"excerpt":{"rendered":"<p>Florian Silbereisen hat es &#8211; diesmal in seiner neuen Parade-Rolle als Kapit\u00e4n &#8222;Max Parger&#8220; &#8211; einmal mehr allen gezeigt &#8230;:<\/p>\n","protected":false},"author":2,"featured_media":158751,"comment_status":"open","ping_status":"closed","sticky":false,"template":"","format":"standard","meta":{"_FSMCFIC_featured_image_caption":"","_FSMCFIC_featured_image_nocaption":"","_FSMCFIC_featured_image_hide":""},"categories":[29],"tags":[793],"acf":[],"_links":{"self":[{"href":"https:\/\/smago.de\/ws2\/wp-json\/wp\/v2\/posts\/158824"}],"collection":[{"href":"https:\/\/smago.de\/ws2\/wp-json\/wp\/v2\/posts"}],"about":[{"href":"https:\/\/smago.de\/ws2\/wp-json\/wp\/v2\/types\/post"}],"author":[{"embeddable":true,"href":"https:\/\/smago.de\/ws2\/wp-json\/wp\/v2\/users\/2"}],"replies":[{"embeddable":true,"href":"https:\/\/smago.de\/ws2\/wp-json\/wp\/v2\/comments?post=158824"}],"version-history":[{"count":3,"href":"https:\/\/smago.de\/ws2\/wp-json\/wp\/v2\/posts\/158824\/revisions"}],"predecessor-version":[{"id":158827,"href":"https:\/\/smago.de\/ws2\/wp-json\/wp\/v2\/posts\/158824\/revisions\/158827"}],"wp:featuredmedia":[{"embeddable":true,"href":"https:\/\/smago.de\/ws2\/wp-json\/wp\/v2\/media\/158751"}],"wp:attachment":[{"href":"https:\/\/smago.de\/ws2\/wp-json\/wp\/v2\/media?parent=158824"}],"wp:term":[{"taxonomy":"category","embeddable":true,"href":"https:\/\/smago.de\/ws2\/wp-json\/wp\/v2\/categories?post=158824"},{"taxonomy":"post_tag","embeddable":true,"href":"https:\/\/smago.de\/ws2\/wp-json\/wp\/v2\/tags?post=158824"}],"curies":[{"name":"wp","href":"https:\/\/api.w.org\/{rel}","templated":true}]}}