{"id":158559,"date":"2020-12-20T14:26:17","date_gmt":"2020-12-20T13:26:17","guid":{"rendered":"https:\/\/smago.de\/ws2\/?p=158559"},"modified":"2020-12-20T14:26:17","modified_gmt":"2020-12-20T13:26:17","slug":"das-supertalent-nick-ferretti-ist-das-supertalent-2020","status":"publish","type":"post","link":"https:\/\/smago.de\/ws2\/pop\/das-supertalent-nick-ferretti-ist-das-supertalent-2020\/","title":{"rendered":"&#8222;DAS SUPERTALENT&#8220; <br>Nick Ferretti ist &#8222;Das Supertalent 2020&#8220;!"},"content":{"rendered":"<p style=\"text-align: justify;\">RTL sucht bereits nach Talenten f\u00fcr \u201eDas Supertalent 2021\u201c &#8230;:<br \/>\n<!--more--><\/p>\n<p style=\"text-align: justify;\">\n<p style=\"text-align: justify;\">\n<p style=\"text-align: justify;\">Der neuseel\u00e4ndische S\u00e4nger Nick Ferretti (30) wurde am gestrigen Samstag von den Zuschauern im gro\u00dfen Live-Finale zum Supertalent 2020 gew\u00e4hlt.<\/p>\n<p class=\"x_MsoNormal\" style=\"text-align: justify;\">Auf Platz Zwei landeten die Handstandakrobaten &#8222;Messoudi Brothers&#8220; und auf Platz Drei die Operns\u00e4ngerin Vanessa Calcagno. Nick Ferretti freut sich nicht nur \u00fcber den Titel, sondern auch \u00fcber eine Gewinnsumme von 50.000 Euro.<\/p>\n<p class=\"x_MsoNormal\" style=\"text-align: justify;\">Dieter Bohlen entdeckte den Stra\u00dfenmusiker vor drei Jahren in einer Fu\u00dfg\u00e4ngerzone auf Mallorca und lud ihn spontan zum Casting von &#8222;Deutschland sucht den Superstar&#8220; ein. Nick schaffte es bis ins DSDS-Finale und wurde Zweiter. Im gestrigen Supertalent- Finale performte der geb\u00fcrtige Neuseel\u00e4nder mit seiner Gitarre &#8222;All of me&#8220; von John Legend und die Jury war begeistert, vor allem Nicks gr\u00f6\u00dfter Fan Dieter Bohlen: &#8222;Er ber\u00fchrt mich so stark! Er hat das Zeug dazu, ein internationaler Star zu werden!&#8220;<\/p>\n<p>Nick Ferretti: &#8222;Ich bin so gl\u00fccklich! Ich bin dankbar, eine zweite Chance bekommen zu haben, in Deutschland zu zeigen, was ich kann. Ich bin Dieter dankbar, was f\u00fcr ein unglaublicher Mann. Und Danke Deutschland!&#8220;<\/p>\n<p>RTL sucht bereits nach Talenten f\u00fcr \u201eDas Supertalent 2021\u201c. Menschen, die etwas k\u00f6nnen, was andere nicht k\u00f6nnen. Menschen, mit unentdeckten, au\u00dfergew\u00f6hnlichen Talenten. Egal wie alt, ob Gruppe oder Alleine, ob Mensch oder Tier, bei \u201eDas Supertalent\u201c ist jeder willkommen: https:\/\/www.ufa.de\/casting\/das-supertalent<\/p>\n<p>Fans finden alle Infos und Videoclips zu \u201eDas Supertalent\u201c, der Jury, Teilnehmern und exklusive Backstage-Storys wieder im gro\u00dfen Special bei RTL.de. Die komplette Sendung ist im Anschluss sieben Tage kostenlos bei TVNOW abrufbar.<\/p>\n<p>&nbsp;<\/p>\n<p>&nbsp;<\/p>\n<p>&nbsp;<\/p>\n<figure id=\"attachment_158561\" aria-describedby=\"caption-attachment-158561\" style=\"width: 800px\" class=\"wp-caption alignnone\"><img decoding=\"async\" loading=\"lazy\" class=\"size-large wp-image-158561\" src=\"https:\/\/smago.de\/ws2\/wp-content\/uploads\/2020\/12\/1747698-800x533.jpg\" alt=\"\" width=\"800\" height=\"533\" srcset=\"https:\/\/smago.de\/ws2\/wp-content\/uploads\/2020\/12\/1747698-800x533.jpg 800w, https:\/\/smago.de\/ws2\/wp-content\/uploads\/2020\/12\/1747698-522x348.jpg 522w, https:\/\/smago.de\/ws2\/wp-content\/uploads\/2020\/12\/1747698-225x150.jpg 225w, https:\/\/smago.de\/ws2\/wp-content\/uploads\/2020\/12\/1747698-768x512.jpg 768w, https:\/\/smago.de\/ws2\/wp-content\/uploads\/2020\/12\/1747698-1536x1024.jpg 1536w, https:\/\/smago.de\/ws2\/wp-content\/uploads\/2020\/12\/1747698-2048x1365.jpg 2048w, https:\/\/smago.de\/ws2\/wp-content\/uploads\/2020\/12\/1747698-392x261.jpg 392w, https:\/\/smago.de\/ws2\/wp-content\/uploads\/2020\/12\/1747698-130x87.jpg 130w, https:\/\/smago.de\/ws2\/wp-content\/uploads\/2020\/12\/1747698-668x445.jpg 668w, https:\/\/smago.de\/ws2\/wp-content\/uploads\/2020\/12\/1747698-783x522.jpg 783w, https:\/\/smago.de\/ws2\/wp-content\/uploads\/2020\/12\/1747698-285x190.jpg 285w, https:\/\/smago.de\/ws2\/wp-content\/uploads\/2020\/12\/1747698-435x290.jpg 435w, https:\/\/smago.de\/ws2\/wp-content\/uploads\/2020\/12\/1747698-150x100.jpg 150w, https:\/\/smago.de\/ws2\/wp-content\/uploads\/2020\/12\/1747698-370x247.jpg 370w\" sizes=\"(max-width: 800px) 100vw, 800px\" \/><figcaption id=\"caption-attachment-158561\" class=\"wp-caption-text\"><em>Nick Ferretti ist Supertalent 2020, rechts Dieter Bohlen<\/em><br \/><em>Foto-Credit: <strong><a href=\"https:\/\/www.tvnow.de\">TVNOW<\/a><\/strong> \/ Stefan Gregorowius<\/em><\/figcaption><\/figure>\n<p>&nbsp;<\/p>\n<p>&nbsp;<\/p>\n<figure id=\"attachment_158562\" aria-describedby=\"caption-attachment-158562\" style=\"width: 800px\" class=\"wp-caption alignnone\"><img decoding=\"async\" loading=\"lazy\" class=\"size-large wp-image-158562\" src=\"https:\/\/smago.de\/ws2\/wp-content\/uploads\/2020\/12\/1747697-800x533.jpg\" alt=\"\" width=\"800\" height=\"533\" srcset=\"https:\/\/smago.de\/ws2\/wp-content\/uploads\/2020\/12\/1747697-800x533.jpg 800w, https:\/\/smago.de\/ws2\/wp-content\/uploads\/2020\/12\/1747697-522x348.jpg 522w, https:\/\/smago.de\/ws2\/wp-content\/uploads\/2020\/12\/1747697-225x150.jpg 225w, https:\/\/smago.de\/ws2\/wp-content\/uploads\/2020\/12\/1747697-768x512.jpg 768w, https:\/\/smago.de\/ws2\/wp-content\/uploads\/2020\/12\/1747697-1536x1024.jpg 1536w, https:\/\/smago.de\/ws2\/wp-content\/uploads\/2020\/12\/1747697-2048x1365.jpg 2048w, https:\/\/smago.de\/ws2\/wp-content\/uploads\/2020\/12\/1747697-392x261.jpg 392w, https:\/\/smago.de\/ws2\/wp-content\/uploads\/2020\/12\/1747697-130x87.jpg 130w, https:\/\/smago.de\/ws2\/wp-content\/uploads\/2020\/12\/1747697-668x445.jpg 668w, https:\/\/smago.de\/ws2\/wp-content\/uploads\/2020\/12\/1747697-783x522.jpg 783w, https:\/\/smago.de\/ws2\/wp-content\/uploads\/2020\/12\/1747697-285x190.jpg 285w, https:\/\/smago.de\/ws2\/wp-content\/uploads\/2020\/12\/1747697-435x290.jpg 435w, https:\/\/smago.de\/ws2\/wp-content\/uploads\/2020\/12\/1747697-150x100.jpg 150w, https:\/\/smago.de\/ws2\/wp-content\/uploads\/2020\/12\/1747697-370x247.jpg 370w\" sizes=\"(max-width: 800px) 100vw, 800px\" \/><figcaption id=\"caption-attachment-158562\" class=\"wp-caption-text\"><\/em> <em>Foto-Credit: <strong><a href=\"https:\/\/www.tvnow.de\">TVNOW<\/a><\/strong> \/ Stefan Gregorowius<\/em><\/figcaption><\/figure>\n","protected":false},"excerpt":{"rendered":"<p>RTL sucht bereits nach Talenten f\u00fcr \u201eDas Supertalent 2021\u201c &#8230;:<\/p>\n","protected":false},"author":2,"featured_media":158560,"comment_status":"open","ping_status":"closed","sticky":false,"template":"","format":"standard","meta":{"_FSMCFIC_featured_image_caption":"","_FSMCFIC_featured_image_nocaption":"","_FSMCFIC_featured_image_hide":""},"categories":[27],"tags":[265,1867],"acf":[],"_links":{"self":[{"href":"https:\/\/smago.de\/ws2\/wp-json\/wp\/v2\/posts\/158559"}],"collection":[{"href":"https:\/\/smago.de\/ws2\/wp-json\/wp\/v2\/posts"}],"about":[{"href":"https:\/\/smago.de\/ws2\/wp-json\/wp\/v2\/types\/post"}],"author":[{"embeddable":true,"href":"https:\/\/smago.de\/ws2\/wp-json\/wp\/v2\/users\/2"}],"replies":[{"embeddable":true,"href":"https:\/\/smago.de\/ws2\/wp-json\/wp\/v2\/comments?post=158559"}],"version-history":[{"count":1,"href":"https:\/\/smago.de\/ws2\/wp-json\/wp\/v2\/posts\/158559\/revisions"}],"predecessor-version":[{"id":158563,"href":"https:\/\/smago.de\/ws2\/wp-json\/wp\/v2\/posts\/158559\/revisions\/158563"}],"wp:featuredmedia":[{"embeddable":true,"href":"https:\/\/smago.de\/ws2\/wp-json\/wp\/v2\/media\/158560"}],"wp:attachment":[{"href":"https:\/\/smago.de\/ws2\/wp-json\/wp\/v2\/media?parent=158559"}],"wp:term":[{"taxonomy":"category","embeddable":true,"href":"https:\/\/smago.de\/ws2\/wp-json\/wp\/v2\/categories?post=158559"},{"taxonomy":"post_tag","embeddable":true,"href":"https:\/\/smago.de\/ws2\/wp-json\/wp\/v2\/tags?post=158559"}],"curies":[{"name":"wp","href":"https:\/\/api.w.org\/{rel}","templated":true}]}}