{"id":158495,"date":"2020-12-18T13:12:48","date_gmt":"2020-12-18T12:12:48","guid":{"rendered":"https:\/\/smago.de\/ws2\/?p=158495"},"modified":"2020-12-18T13:12:48","modified_gmt":"2020-12-18T12:12:48","slug":"smago-informiert-forsa-umfrage-zur-impfbereitschaft-der-deutschen","status":"publish","type":"post","link":"https:\/\/smago.de\/ws2\/smago-informiert\/smago-informiert-forsa-umfrage-zur-impfbereitschaft-der-deutschen\/","title":{"rendered":"smago! INFORMIERT <br>Forsa-Umfrage zur Impfbereitschaft der Deutschen:"},"content":{"rendered":"<p>Knapp die H\u00e4lfte der Deutschen ist bereit, sich sofort impfen zu lassen!<br \/>\n<!--more--><\/p>\n<p style=\"text-align: justify;\">\n<p style=\"text-align: justify;\">\n<div class=\"row\" style=\"text-align: justify;\">\n<div class=\"col-md-12\">\n<div class=\"pressemitteilung social\">\n<div class=\"content\">\n<div class=\"textundbild\">\n<p>Laut einer aktuellen Forsa-Umfrage im Auftrag von RTL und ntv haben 80 Prozent der Bundesb\u00fcrger Verst\u00e4ndnis daf\u00fcr, dass die EU-Pr\u00fcfbeh\u00f6rde sich mehr Zeit f\u00fcr die Impfstoffpr\u00fcfung nimmt als vergleichbare Beh\u00f6rden in den USA oder Gro\u00dfbritannien. Lediglich 16 Prozent der Befragten haben kein Verst\u00e4ndnis daf\u00fcr, dass die Pr\u00fcfung des Impfstoffs in der EU noch nicht abgeschlossen ist.<\/p>\n<\/div>\n<\/div>\n<\/div>\n<\/div>\n<\/div>\n<p style=\"text-align: justify;\">\n<p style=\"text-align: justify;\">\n<p style=\"text-align: justify;\">\n<p style=\"text-align: justify;\">\n<div class=\"row\" style=\"text-align: justify;\">\n<div class=\"col-md-12\">\n<div class=\"pressemitteilung social\">\n<div class=\"content\">\n<div class=\"textundbild\">\n<p><strong>Knapp die H\u00e4lfte der Deutschen ist bereit, sich sofort impfen zu lassen<\/strong><\/p>\n<p>&nbsp;<\/p>\n<p>Vor dem Hintergrund, dass voraussichtlich ab 27. Dezember 2020 mit dem Impfen begonnen<br \/>\nwerden kann, \u00e4u\u00dfern 47 Prozent der B\u00fcrger, dass sie sich, sobald sie die M\u00f6glichkeit haben, so schnell wie m\u00f6glich gegen Covid-19 impfen lassen werden. 40 Prozent der Befragten wollen dagegen lieber erst einmal abwarten und 11 Prozent m\u00f6chten sich nicht impfen lassen. Die gr\u00f6\u00dfte Bereitschaft zur Impfung liegt bei der Altersgruppe ab 60 Jahren (58%) sowie bei den Anh\u00e4ngern der SPD (60%). Insbesondere die 30- bis 44-J\u00e4hrigen (16%) sowie die Anh\u00e4nger der AfD (37%) lehnen dagegen eine Impfung ab.<\/p>\n<p>&nbsp;<\/p>\n<p><em>Die Daten wurden vom Markt- und Meinungsforschungsinstitut forsa im Auftrag der Mediengruppe RTL am 15. und 16. Dezember 2020 erhoben. Datenbasis: 1.004 Befragte. Statistische Fehlertoleranz: +\/\u2013 3 Prozentpunkte.<\/em><\/p>\n<\/div>\n<\/div>\n<\/div>\n<\/div>\n<\/div>\n<div class=\"row\">\n<div class=\"col-md-12\">\n<div id=\"ansprechpartner\" class=\"contentblock_pm\" style=\"text-align: justify;\"><\/div>\n<\/div>\n<\/div>\n","protected":false},"excerpt":{"rendered":"<p>Knapp die H\u00e4lfte der Deutschen ist bereit, sich sofort impfen zu lassen!<\/p>\n","protected":false},"author":2,"featured_media":158496,"comment_status":"open","ping_status":"closed","sticky":false,"template":"","format":"standard","meta":{"_FSMCFIC_featured_image_caption":"","_FSMCFIC_featured_image_nocaption":"","_FSMCFIC_featured_image_hide":""},"categories":[33],"tags":[60],"acf":[],"_links":{"self":[{"href":"https:\/\/smago.de\/ws2\/wp-json\/wp\/v2\/posts\/158495"}],"collection":[{"href":"https:\/\/smago.de\/ws2\/wp-json\/wp\/v2\/posts"}],"about":[{"href":"https:\/\/smago.de\/ws2\/wp-json\/wp\/v2\/types\/post"}],"author":[{"embeddable":true,"href":"https:\/\/smago.de\/ws2\/wp-json\/wp\/v2\/users\/2"}],"replies":[{"embeddable":true,"href":"https:\/\/smago.de\/ws2\/wp-json\/wp\/v2\/comments?post=158495"}],"version-history":[{"count":1,"href":"https:\/\/smago.de\/ws2\/wp-json\/wp\/v2\/posts\/158495\/revisions"}],"predecessor-version":[{"id":158497,"href":"https:\/\/smago.de\/ws2\/wp-json\/wp\/v2\/posts\/158495\/revisions\/158497"}],"wp:featuredmedia":[{"embeddable":true,"href":"https:\/\/smago.de\/ws2\/wp-json\/wp\/v2\/media\/158496"}],"wp:attachment":[{"href":"https:\/\/smago.de\/ws2\/wp-json\/wp\/v2\/media?parent=158495"}],"wp:term":[{"taxonomy":"category","embeddable":true,"href":"https:\/\/smago.de\/ws2\/wp-json\/wp\/v2\/categories?post=158495"},{"taxonomy":"post_tag","embeddable":true,"href":"https:\/\/smago.de\/ws2\/wp-json\/wp\/v2\/tags?post=158495"}],"curies":[{"name":"wp","href":"https:\/\/api.w.org\/{rel}","templated":true}]}}