{"id":158406,"date":"2020-12-17T15:12:35","date_gmt":"2020-12-17T14:12:35","guid":{"rendered":"https:\/\/smago.de\/ws2\/?p=158406"},"modified":"2020-12-17T15:19:49","modified_gmt":"2020-12-17T14:19:49","slug":"sepp-forcher-heute-17-12-2020-orf-2-sepp-und-helli-%e2%88%92-die-forchers-ganz-persoenlich","status":"publish","type":"post","link":"https:\/\/smago.de\/ws2\/volksmusik\/sepp-forcher-heute-17-12-2020-orf-2-sepp-und-helli-%e2%88%92-die-forchers-ganz-persoenlich\/","title":{"rendered":"SEPP FORCHER <br>Heute (17.12.2020), ORF 2: &#8222;Sepp und Helli \u2212 Die Forchers ganz pers\u00f6nlich&#8220;!"},"content":{"rendered":"<p style=\"text-align: justify;\">Neues Filmportr\u00e4t zum 90. Geburtstag von Sepp Forcher \/\/ 21:05 Uhr &#8211; 22:00 Uhr (Wh.: 18.12., 11:50 Uhr &#8211; 12:40 Uhr)!<br \/>\n<!--more--><\/p>\n<p>&nbsp;<\/p>\n<p>&nbsp;<\/p>\n<p>&nbsp;<\/p>\n<p style=\"text-align: justify;\">Am 17. Dezember 2020 wird SEPP FORCHER 90 Jahre alt. Der ORF gratuliert mit einem Programmschwerpunkt in ORF 2 und ORF III zum Geburtstag. So bringt ORF 2 am Jubeltag das neue, vom ORF Steiermark produzierte Filmportr\u00e4t \u201eSepp und Helli \u2212 Die Forchers ganz pers\u00f6nlich\u201c mit Gespr\u00e4chen des Jubilars und seiner Frau, mit der ihn schon 65 Ehejahre verbinden, sowie Musik und eindrucksvollen Landschaftsbildern. In ORF III wird Forcher ebenfalls gefeiert: Auf dem Spielplan stehen u. a. Dokumentationen \u00fcber Forchers Engagement als Vermittler von \u00f6sterreichischen Traditionen und Br\u00e4uchen.<\/p>\n<p>&nbsp;<\/p>\n<p>&nbsp;<\/p>\n<p>&nbsp;<\/p>\n<p>&nbsp;<\/p>\n<p style=\"text-align: justify;\"><strong>TV-Premiere \u201eSepp und Helli \u2212 Die Forchers ganz pers\u00f6nlich\u201c am 17. Dezember in ORF 2<\/strong><\/p>\n<p>&nbsp;<\/p>\n<p style=\"text-align: justify;\">2020 \u2212 ein Jubil\u00e4umsjahr f\u00fcr die Forchers: Im Fr\u00fchjahr wurde die 200. Ausgabe der Sendung \u201eKlingendes \u00d6sterreich\u201c ausgestrahlt, Helli Forcher feierte im Mai ihren 90. Geburtstag, am 17. Dezember wird Sepp Forcher 90 Jahre alt.<\/p>\n<p style=\"text-align: justify;\">\u201eKlingendes \u00d6sterreich\u201c-Regisseurin Elisabeth Eisner hat mit dem steirischen Produktionsteam in den vergangenen zehn Jahren Gelegenheiten genutzt, das Ehepaar in verschiedenen Situationen bei Gespr\u00e4chen miteinander zu filmen. Und so reden sie in \u201eSepp und Helli \u2212 Die Forchers ganz pers\u00f6nlich\u201c \u00fcber ihr Kennenlernen, das Bergsteigen und ihre Hochzeit. Gemeinsame Interessen, wie die Liebe zu Steinen und zu klassischer Musik, sind genauso Inhalte wie Religion und Glaube oder auch Essen und Trinken. Die Gespr\u00e4che lassen das Publikum auch daran teilhaben, wie sich Ansichten und Einsichten \u00fcber die Jahre gewandelt haben. Fest verankert sind aber die immer gleichbleibende Zuneigung und Wertsch\u00e4tzung der beiden 90-J\u00e4hrigen. Umrahmt von Landschaftsaufnahmen sowie klassischer Musik und Volksmusik gew\u00e4hrt der Film einen sehr pers\u00f6nlichen Einblick in Themen, die Helli und Sepp bewegen.<\/p>\n<p>&nbsp;<\/p>\n<p>&nbsp;<\/p>\n<p>&nbsp;<\/p>\n<p>&nbsp;<\/p>\n<p style=\"text-align: justify;\"><strong>\u201eKlingendes \u00d6sterreich\u201c, \u201eAndr\u00e9 Hellers Menschenkinder\u201c, weitere Portr\u00e4ts und Dokus in ORF III<\/strong><\/p>\n<p>&nbsp;<\/p>\n<p style=\"text-align: justify;\">Ein ganzer ORF-III-Abend war dem Jubilar am Mittwoch, dem 16. Dezember, ab 20.15 Uhr gewidmet: Auf die vom ORF Steiermark produzierte Dokumentation \u201eMein Lebensberg \u2212 Sepp Forcher und der Gro\u00dfglockner\u201c \u00fcber die kraftvolle, schicksalshafte und ber\u00fchrende Verbundenheit von Sepp Forcher mit \u00d6sterreichs h\u00f6chstem Berg, folgte der Zweiteiler \u201eKulturlandschaft \u00d6sterreich\u201c (ab 21.20 Uhr). Darin besuchte Forcher weitere ikonische Pl\u00e4tze des Landes. Den Abend beschloss das \u201eHeimat \u00d6sterreich\u201c-Portr\u00e4t \u201eSepp Forcher \u2013 Mein Leben\u201c (23.00 Uhr), in dem neben Forcher selbst auch Weggef\u00e4hrtinnen und Weggef\u00e4hrten zu Wort kamen.<\/p>\n<p style=\"text-align: justify;\">Einen zweiten Geburtstagsabend pr\u00e4sentiert ORF III am Freitag, dem 18. Dezember, beginnend mit einer Ausgabe von \u201eAndr\u00e9 Hellers Menschenkinder\u201c mit Sepp Forcher (20.15 Uhr). In einem sehr pers\u00f6nlichen Gespr\u00e4ch erz\u00e4hlt er \u00fcber seine Kindheit w\u00e4hrend des Kriegs im Salzburger Pongau, seinen Beruf als H\u00fcttenwirt am Gro\u00dfglockner und seine Berufung als Vermittler von Traditionen im \u00f6sterreichischen Fernsehen. Anschlie\u00dfend stehen zwei Dokuzweiteiler auf dem Programm: Ab 21.25 Uhr zeigt \u201eSepp Forcher: Meine liebsten Orte\u201c, danach geht es \u201eDurch\u2019s Land mit Sepp Forcher\u201c (ab 23.05 Uhr).<\/p>\n<p style=\"text-align: justify;\">Weiters zeigt ORF III am Samstag, dem 19. Dezember, in einer Ausgabe von Forchers legend\u00e4rer Reihe \u201eKlingendes \u00d6sterreich: Weihnachten im Salzkammergut\u201c (17.35 Uhr), gefolgt vom Dacapo \u201eMein Lebensberg \u2013 Sepp Forcher und der Gro\u00dfglockner\u201c (19.10 Uhr).<\/p>\n<p>&nbsp;<\/p>\n<p>&nbsp;<\/p>\n<p>&nbsp;<\/p>\n<figure id=\"attachment_158411\" aria-describedby=\"caption-attachment-158411\" style=\"width: 800px\" class=\"wp-caption alignnone\"><img decoding=\"async\" loading=\"lazy\" class=\"size-nerubian-single wp-image-158411\" src=\"https:\/\/smago.de\/ws2\/wp-content\/uploads\/2020\/12\/orf_andy-tichler_20201217151245-870x489.jpg\" alt=\"\" width=\"800\" height=\"450\" srcset=\"https:\/\/smago.de\/ws2\/wp-content\/uploads\/2020\/12\/orf_andy-tichler_20201217151245-870x489.jpg 870w, https:\/\/smago.de\/ws2\/wp-content\/uploads\/2020\/12\/orf_andy-tichler_20201217151245-522x294.jpg 522w, https:\/\/smago.de\/ws2\/wp-content\/uploads\/2020\/12\/orf_andy-tichler_20201217151245-800x450.jpg 800w, https:\/\/smago.de\/ws2\/wp-content\/uploads\/2020\/12\/orf_andy-tichler_20201217151245-267x150.jpg 267w, https:\/\/smago.de\/ws2\/wp-content\/uploads\/2020\/12\/orf_andy-tichler_20201217151245-768x432.jpg 768w, https:\/\/smago.de\/ws2\/wp-content\/uploads\/2020\/12\/orf_andy-tichler_20201217151245-1536x864.jpg 1536w, https:\/\/smago.de\/ws2\/wp-content\/uploads\/2020\/12\/orf_andy-tichler_20201217151245-392x221.jpg 392w, https:\/\/smago.de\/ws2\/wp-content\/uploads\/2020\/12\/orf_andy-tichler_20201217151245-130x73.jpg 130w, https:\/\/smago.de\/ws2\/wp-content\/uploads\/2020\/12\/orf_andy-tichler_20201217151245-791x445.jpg 791w, https:\/\/smago.de\/ws2\/wp-content\/uploads\/2020\/12\/orf_andy-tichler_20201217151245-292x164.jpg 292w, https:\/\/smago.de\/ws2\/wp-content\/uploads\/2020\/12\/orf_andy-tichler_20201217151245-435x245.jpg 435w, https:\/\/smago.de\/ws2\/wp-content\/uploads\/2020\/12\/orf_andy-tichler_20201217151245-895x503.jpg 895w, https:\/\/smago.de\/ws2\/wp-content\/uploads\/2020\/12\/orf_andy-tichler_20201217151245.jpg 1920w\" sizes=\"(max-width: 800px) 100vw, 800px\" \/><figcaption id=\"caption-attachment-158411\" class=\"wp-caption-text\"><em>Foto-Credit: ORF &#8211; Landesstudio Steiermark<\/em><\/figcaption><\/figure>\n<p>&nbsp;<\/p>\n<p>&nbsp;<\/p>\n<p>&nbsp;<\/p>\n<figure id=\"attachment_158412\" aria-describedby=\"caption-attachment-158412\" style=\"width: 800px\" class=\"wp-caption alignnone\"><img decoding=\"async\" loading=\"lazy\" class=\"size-nerubian-single wp-image-158412\" src=\"https:\/\/smago.de\/ws2\/wp-content\/uploads\/2020\/12\/orf_andy-tichler_20201217151305-870x489.jpg\" alt=\"\" width=\"800\" height=\"450\" srcset=\"https:\/\/smago.de\/ws2\/wp-content\/uploads\/2020\/12\/orf_andy-tichler_20201217151305-870x489.jpg 870w, https:\/\/smago.de\/ws2\/wp-content\/uploads\/2020\/12\/orf_andy-tichler_20201217151305-522x294.jpg 522w, https:\/\/smago.de\/ws2\/wp-content\/uploads\/2020\/12\/orf_andy-tichler_20201217151305-800x450.jpg 800w, https:\/\/smago.de\/ws2\/wp-content\/uploads\/2020\/12\/orf_andy-tichler_20201217151305-267x150.jpg 267w, https:\/\/smago.de\/ws2\/wp-content\/uploads\/2020\/12\/orf_andy-tichler_20201217151305-768x432.jpg 768w, https:\/\/smago.de\/ws2\/wp-content\/uploads\/2020\/12\/orf_andy-tichler_20201217151305-1536x864.jpg 1536w, https:\/\/smago.de\/ws2\/wp-content\/uploads\/2020\/12\/orf_andy-tichler_20201217151305-392x221.jpg 392w, https:\/\/smago.de\/ws2\/wp-content\/uploads\/2020\/12\/orf_andy-tichler_20201217151305-130x73.jpg 130w, https:\/\/smago.de\/ws2\/wp-content\/uploads\/2020\/12\/orf_andy-tichler_20201217151305-791x445.jpg 791w, https:\/\/smago.de\/ws2\/wp-content\/uploads\/2020\/12\/orf_andy-tichler_20201217151305-292x164.jpg 292w, https:\/\/smago.de\/ws2\/wp-content\/uploads\/2020\/12\/orf_andy-tichler_20201217151305-435x245.jpg 435w, https:\/\/smago.de\/ws2\/wp-content\/uploads\/2020\/12\/orf_andy-tichler_20201217151305-895x503.jpg 895w, https:\/\/smago.de\/ws2\/wp-content\/uploads\/2020\/12\/orf_andy-tichler_20201217151305.jpg 1920w\" sizes=\"(max-width: 800px) 100vw, 800px\" \/><figcaption id=\"caption-attachment-158412\" class=\"wp-caption-text\"><\/em> <em>Foto-Credit: ORF &#8211; Landesstudio Steiermark<\/em><\/figcaption><\/figure>\n<p>&nbsp;<\/p>\n<p>&nbsp;<\/p>\n<p>&nbsp;<\/p>\n<figure id=\"attachment_158413\" aria-describedby=\"caption-attachment-158413\" style=\"width: 800px\" class=\"wp-caption alignnone\"><img decoding=\"async\" loading=\"lazy\" class=\"size-nerubian-single wp-image-158413\" src=\"https:\/\/smago.de\/ws2\/wp-content\/uploads\/2020\/12\/orf_andy-tichler_20201217151632-870x489.jpg\" alt=\"\" width=\"800\" height=\"450\" srcset=\"https:\/\/smago.de\/ws2\/wp-content\/uploads\/2020\/12\/orf_andy-tichler_20201217151632-870x489.jpg 870w, https:\/\/smago.de\/ws2\/wp-content\/uploads\/2020\/12\/orf_andy-tichler_20201217151632-522x294.jpg 522w, https:\/\/smago.de\/ws2\/wp-content\/uploads\/2020\/12\/orf_andy-tichler_20201217151632-800x450.jpg 800w, https:\/\/smago.de\/ws2\/wp-content\/uploads\/2020\/12\/orf_andy-tichler_20201217151632-267x150.jpg 267w, https:\/\/smago.de\/ws2\/wp-content\/uploads\/2020\/12\/orf_andy-tichler_20201217151632-768x432.jpg 768w, https:\/\/smago.de\/ws2\/wp-content\/uploads\/2020\/12\/orf_andy-tichler_20201217151632-1536x864.jpg 1536w, https:\/\/smago.de\/ws2\/wp-content\/uploads\/2020\/12\/orf_andy-tichler_20201217151632-392x221.jpg 392w, https:\/\/smago.de\/ws2\/wp-content\/uploads\/2020\/12\/orf_andy-tichler_20201217151632-130x73.jpg 130w, https:\/\/smago.de\/ws2\/wp-content\/uploads\/2020\/12\/orf_andy-tichler_20201217151632-791x445.jpg 791w, https:\/\/smago.de\/ws2\/wp-content\/uploads\/2020\/12\/orf_andy-tichler_20201217151632-292x164.jpg 292w, https:\/\/smago.de\/ws2\/wp-content\/uploads\/2020\/12\/orf_andy-tichler_20201217151632-435x245.jpg 435w, https:\/\/smago.de\/ws2\/wp-content\/uploads\/2020\/12\/orf_andy-tichler_20201217151632-895x503.jpg 895w, https:\/\/smago.de\/ws2\/wp-content\/uploads\/2020\/12\/orf_andy-tichler_20201217151632.jpg 1920w\" sizes=\"(max-width: 800px) 100vw, 800px\" \/><figcaption id=\"caption-attachment-158413\" class=\"wp-caption-text\"><\/em> <em>Foto-Credit: ORF &#8211; Landesstudio Steiermark<\/em><\/figcaption><\/figure>\n<p>&nbsp;<\/p>\n<p>&nbsp;<\/p>\n<p>&nbsp;<\/p>\n<figure id=\"attachment_158414\" aria-describedby=\"caption-attachment-158414\" style=\"width: 800px\" class=\"wp-caption alignnone\"><img decoding=\"async\" loading=\"lazy\" class=\"size-nerubian-single wp-image-158414\" src=\"https:\/\/smago.de\/ws2\/wp-content\/uploads\/2020\/12\/orf_andy-tichler_20201217151649-870x489.jpg\" alt=\"\" width=\"800\" height=\"450\" srcset=\"https:\/\/smago.de\/ws2\/wp-content\/uploads\/2020\/12\/orf_andy-tichler_20201217151649-870x489.jpg 870w, https:\/\/smago.de\/ws2\/wp-content\/uploads\/2020\/12\/orf_andy-tichler_20201217151649-522x294.jpg 522w, https:\/\/smago.de\/ws2\/wp-content\/uploads\/2020\/12\/orf_andy-tichler_20201217151649-800x450.jpg 800w, https:\/\/smago.de\/ws2\/wp-content\/uploads\/2020\/12\/orf_andy-tichler_20201217151649-267x150.jpg 267w, https:\/\/smago.de\/ws2\/wp-content\/uploads\/2020\/12\/orf_andy-tichler_20201217151649-768x432.jpg 768w, https:\/\/smago.de\/ws2\/wp-content\/uploads\/2020\/12\/orf_andy-tichler_20201217151649-1536x864.jpg 1536w, https:\/\/smago.de\/ws2\/wp-content\/uploads\/2020\/12\/orf_andy-tichler_20201217151649-392x221.jpg 392w, https:\/\/smago.de\/ws2\/wp-content\/uploads\/2020\/12\/orf_andy-tichler_20201217151649-130x73.jpg 130w, https:\/\/smago.de\/ws2\/wp-content\/uploads\/2020\/12\/orf_andy-tichler_20201217151649-791x445.jpg 791w, https:\/\/smago.de\/ws2\/wp-content\/uploads\/2020\/12\/orf_andy-tichler_20201217151649-292x164.jpg 292w, https:\/\/smago.de\/ws2\/wp-content\/uploads\/2020\/12\/orf_andy-tichler_20201217151649-435x245.jpg 435w, https:\/\/smago.de\/ws2\/wp-content\/uploads\/2020\/12\/orf_andy-tichler_20201217151649-895x503.jpg 895w, https:\/\/smago.de\/ws2\/wp-content\/uploads\/2020\/12\/orf_andy-tichler_20201217151649.jpg 1920w\" sizes=\"(max-width: 800px) 100vw, 800px\" \/><figcaption id=\"caption-attachment-158414\" class=\"wp-caption-text\"><\/em> <em>Foto-Credit: ORF &#8211; Landesstudio Steiermark<\/em><\/figcaption><\/figure>\n<p>&nbsp;<\/p>\n<p>&nbsp;<\/p>\n<p>&nbsp;<\/p>\n<figure id=\"attachment_158408\" aria-describedby=\"caption-attachment-158408\" style=\"width: 783px\" class=\"wp-caption alignnone\"><img decoding=\"async\" loading=\"lazy\" class=\"size-nerubian-single wp-image-158408\" src=\"https:\/\/smago.de\/ws2\/wp-content\/uploads\/2020\/12\/orf_andy-tichler_20201217151055-783x522.jpg\" alt=\"\" width=\"783\" height=\"522\" srcset=\"https:\/\/smago.de\/ws2\/wp-content\/uploads\/2020\/12\/orf_andy-tichler_20201217151055-783x522.jpg 783w, https:\/\/smago.de\/ws2\/wp-content\/uploads\/2020\/12\/orf_andy-tichler_20201217151055-522x348.jpg 522w, https:\/\/smago.de\/ws2\/wp-content\/uploads\/2020\/12\/orf_andy-tichler_20201217151055-800x533.jpg 800w, https:\/\/smago.de\/ws2\/wp-content\/uploads\/2020\/12\/orf_andy-tichler_20201217151055-225x150.jpg 225w, https:\/\/smago.de\/ws2\/wp-content\/uploads\/2020\/12\/orf_andy-tichler_20201217151055-768x512.jpg 768w, https:\/\/smago.de\/ws2\/wp-content\/uploads\/2020\/12\/orf_andy-tichler_20201217151055-1536x1024.jpg 1536w, https:\/\/smago.de\/ws2\/wp-content\/uploads\/2020\/12\/orf_andy-tichler_20201217151055-2048x1365.jpg 2048w, https:\/\/smago.de\/ws2\/wp-content\/uploads\/2020\/12\/orf_andy-tichler_20201217151055-392x261.jpg 392w, https:\/\/smago.de\/ws2\/wp-content\/uploads\/2020\/12\/orf_andy-tichler_20201217151055-130x87.jpg 130w, https:\/\/smago.de\/ws2\/wp-content\/uploads\/2020\/12\/orf_andy-tichler_20201217151055-668x445.jpg 668w, https:\/\/smago.de\/ws2\/wp-content\/uploads\/2020\/12\/orf_andy-tichler_20201217151055-285x190.jpg 285w, https:\/\/smago.de\/ws2\/wp-content\/uploads\/2020\/12\/orf_andy-tichler_20201217151055-435x290.jpg 435w, https:\/\/smago.de\/ws2\/wp-content\/uploads\/2020\/12\/orf_andy-tichler_20201217151055-150x100.jpg 150w, https:\/\/smago.de\/ws2\/wp-content\/uploads\/2020\/12\/orf_andy-tichler_20201217151055-370x247.jpg 370w\" sizes=\"(max-width: 783px) 100vw, 783px\" \/><figcaption id=\"caption-attachment-158408\" class=\"wp-caption-text\"><\/em> <em>ORF &#8211; Landesstudio Steiermark \/ Anton Wieser<\/em><\/figcaption><\/figure>\n","protected":false},"excerpt":{"rendered":"<p>Neues Filmportr\u00e4t zum 90. Geburtstag von Sepp Forcher \/\/ 21:05 Uhr &#8211; 22:00 Uhr (Wh.: 18.12., 11:50 Uhr &#8211; 12:40<\/p>\n","protected":false},"author":2,"featured_media":158407,"comment_status":"open","ping_status":"closed","sticky":false,"template":"","format":"standard","meta":{"_FSMCFIC_featured_image_caption":"","_FSMCFIC_featured_image_nocaption":"","_FSMCFIC_featured_image_hide":""},"categories":[128,30],"tags":[1762],"acf":[],"_links":{"self":[{"href":"https:\/\/smago.de\/ws2\/wp-json\/wp\/v2\/posts\/158406"}],"collection":[{"href":"https:\/\/smago.de\/ws2\/wp-json\/wp\/v2\/posts"}],"about":[{"href":"https:\/\/smago.de\/ws2\/wp-json\/wp\/v2\/types\/post"}],"author":[{"embeddable":true,"href":"https:\/\/smago.de\/ws2\/wp-json\/wp\/v2\/users\/2"}],"replies":[{"embeddable":true,"href":"https:\/\/smago.de\/ws2\/wp-json\/wp\/v2\/comments?post=158406"}],"version-history":[{"count":3,"href":"https:\/\/smago.de\/ws2\/wp-json\/wp\/v2\/posts\/158406\/revisions"}],"predecessor-version":[{"id":158415,"href":"https:\/\/smago.de\/ws2\/wp-json\/wp\/v2\/posts\/158406\/revisions\/158415"}],"wp:featuredmedia":[{"embeddable":true,"href":"https:\/\/smago.de\/ws2\/wp-json\/wp\/v2\/media\/158407"}],"wp:attachment":[{"href":"https:\/\/smago.de\/ws2\/wp-json\/wp\/v2\/media?parent=158406"}],"wp:term":[{"taxonomy":"category","embeddable":true,"href":"https:\/\/smago.de\/ws2\/wp-json\/wp\/v2\/categories?post=158406"},{"taxonomy":"post_tag","embeddable":true,"href":"https:\/\/smago.de\/ws2\/wp-json\/wp\/v2\/tags?post=158406"}],"curies":[{"name":"wp","href":"https:\/\/api.w.org\/{rel}","templated":true}]}}