{"id":158342,"date":"2020-12-16T00:00:00","date_gmt":"2020-12-15T23:00:00","guid":{"rendered":"https:\/\/smago.de\/ws2\/?p=158342"},"modified":"2020-12-15T14:14:30","modified_gmt":"2020-12-15T13:14:30","slug":"sepp-forcher-orf-iii-kultur-und-information-ehrt-sepp-forster-heute-16-12-zu-dessen-90-geburtstag-morgen-17-12-2020","status":"publish","type":"post","link":"https:\/\/smago.de\/ws2\/volksmusik\/sepp-forcher-orf-iii-kultur-und-information-ehrt-sepp-forster-heute-16-12-zu-dessen-90-geburtstag-morgen-17-12-2020\/","title":{"rendered":"SEPP FORCHER <br>ORF III Kultur und Information ehrt Sepp Forster heute (16.12.) zu dessen 90. Geburtstag (morgen &#8211; 17.12.2020)!"},"content":{"rendered":"<p>Alle Sendungen in der \u00dcbersicht &#8230;:<br \/>\n<!--more--><\/p>\n<p>&nbsp;<\/p>\n<p>&nbsp;<\/p>\n<p style=\"text-align: justify;\">ORF III Kultur und Information pr\u00e4sentiert am Mittwoch, dem 16. Dezember 2020, einen ganzen TV-Abend im Zeichen des Publikumslieblings Sepp Forcher, der am morgigen Donnerstag (17.12.2020) seinen 90. Geburtstag feiert.<\/p>\n<p style=\"text-align: justify;\">Am Morgen meldet sich \u201eORF III AKTUELL\u201c (09:30 Uhr) mit den Neuigkeiten des Tages. Im Vorabend geht Paul Chaim Eisenberg in \u201eKultur Heute\u201c (19:45 Uhr) Unterschieden und Gemeinsamkeiten von Weihnachten und Chanukka auf den Grund. Au\u00dferdem wird in der Sendung ein von Eva Schlegel zur Verf\u00fcgung gestellter Siebdruck aus Blei vorgestellt, der im Rahmen der ORF-III-\u201eLicht ins Dunkel\u201c-Gala <strong><a href=\"https:\/\/www.dorotheum.com\/lid\">HIER<\/a><\/strong> ersteigert werden kann.<\/p>\n<p style=\"text-align: justify;\">Um 20.15 Uhr startet der vierteilige Geburtstags-Abend mit der vom ORF Steiermark produzierten Dokumentation \u201eMein Lebensberg \u2212 Sepp Forcher und der Gro\u00dfglockner\u201c. Pr\u00e4gende Erlebnisse und eine besondere Geschichte verbinden Forcher mit dem Glockner. Knapp sieben Jahrzehnte nach seiner ersten Besteigung begibt sich der Heimatkenner nochmals auf eine Reise ins Gebiet der Hohen Tauern. Dabei gew\u00e4hrt er Einblicke in den einzigartigen Lebensraum und erz\u00e4hlt von seiner tiefen Beziehung zum h\u00f6chsten Berg \u00d6sterreichs.<\/p>\n<p style=\"text-align: justify;\">Anschlie\u00dfend folgt der \u201eHeimat \u00d6sterreich\u201c-Zweiteiler \u201eKulturlandschaft \u00d6sterreich \u2013 mit Sepp Forcher \u201c (ab 21:20 Uhr), in dem der ehemalige H\u00fcttenwirt weitere ikonische Pl\u00e4tze des Landes besucht. Vom Neusiedler See f\u00fchrt ihn sein Weg \u00fcber die Weinberge der Wachau bis ins weltber\u00fchmte Hallstatt im Salzkammergut. Den Abend beschlie\u00dft das \u201eHeimat \u00d6sterreich\u201c-Portr\u00e4t \u201eSepp Forcher \u2013 Mein Leben\u201c (23:00 Uhr), in dem auch Weggef\u00e4hrtinnen und Weggef\u00e4hrten des geb\u00fcrtigen Italieners zu Wort kommen.<\/p>\n","protected":false},"excerpt":{"rendered":"<p>Alle Sendungen in der \u00dcbersicht &#8230;:<\/p>\n","protected":false},"author":2,"featured_media":158344,"comment_status":"open","ping_status":"closed","sticky":false,"template":"","format":"standard","meta":{"_FSMCFIC_featured_image_caption":"","_FSMCFIC_featured_image_nocaption":"","_FSMCFIC_featured_image_hide":""},"categories":[128,30],"tags":[1762],"acf":[],"_links":{"self":[{"href":"https:\/\/smago.de\/ws2\/wp-json\/wp\/v2\/posts\/158342"}],"collection":[{"href":"https:\/\/smago.de\/ws2\/wp-json\/wp\/v2\/posts"}],"about":[{"href":"https:\/\/smago.de\/ws2\/wp-json\/wp\/v2\/types\/post"}],"author":[{"embeddable":true,"href":"https:\/\/smago.de\/ws2\/wp-json\/wp\/v2\/users\/2"}],"replies":[{"embeddable":true,"href":"https:\/\/smago.de\/ws2\/wp-json\/wp\/v2\/comments?post=158342"}],"version-history":[{"count":2,"href":"https:\/\/smago.de\/ws2\/wp-json\/wp\/v2\/posts\/158342\/revisions"}],"predecessor-version":[{"id":158346,"href":"https:\/\/smago.de\/ws2\/wp-json\/wp\/v2\/posts\/158342\/revisions\/158346"}],"wp:featuredmedia":[{"embeddable":true,"href":"https:\/\/smago.de\/ws2\/wp-json\/wp\/v2\/media\/158344"}],"wp:attachment":[{"href":"https:\/\/smago.de\/ws2\/wp-json\/wp\/v2\/media?parent=158342"}],"wp:term":[{"taxonomy":"category","embeddable":true,"href":"https:\/\/smago.de\/ws2\/wp-json\/wp\/v2\/categories?post=158342"},{"taxonomy":"post_tag","embeddable":true,"href":"https:\/\/smago.de\/ws2\/wp-json\/wp\/v2\/tags?post=158342"}],"curies":[{"name":"wp","href":"https:\/\/api.w.org\/{rel}","templated":true}]}}