{"id":158329,"date":"2020-12-15T11:40:44","date_gmt":"2020-12-15T10:40:44","guid":{"rendered":"https:\/\/smago.de\/ws2\/?p=158329"},"modified":"2020-12-15T11:40:44","modified_gmt":"2020-12-15T10:40:44","slug":"smago-informiert-ndr-fernsehen-startet-in-hamburg-testbetrieb-zu-verbesserung-der-sprachverstaendlichkeit","status":"publish","type":"post","link":"https:\/\/smago.de\/ws2\/uncategorized\/smago-informiert-ndr-fernsehen-startet-in-hamburg-testbetrieb-zu-verbesserung-der-sprachverstaendlichkeit\/","title":{"rendered":"smago! INFORMIERT <br>NDR Fernsehen startet in Hamburg Testbetrieb zu Verbesserung der Sprachverst\u00e4ndlichkeit!"},"content":{"rendered":"<p><em>smago!<\/em> meint: Ein Beispiel, das Schule machen sollte!<br \/>\n<!--more--><\/p>\n<p>&nbsp;<\/p>\n<p style=\"text-align: justify;\">\n<p style=\"text-align: justify;\">Um die Sprachverst\u00e4ndlichkeit und Barrierefreiheit im Fernsehen zu verbessern, hat der der NDR den Fernsehbegleitton \u201eKlare Sprache\u201c in Betrieb genommen. Das zus\u00e4tzliche Audiosignal ist in Hamburg \u00fcber den DVB-T2-Multiplex (K40, 626 MHz) zu empfangen.<\/p>\n<p style=\"text-align: justify;\">Damit m\u00f6chte der NDR dem Wunsch vieler Zuschauerinnen und Zuschauer nach einer besseren Sprachverst\u00e4ndlichkeit bei der Fernsehnutzung entsprechen. \u201eDieses Anliegen haben insbesondere Schwerh\u00f6rige und Menschen mit altersbedingter H\u00f6rminderung immer wieder formuliert. Der NDR unterst\u00fctzt die gemeinsame Arbeit der ARD, ihre Angebote f\u00fcr diese Zuschauerinnen und Zuschauer zu optimieren, indem wir ihnen eine eigene Tonspur mit weniger Nebenger\u00e4uschen bieten\u201c, sagt Frank Beckmann, NDR Programmdirektor Fernsehen.<\/p>\n<p style=\"text-align: justify;\">Die Besonderheit des im NDR entwickelten Verfahrens ist, dass es in Echtzeit aus dem vorhandenen Fernsehton ein alternatives Audio-Signal erstellt, bei dem Musik und Hintergrundger\u00e4usche zur\u00fcckgenommen werden, um so zum Beispiel Dialoge besser verstehen zu k\u00f6nnen. Daher ist diese Methode, die in Hamburg nun erstmals auf den Sender geht, auch im Live-Betrieb einsetzbar. \u201eDas ist ein klarer Vorteil gegen\u00fcber anderen Verfahren, zumal es auch noch preiswert umzusetzen ist\u201c, erl\u00e4utert Askan Siegfried, der im NDR ma\u00dfgeblich an der Entwicklung beteiligt war.<\/p>\n<p style=\"text-align: justify;\">Der Testbetrieb soll zun\u00e4chst bis 11. Januar laufen. Zuschauerinnen und Zuschauer sind aufgefordert, den Fernsehton \u201eKlare Sprache\u201c in dieser Testphase zu bewerten. R\u00fcckmeldungen k\u00f6nnen \u00fcber ein Formular im Internet unter <a href=\"http:\/\/www.ndr.de\/klaresprache\">www.ndr.de\/klaresprache<\/a> gegeben werden. Die Erkenntnisse aus dem NDR und anderer Landesrundfunkanstalten werden im Rahmen einer ARD-Arbeitsgruppe Sprachverst\u00e4ndlichkeit untereinander ausgetauscht und bewertet.<\/p>\n<p style=\"text-align: justify;\">Im zweiten Quartal 2021 soll der Fernsehton \u201eKlare Sprache\u201c f\u00fcr alle DVB-T2-Nutzer in Norddeutschland bereitgestellt werden, und zwar f\u00fcr das NDR Fernsehen HD und dann auch f\u00fcr Das Erste HD.<\/p>\n<p style=\"text-align: justify;\">Um auf die Variante mit der klareren Sprache zu wechseln, muss man \u00fcber die Fernbedienung des TV-Ger\u00e4tes (oder ggf. auch der Set-Top-Box) eine andere, meist die dritte Tonspur anw\u00e4hlen. Hinweise hierzu sind aufgrund der Vielzahl an Ger\u00e4tetypen der jeweiligen Bedienungsanleitung zu entnehmen.<\/p>\n<p style=\"text-align: justify;\">\n<p style=\"text-align: justify;\"><em>Bei Fragen erreichen Interessierte den NDR unter <a href=\"http:\/\/www.ndr.de\/technik\">www.ndr.de\/technik<\/a> sowie \u00fcber eine kostenlose Service-Hotline. Unter 08000\/637099 beantworten Fachleute t\u00e4glich von 8.00 Uhr bis 21.00 Uhr alle Fragen rund um den digitalen Empfang.<\/em><\/p>\n","protected":false},"excerpt":{"rendered":"<p>smago! meint: Ein Beispiel, das Schule machen sollte!<\/p>\n","protected":false},"author":2,"featured_media":143306,"comment_status":"open","ping_status":"closed","sticky":false,"template":"","format":"standard","meta":{"_FSMCFIC_featured_image_caption":"","_FSMCFIC_featured_image_nocaption":"","_FSMCFIC_featured_image_hide":""},"categories":[1],"tags":[815],"acf":[],"_links":{"self":[{"href":"https:\/\/smago.de\/ws2\/wp-json\/wp\/v2\/posts\/158329"}],"collection":[{"href":"https:\/\/smago.de\/ws2\/wp-json\/wp\/v2\/posts"}],"about":[{"href":"https:\/\/smago.de\/ws2\/wp-json\/wp\/v2\/types\/post"}],"author":[{"embeddable":true,"href":"https:\/\/smago.de\/ws2\/wp-json\/wp\/v2\/users\/2"}],"replies":[{"embeddable":true,"href":"https:\/\/smago.de\/ws2\/wp-json\/wp\/v2\/comments?post=158329"}],"version-history":[{"count":1,"href":"https:\/\/smago.de\/ws2\/wp-json\/wp\/v2\/posts\/158329\/revisions"}],"predecessor-version":[{"id":158330,"href":"https:\/\/smago.de\/ws2\/wp-json\/wp\/v2\/posts\/158329\/revisions\/158330"}],"wp:featuredmedia":[{"embeddable":true,"href":"https:\/\/smago.de\/ws2\/wp-json\/wp\/v2\/media\/143306"}],"wp:attachment":[{"href":"https:\/\/smago.de\/ws2\/wp-json\/wp\/v2\/media?parent=158329"}],"wp:term":[{"taxonomy":"category","embeddable":true,"href":"https:\/\/smago.de\/ws2\/wp-json\/wp\/v2\/categories?post=158329"},{"taxonomy":"post_tag","embeddable":true,"href":"https:\/\/smago.de\/ws2\/wp-json\/wp\/v2\/tags?post=158329"}],"curies":[{"name":"wp","href":"https:\/\/api.w.org\/{rel}","templated":true}]}}