{"id":158310,"date":"2020-12-14T22:04:50","date_gmt":"2020-12-14T21:04:50","guid":{"rendered":"https:\/\/smago.de\/ws2\/?p=158310"},"modified":"2020-12-14T22:04:50","modified_gmt":"2020-12-14T21:04:50","slug":"max-mutzke-lebenslieder-neue-musik-talkshow-mit-max-mutzke-im-ersten","status":"publish","type":"post","link":"https:\/\/smago.de\/ws2\/pop\/max-mutzke-lebenslieder-neue-musik-talkshow-mit-max-mutzke-im-ersten\/","title":{"rendered":"MAX MUTZKE <br>\u201eLebenslieder\u201c: Neue Musik-Talkshow mit Max Mutzke im Ersten!"},"content":{"rendered":"<p class=\"einleitung small\">Premiere am 26. Januar 2021, 22:50 Uhr!<br \/>\n<!--more--><\/p>\n<p style=\"text-align: justify;\">\n<p class=\"text small\" style=\"text-align: justify;\">S\u00e4nger MAX MUTZKE moderiert die neue Musik-Talkshow \u201eLebenslieder\u201c im Ersten. Alles dreht sich um die Lieblingsmusik eines prominenten Gastes. Das ist in der Auftaktfolge am Dienstag, 26. Januar 2021, um 22:50 Uhr die Schauspielerin Annette Frier.<\/p>\n<p class=\"text small\" style=\"text-align: justify;\">Max Mutzke und seine Band monoPunk singen sich gemeinsam mit Annette Frier durch den Soundtrack ihres Lebens. Welche Musik verbindet sie mit ihrer Kindheit? Welches Lied macht Mut, welches bestimmt ihr Leben? Am Ende entsteht so ein \u00fcberraschendes, unterhaltsames und bewegendes Portr\u00e4t.<\/p>\n<p class=\"text small\" style=\"text-align: justify;\">Weitere G\u00e4ste in der Sendung \u201eLebenslieder\u201c sind der Comedian B\u00fclent Ceylan (9. Februar), die Entertainerin Barbara Sch\u00f6neberger (16. Februar) und der Violinist Daniel Hope (23. Februar), jeweils um 22:50 Uhr im Ersten.<\/p>\n<div class=\"clearMe\" style=\"text-align: justify;\"><\/div>\n<p class=\"text small\" style=\"text-align: justify;\"><em>Die Reihe \u201eLebenslieder\u201c, mit zun\u00e4chst vier Folgen \u00e0 45 Minuten, entsteht unter Federf\u00fchrung des rbb in Koproduktion mit WDR, BR, NDR und Radio Bremen.<\/em><\/p>\n<div class=\"mediaCon mediaTop small\">\n<div class=\"media mediaA\" style=\"text-align: justify;\"><\/div>\n<\/div>\n","protected":false},"excerpt":{"rendered":"<p>Premiere am 26. Januar 2021, 22:50 Uhr!<\/p>\n","protected":false},"author":2,"featured_media":158311,"comment_status":"open","ping_status":"closed","sticky":false,"template":"","format":"standard","meta":{"_FSMCFIC_featured_image_caption":"","_FSMCFIC_featured_image_nocaption":"","_FSMCFIC_featured_image_hide":""},"categories":[27,128],"tags":[1862],"acf":[],"_links":{"self":[{"href":"https:\/\/smago.de\/ws2\/wp-json\/wp\/v2\/posts\/158310"}],"collection":[{"href":"https:\/\/smago.de\/ws2\/wp-json\/wp\/v2\/posts"}],"about":[{"href":"https:\/\/smago.de\/ws2\/wp-json\/wp\/v2\/types\/post"}],"author":[{"embeddable":true,"href":"https:\/\/smago.de\/ws2\/wp-json\/wp\/v2\/users\/2"}],"replies":[{"embeddable":true,"href":"https:\/\/smago.de\/ws2\/wp-json\/wp\/v2\/comments?post=158310"}],"version-history":[{"count":1,"href":"https:\/\/smago.de\/ws2\/wp-json\/wp\/v2\/posts\/158310\/revisions"}],"predecessor-version":[{"id":158312,"href":"https:\/\/smago.de\/ws2\/wp-json\/wp\/v2\/posts\/158310\/revisions\/158312"}],"wp:featuredmedia":[{"embeddable":true,"href":"https:\/\/smago.de\/ws2\/wp-json\/wp\/v2\/media\/158311"}],"wp:attachment":[{"href":"https:\/\/smago.de\/ws2\/wp-json\/wp\/v2\/media?parent=158310"}],"wp:term":[{"taxonomy":"category","embeddable":true,"href":"https:\/\/smago.de\/ws2\/wp-json\/wp\/v2\/categories?post=158310"},{"taxonomy":"post_tag","embeddable":true,"href":"https:\/\/smago.de\/ws2\/wp-json\/wp\/v2\/tags?post=158310"}],"curies":[{"name":"wp","href":"https:\/\/api.w.org\/{rel}","templated":true}]}}