{"id":157750,"date":"2020-12-03T13:53:46","date_gmt":"2020-12-03T12:53:46","guid":{"rendered":"https:\/\/smago.de\/ws2\/?p=157750"},"modified":"2020-12-03T13:53:46","modified_gmt":"2020-12-03T12:53:46","slug":"rammstein-debuet-cd-herzeleid-ab-04-2020-als-herzeleid-xxv-anniversary-edition-remastered-erhaeltlich","status":"publish","type":"post","link":"https:\/\/smago.de\/ws2\/deutsch-rock\/rammstein-debuet-cd-herzeleid-ab-04-2020-als-herzeleid-xxv-anniversary-edition-remastered-erhaeltlich\/","title":{"rendered":"RAMMSTEIN <br>Deb\u00fct-CD &#8222;Herzeleid&#8220; ab 04.2020 als Herzeleid &#8218;XXV Anniversary Edition \u2013 Remastered&#8216; erh\u00e4ltlich!"},"content":{"rendered":"<p>Es wird auch eine Doppel-Vinyl aufgelegt!<br \/>\n<!--more--><\/p>\n<p style=\"text-align: justify;\">\n<p style=\"text-align: justify;\">Vor 25 Jahren, am 25. September 1995, wurde die T\u00fcr zu einer neuen \u00c4ra aufgesto\u00dfen, die die Rockmusik sowohl in Deutschland als auch global nachhaltig beeinflussen sollte: Die Berliner Band RAMMSTEIN ver\u00f6ffentlichte an diesem Tag ihr Deb\u00fctalbum &#8222;Herzeleid&#8220;.<\/p>\n<p style=\"text-align: justify;\">Aus Anlass dieses Jubil\u00e4ums geben Rammstein und Vertigo Berlin \/ Universal Music am 04.12.2020 limitierte und remasterte Ausgaben dieses innovativen und bahnbrechenden Erstwerks auf CD und Vinyl heraus.<\/p>\n<p style=\"text-align: justify;\">Unter dem Titel &#8222;Herzeleid (XXV Anniversary Edition &#8211; Remastered)&#8220; wird das Deb\u00fct-Album von Rammstein mit seinem originalen Tracklisting als eine Doppel-LP, im Schuber, mit 180 Gramm-Schallplatten in blauer Splattered Vinyl-Optik aufgelegt.<\/p>\n<p style=\"text-align: justify;\">Die komplett \u00fcberarbeitete Verpackung mit zahlreichen neuen Komponenten stammt vom urspr\u00fcnglichen Artwork-Designer Dirk Rudolph.<\/p>\n<p style=\"text-align: justify;\">Das Booklet ist zudem mit den Original-Bildern des Fotografen Praler ausgestattet.<\/p>\n<p>&nbsp;<\/p>\n<p>&nbsp;<\/p>\n<p><img decoding=\"async\" loading=\"lazy\" class=\"alignnone size-colormag-featured-post-medium wp-image-157752\" src=\"https:\/\/smago.de\/ws2\/wp-content\/uploads\/2020\/12\/rammstein_herzeleid_CD_Back-543x600.jpg\" alt=\"\" width=\"543\" height=\"600\" srcset=\"https:\/\/smago.de\/ws2\/wp-content\/uploads\/2020\/12\/rammstein_herzeleid_CD_Back-543x600.jpg 543w, https:\/\/smago.de\/ws2\/wp-content\/uploads\/2020\/12\/rammstein_herzeleid_CD_Back-472x522.jpg 472w, https:\/\/smago.de\/ws2\/wp-content\/uploads\/2020\/12\/rammstein_herzeleid_CD_Back-724x800.jpg 724w, https:\/\/smago.de\/ws2\/wp-content\/uploads\/2020\/12\/rammstein_herzeleid_CD_Back-136x150.jpg 136w, https:\/\/smago.de\/ws2\/wp-content\/uploads\/2020\/12\/rammstein_herzeleid_CD_Back-768x849.jpg 768w, https:\/\/smago.de\/ws2\/wp-content\/uploads\/2020\/12\/rammstein_herzeleid_CD_Back-246x272.jpg 246w, https:\/\/smago.de\/ws2\/wp-content\/uploads\/2020\/12\/rammstein_herzeleid_CD_Back-118x130.jpg 118w, https:\/\/smago.de\/ws2\/wp-content\/uploads\/2020\/12\/rammstein_herzeleid_CD_Back-403x445.jpg 403w, https:\/\/smago.de\/ws2\/wp-content\/uploads\/2020\/12\/rammstein_herzeleid_CD_Back-172x190.jpg 172w, https:\/\/smago.de\/ws2\/wp-content\/uploads\/2020\/12\/rammstein_herzeleid_CD_Back-262x290.jpg 262w, https:\/\/smago.de\/ws2\/wp-content\/uploads\/2020\/12\/rammstein_herzeleid_CD_Back.jpg 1357w\" sizes=\"(max-width: 543px) 100vw, 543px\" \/><\/p>\n<p>&nbsp;<\/p>\n<p>&nbsp;<\/p>\n<p>&nbsp;<\/p>\n<p><img decoding=\"async\" loading=\"lazy\" class=\"alignnone size-nerubian-single wp-image-157753\" src=\"https:\/\/smago.de\/ws2\/wp-content\/uploads\/2020\/12\/rammstein_herzleid_cd_pack-702x522.jpg\" alt=\"\" width=\"702\" height=\"522\" srcset=\"https:\/\/smago.de\/ws2\/wp-content\/uploads\/2020\/12\/rammstein_herzleid_cd_pack-702x522.jpg 702w, https:\/\/smago.de\/ws2\/wp-content\/uploads\/2020\/12\/rammstein_herzleid_cd_pack-522x388.jpg 522w, https:\/\/smago.de\/ws2\/wp-content\/uploads\/2020\/12\/rammstein_herzleid_cd_pack-800x595.jpg 800w, https:\/\/smago.de\/ws2\/wp-content\/uploads\/2020\/12\/rammstein_herzleid_cd_pack-202x150.jpg 202w, https:\/\/smago.de\/ws2\/wp-content\/uploads\/2020\/12\/rammstein_herzleid_cd_pack-768x571.jpg 768w, https:\/\/smago.de\/ws2\/wp-content\/uploads\/2020\/12\/rammstein_herzleid_cd_pack-366x272.jpg 366w, https:\/\/smago.de\/ws2\/wp-content\/uploads\/2020\/12\/rammstein_herzleid_cd_pack-130x97.jpg 130w, https:\/\/smago.de\/ws2\/wp-content\/uploads\/2020\/12\/rammstein_herzleid_cd_pack-598x445.jpg 598w, https:\/\/smago.de\/ws2\/wp-content\/uploads\/2020\/12\/rammstein_herzleid_cd_pack-255x190.jpg 255w, https:\/\/smago.de\/ws2\/wp-content\/uploads\/2020\/12\/rammstein_herzleid_cd_pack-390x290.jpg 390w, https:\/\/smago.de\/ws2\/wp-content\/uploads\/2020\/12\/rammstein_herzleid_cd_pack.jpg 1500w\" sizes=\"(max-width: 702px) 100vw, 702px\" \/><\/p>\n<p>&nbsp;<\/p>\n<p>&nbsp;<\/p>\n<p><img decoding=\"async\" loading=\"lazy\" class=\"alignnone size-nerubian-single wp-image-157754\" src=\"https:\/\/smago.de\/ws2\/wp-content\/uploads\/2020\/12\/rammstein_herzeleid_Vinyl2-522x522.jpg\" alt=\"\" width=\"522\" height=\"522\" srcset=\"https:\/\/smago.de\/ws2\/wp-content\/uploads\/2020\/12\/rammstein_herzeleid_Vinyl2-522x522.jpg 522w, https:\/\/smago.de\/ws2\/wp-content\/uploads\/2020\/12\/rammstein_herzeleid_Vinyl2-800x800.jpg 800w, https:\/\/smago.de\/ws2\/wp-content\/uploads\/2020\/12\/rammstein_herzeleid_Vinyl2-150x150.jpg 150w, https:\/\/smago.de\/ws2\/wp-content\/uploads\/2020\/12\/rammstein_herzeleid_Vinyl2-768x768.jpg 768w, https:\/\/smago.de\/ws2\/wp-content\/uploads\/2020\/12\/rammstein_herzeleid_Vinyl2-272x272.jpg 272w, https:\/\/smago.de\/ws2\/wp-content\/uploads\/2020\/12\/rammstein_herzeleid_Vinyl2-600x600.jpg 600w, https:\/\/smago.de\/ws2\/wp-content\/uploads\/2020\/12\/rammstein_herzeleid_Vinyl2-130x130.jpg 130w, https:\/\/smago.de\/ws2\/wp-content\/uploads\/2020\/12\/rammstein_herzeleid_Vinyl2-445x445.jpg 445w, https:\/\/smago.de\/ws2\/wp-content\/uploads\/2020\/12\/rammstein_herzeleid_Vinyl2-190x190.jpg 190w, https:\/\/smago.de\/ws2\/wp-content\/uploads\/2020\/12\/rammstein_herzeleid_Vinyl2-290x290.jpg 290w, https:\/\/smago.de\/ws2\/wp-content\/uploads\/2020\/12\/rammstein_herzeleid_Vinyl2.jpg 1500w\" sizes=\"(max-width: 522px) 100vw, 522px\" \/><\/p>\n","protected":false},"excerpt":{"rendered":"<p>Es wird auch eine Doppel-Vinyl aufgelegt!<\/p>\n","protected":false},"author":2,"featured_media":157751,"comment_status":"open","ping_status":"closed","sticky":false,"template":"","format":"standard","meta":{"_FSMCFIC_featured_image_caption":"","_FSMCFIC_featured_image_nocaption":"","_FSMCFIC_featured_image_hide":""},"categories":[5],"tags":[752],"acf":[],"_links":{"self":[{"href":"https:\/\/smago.de\/ws2\/wp-json\/wp\/v2\/posts\/157750"}],"collection":[{"href":"https:\/\/smago.de\/ws2\/wp-json\/wp\/v2\/posts"}],"about":[{"href":"https:\/\/smago.de\/ws2\/wp-json\/wp\/v2\/types\/post"}],"author":[{"embeddable":true,"href":"https:\/\/smago.de\/ws2\/wp-json\/wp\/v2\/users\/2"}],"replies":[{"embeddable":true,"href":"https:\/\/smago.de\/ws2\/wp-json\/wp\/v2\/comments?post=157750"}],"version-history":[{"count":1,"href":"https:\/\/smago.de\/ws2\/wp-json\/wp\/v2\/posts\/157750\/revisions"}],"predecessor-version":[{"id":157755,"href":"https:\/\/smago.de\/ws2\/wp-json\/wp\/v2\/posts\/157750\/revisions\/157755"}],"wp:featuredmedia":[{"embeddable":true,"href":"https:\/\/smago.de\/ws2\/wp-json\/wp\/v2\/media\/157751"}],"wp:attachment":[{"href":"https:\/\/smago.de\/ws2\/wp-json\/wp\/v2\/media?parent=157750"}],"wp:term":[{"taxonomy":"category","embeddable":true,"href":"https:\/\/smago.de\/ws2\/wp-json\/wp\/v2\/categories?post=157750"},{"taxonomy":"post_tag","embeddable":true,"href":"https:\/\/smago.de\/ws2\/wp-json\/wp\/v2\/tags?post=157750"}],"curies":[{"name":"wp","href":"https:\/\/api.w.org\/{rel}","templated":true}]}}