{"id":157245,"date":"2020-11-25T00:00:22","date_gmt":"2020-11-24T23:00:22","guid":{"rendered":"https:\/\/smago.de\/ws2\/?p=157245"},"modified":"2020-11-24T23:13:01","modified_gmt":"2020-11-24T22:13:01","slug":"rene-deutscher","status":"publish","type":"post","link":"https:\/\/smago.de\/ws2\/schlager\/rene-deutscher\/","title":{"rendered":"REN\u00c9 DEUTSCHER <br>Ren\u00e9 Deutscher k\u00fcndigt f\u00fcr den 01.12.2020 Neu-Version von &#8222;Uns&#8217;re Herzen frieren&#8220; an!"},"content":{"rendered":"<p>Somit erscheint SEINE Version auf den Tag genau 34 Jahre nach dem Chart-Einstieg seines 2006 verstorbenen Vaters Drafi Deutscher!<br \/>\n<!--more--><\/p>\n<p style=\"text-align: justify;\">\n<p style=\"text-align: justify;\">REN\u00c9 DEUTSCHER k\u00fcndigt f\u00fcr den 1. Dezember 2020 eine Neu-Version des Titels &#8222;Uns&#8217;re Herzen frieren&#8220; seines 2006 verstorbenen Vaters Drafi Deutscher an.<br \/>\n<em>\u200b<\/em><br \/>\n<em>&#8222;Das ist ein Dienstag\u2026? Ja <\/em><span class=\"pq6dq46d tbxw36s4 knj5qynh kvgmc6g5 ditlmg2l oygrvhab nvdbi5me sf5mxxl7 gl3lb2sf hhz5lgdu\"><em><img decoding=\"async\" loading=\"lazy\" src=\"https:\/\/static.xx.fbcdn.net\/images\/emoji.php\/v9\/t57\/1\/16\/1f609.png\" alt=\"\" width=\"16\" height=\"16\" \/>&#8222;,<\/em> kommentiert er selbst auf seiner Facebook-Seite.<\/p>\n<p><\/span>Und erl\u00e4utert den ungew\u00f6hnlichen Ver\u00f6ffentlichungstermin wie folgt: <em>&#8222;Weil damals am 01.12.1986 der Song meines Vaters in die Charts eingestiegen ist. Daher ist es schon fast &#8218;Pflicht&#8216;, ebenfalls am 01.12. zu ver\u00f6ffentlichen.&#8220;<\/em>.<\/p>\n<p style=\"text-align: justify;\">Drafi Deutscher hatte es seinerzeit bis auf Platz 56 der Offiziellen Deutschen Single Charts geschafft und konnte sich insgesamt 7 Wochen lang unter den meistverkauften Singles behaupten.<\/p>\n<p>Zum Zeitpunkt seines Einstiegs in die Single Charts im Dezember 1986 war Drafi Deutscher mit gleich DREI Titeln in den Top 100 Charts vertreten.<\/p>\n<p>Zum einen war er noch immer mit der Vorg\u00e4nger-Single &#8222;Herz an Herz Gef\u00fchl&#8220; gelistet, zum anderen feierte er mit dem Duo-Projekt <em>Mixed Emotion<\/em> (mit Oliver Simon; ; \u2020 2013) und dem angehenden Superhit &#8222;You Want Love (Maria, Maria &#8230;)&#8220; (insgesamt 38 Wochen in den Single Charts vertreten; Bestnotierung: Platz 4) parallel gleich noch einen weiteren Triumph.<\/p>\n<p>Sogar in der Sendung &#8222;Formel Eins&#8220;, in der Schlagers\u00e4nger im Regelfall keinen leichten Stand hatten, zollte man Drafi einen H\u00f6chstma\u00df an Respekt.<\/p>\n<p>Drafi revanchierte sich kurze Zeit sp\u00e4ter auf seine Weise &#8211; mit einem ganz besonderen Auftritt, in dem er vort\u00e4uschte (!), besoffen zu sein (, es aber definitiv nicht war) &#8230;:<\/p>\n<p><iframe loading=\"lazy\" src=\"\/\/www.youtube.com\/embed\/5uAHn4CPqVc\" width=\"560\" height=\"314\" allowfullscreen=\"allowfullscreen\"><\/iframe><\/p>\n<p><img decoding=\"async\" loading=\"lazy\" class=\"alignnone size-full wp-image-157262\" src=\"https:\/\/smago.de\/ws2\/wp-content\/uploads\/2070\/11\/deutscher_unserherzen.jpg\" alt=\"\" width=\"600\" height=\"595\" srcset=\"https:\/\/smago.de\/ws2\/wp-content\/uploads\/2070\/11\/deutscher_unserherzen.jpg 600w, https:\/\/smago.de\/ws2\/wp-content\/uploads\/2070\/11\/deutscher_unserherzen-522x518.jpg 522w, https:\/\/smago.de\/ws2\/wp-content\/uploads\/2070\/11\/deutscher_unserherzen-151x150.jpg 151w, https:\/\/smago.de\/ws2\/wp-content\/uploads\/2070\/11\/deutscher_unserherzen-274x272.jpg 274w, https:\/\/smago.de\/ws2\/wp-content\/uploads\/2070\/11\/deutscher_unserherzen-130x130.jpg 130w, https:\/\/smago.de\/ws2\/wp-content\/uploads\/2070\/11\/deutscher_unserherzen-449x445.jpg 449w, https:\/\/smago.de\/ws2\/wp-content\/uploads\/2070\/11\/deutscher_unserherzen-526x522.jpg 526w, https:\/\/smago.de\/ws2\/wp-content\/uploads\/2070\/11\/deutscher_unserherzen-192x190.jpg 192w, https:\/\/smago.de\/ws2\/wp-content\/uploads\/2070\/11\/deutscher_unserherzen-292x290.jpg 292w\" sizes=\"(max-width: 600px) 100vw, 600px\" \/><\/p>\n","protected":false},"excerpt":{"rendered":"<p>Somit erscheint SEINE Version auf den Tag genau 34 Jahre nach dem Chart-Einstieg seines 2006 verstorbenen Vaters Drafi Deutscher!<\/p>\n","protected":false},"author":2,"featured_media":157261,"comment_status":"open","ping_status":"closed","sticky":false,"template":"","format":"standard","meta":{"_FSMCFIC_featured_image_caption":"","_FSMCFIC_featured_image_nocaption":"","_FSMCFIC_featured_image_hide":""},"categories":[29],"tags":[841,78],"acf":[],"_links":{"self":[{"href":"https:\/\/smago.de\/ws2\/wp-json\/wp\/v2\/posts\/157245"}],"collection":[{"href":"https:\/\/smago.de\/ws2\/wp-json\/wp\/v2\/posts"}],"about":[{"href":"https:\/\/smago.de\/ws2\/wp-json\/wp\/v2\/types\/post"}],"author":[{"embeddable":true,"href":"https:\/\/smago.de\/ws2\/wp-json\/wp\/v2\/users\/2"}],"replies":[{"embeddable":true,"href":"https:\/\/smago.de\/ws2\/wp-json\/wp\/v2\/comments?post=157245"}],"version-history":[{"count":3,"href":"https:\/\/smago.de\/ws2\/wp-json\/wp\/v2\/posts\/157245\/revisions"}],"predecessor-version":[{"id":157263,"href":"https:\/\/smago.de\/ws2\/wp-json\/wp\/v2\/posts\/157245\/revisions\/157263"}],"wp:featuredmedia":[{"embeddable":true,"href":"https:\/\/smago.de\/ws2\/wp-json\/wp\/v2\/media\/157261"}],"wp:attachment":[{"href":"https:\/\/smago.de\/ws2\/wp-json\/wp\/v2\/media?parent=157245"}],"wp:term":[{"taxonomy":"category","embeddable":true,"href":"https:\/\/smago.de\/ws2\/wp-json\/wp\/v2\/categories?post=157245"},{"taxonomy":"post_tag","embeddable":true,"href":"https:\/\/smago.de\/ws2\/wp-json\/wp\/v2\/tags?post=157245"}],"curies":[{"name":"wp","href":"https:\/\/api.w.org\/{rel}","templated":true}]}}