{"id":157210,"date":"2020-11-23T23:59:13","date_gmt":"2020-11-23T22:59:13","guid":{"rendered":"https:\/\/smago.de\/ws2\/?p=157210"},"modified":"2020-11-23T21:05:23","modified_gmt":"2020-11-23T20:05:23","slug":"pippi-langstrumpf-happy-birthday-pippi-langstrumpf","status":"publish","type":"post","link":"https:\/\/smago.de\/ws2\/kinderprogramm\/pippi-langstrumpf-happy-birthday-pippi-langstrumpf\/","title":{"rendered":"&#8222;PIPPI LANGSTRUMPF&#8220; <br>Happy Birthday, \u201ePippi Langstrumpf\u201c!"},"content":{"rendered":"<p>Wiedersehen mit Astrid Lindgrens Kultfigur ab 26. November in ORF 1!\u00a0Dacapo in ORF III am 07.12. + 08.12.2020!<br \/>\n<!--more--><\/p>\n<p style=\"text-align: justify;\">\n<p style=\"text-align: justify;\">Das st\u00e4rkste M\u00e4dchen der Welt feiert Geburtstag! Zum 75. Jahrestag der Erstver\u00f6ffentlichung von Astrid Lindgrens Kinderbuchklassiker \u201ePippi Langstrumpf\u201c gibt es ein Wiedersehen mit Pippi, Herrn Nilsson, Kleiner Onkel und ihren Freunden Annika und Tommy in der Villa Kunterbunt: ORF 1 zeigt die 21 Episoden der Kultserie mit Inger Nilsson in der Titelrolle ab Donnerstag, dem 26. November 2020, immer werktags um 7.00 Uhr \u2013 den Auftakt macht die Folge \u201ePippi zieht in die Villa Kunterbunt\u201c und am Dienstag, dem 29. Dezember, hei\u00dft es \u201eMit Pippi Langstrumpf auf der Walze \u2013 Abschied von Pippi\u201c.<\/p>\n<p style=\"text-align: justify;\">Auch ORF III ehrt die Kultfigur und zeigt alle Folgen der Serie geballt an zwei Tagen am Montag, dem 7. Dezember (Episoden 1\u20134 ab 10:35 Uhr), und am Dienstag, dem 8. Dezember (Episoden 5\u201321 ab 11:55 Uhr).<\/p>\n<p style=\"text-align: justify;\">\n<p style=\"text-align: justify;\">\n<p style=\"text-align: justify;\">\n<p style=\"text-align: justify;\">\n<p style=\"text-align: justify;\"><strong>Mehr zum Inhalt der Auftaktfolge \u201ePippi zieht in die Villa Kunterbunt\u201c:<\/strong><\/p>\n<p style=\"text-align: justify;\">\n<p style=\"text-align: justify;\">Pippilotta Viktualia Rollgardina Schokominza Efraimstochter Langstrumpf (Inger Nilsson) ist mit ihrem Pferd und \u00c4ffchen Nilson in die halbverfallene Villa Kunterbunt eingezogen. Die Nachbarskinder Tommy (P\u00e4r Sundberg) und Annika (Maria Persson) sind stolz auf ihre neue Freundin. Pippi l\u00e4sst sich n\u00e4mlich keine Vorschriften machen und kann ganz allein f\u00fcr sich selbst sorgen. Gemeinsam erleben die drei die tollsten Abenteuer.<\/p>\n<p style=\"text-align: justify;\">\n<p style=\"text-align: justify;\">\n<p style=\"text-align: justify;\">Fans von Pippi und ihren Freunden Tommy und Annika k\u00f6nnen die im ORF-Fernsehen ausgestrahlten Folgen der TV-Serie auch \u00f6sterreichweit via ORF-TVthek (<a href=\"https:\/\/tvthek.orf.at\/\">https:\/\/TVthek.ORF.at<\/a>) im Live-Stream mitverfolgen.<\/p>\n<p>&nbsp;<\/p>\n<p>&nbsp;<\/p>\n<figure id=\"attachment_157212\" aria-describedby=\"caption-attachment-157212\" style=\"width: 782px\" class=\"wp-caption alignnone\"><img decoding=\"async\" loading=\"lazy\" class=\"size-nerubian-single wp-image-157212\" src=\"https:\/\/smago.de\/ws2\/wp-content\/uploads\/2020\/11\/orf_andy-tichler_20201123210204-782x522.jpg\" alt=\"\" width=\"782\" height=\"522\" srcset=\"https:\/\/smago.de\/ws2\/wp-content\/uploads\/2020\/11\/orf_andy-tichler_20201123210204-782x522.jpg 782w, https:\/\/smago.de\/ws2\/wp-content\/uploads\/2020\/11\/orf_andy-tichler_20201123210204-522x349.jpg 522w, https:\/\/smago.de\/ws2\/wp-content\/uploads\/2020\/11\/orf_andy-tichler_20201123210204-800x534.jpg 800w, https:\/\/smago.de\/ws2\/wp-content\/uploads\/2020\/11\/orf_andy-tichler_20201123210204-225x150.jpg 225w, https:\/\/smago.de\/ws2\/wp-content\/uploads\/2020\/11\/orf_andy-tichler_20201123210204-768x513.jpg 768w, https:\/\/smago.de\/ws2\/wp-content\/uploads\/2020\/11\/orf_andy-tichler_20201123210204-1536x1026.jpg 1536w, https:\/\/smago.de\/ws2\/wp-content\/uploads\/2020\/11\/orf_andy-tichler_20201123210204-2048x1368.jpg 2048w, https:\/\/smago.de\/ws2\/wp-content\/uploads\/2020\/11\/orf_andy-tichler_20201123210204-392x262.jpg 392w, https:\/\/smago.de\/ws2\/wp-content\/uploads\/2020\/11\/orf_andy-tichler_20201123210204-130x87.jpg 130w, https:\/\/smago.de\/ws2\/wp-content\/uploads\/2020\/11\/orf_andy-tichler_20201123210204-666x445.jpg 666w, https:\/\/smago.de\/ws2\/wp-content\/uploads\/2020\/11\/orf_andy-tichler_20201123210204-285x190.jpg 285w, https:\/\/smago.de\/ws2\/wp-content\/uploads\/2020\/11\/orf_andy-tichler_20201123210204-435x290.jpg 435w, https:\/\/smago.de\/ws2\/wp-content\/uploads\/2020\/11\/orf_andy-tichler_20201123210204-150x100.jpg 150w, https:\/\/smago.de\/ws2\/wp-content\/uploads\/2020\/11\/orf_andy-tichler_20201123210204-370x247.jpg 370w\" sizes=\"(max-width: 782px) 100vw, 782px\" \/><figcaption id=\"caption-attachment-157212\" class=\"wp-caption-text\"><em>Im Bild: Inger Nilsson<\/em><\/p>\n<p><em>Foto-Credit: ORF \/ Iduna-Film<\/em><\/figcaption><\/figure>\n<p style=\"text-align: justify;\">\n","protected":false},"excerpt":{"rendered":"<p>Wiedersehen mit Astrid Lindgrens Kultfigur ab 26. November in ORF 1!\u00a0Dacapo in ORF III am 07.12. + 08.12.2020!<\/p>\n","protected":false},"author":2,"featured_media":157211,"comment_status":"open","ping_status":"closed","sticky":false,"template":"","format":"standard","meta":{"_FSMCFIC_featured_image_caption":"","_FSMCFIC_featured_image_nocaption":"","_FSMCFIC_featured_image_hide":""},"categories":[20,128],"tags":[1611],"acf":[],"_links":{"self":[{"href":"https:\/\/smago.de\/ws2\/wp-json\/wp\/v2\/posts\/157210"}],"collection":[{"href":"https:\/\/smago.de\/ws2\/wp-json\/wp\/v2\/posts"}],"about":[{"href":"https:\/\/smago.de\/ws2\/wp-json\/wp\/v2\/types\/post"}],"author":[{"embeddable":true,"href":"https:\/\/smago.de\/ws2\/wp-json\/wp\/v2\/users\/2"}],"replies":[{"embeddable":true,"href":"https:\/\/smago.de\/ws2\/wp-json\/wp\/v2\/comments?post=157210"}],"version-history":[{"count":1,"href":"https:\/\/smago.de\/ws2\/wp-json\/wp\/v2\/posts\/157210\/revisions"}],"predecessor-version":[{"id":157213,"href":"https:\/\/smago.de\/ws2\/wp-json\/wp\/v2\/posts\/157210\/revisions\/157213"}],"wp:featuredmedia":[{"embeddable":true,"href":"https:\/\/smago.de\/ws2\/wp-json\/wp\/v2\/media\/157211"}],"wp:attachment":[{"href":"https:\/\/smago.de\/ws2\/wp-json\/wp\/v2\/media?parent=157210"}],"wp:term":[{"taxonomy":"category","embeddable":true,"href":"https:\/\/smago.de\/ws2\/wp-json\/wp\/v2\/categories?post=157210"},{"taxonomy":"post_tag","embeddable":true,"href":"https:\/\/smago.de\/ws2\/wp-json\/wp\/v2\/tags?post=157210"}],"curies":[{"name":"wp","href":"https:\/\/api.w.org\/{rel}","templated":true}]}}