{"id":157207,"date":"2020-11-23T23:59:44","date_gmt":"2020-11-23T22:59:44","guid":{"rendered":"https:\/\/smago.de\/ws2\/?p=157207"},"modified":"2020-11-23T20:56:27","modified_gmt":"2020-11-23T19:56:27","slug":"celin-ray-sie-erzaehlen-uns-ein-wintermaerchen","status":"publish","type":"post","link":"https:\/\/smago.de\/ws2\/schlager\/celin-ray-sie-erzaehlen-uns-ein-wintermaerchen\/","title":{"rendered":"CELIN &#038; RAY <br>Sie erz\u00e4hlen uns ein &#8222;Winterm\u00e4rchen&#8220;!"},"content":{"rendered":"<p>Der Song erz\u00e4hlt von Weihnachten zuhause in der Familie und von all den sch\u00f6nen Dingen, die man mit Weihnachten verbindet!<br \/>\n<!--more--><\/p>\n<p style=\"text-align: justify;\">\n<p style=\"text-align: justify;\">Mit einem musikalischen &#8222;Winterm\u00e4rchen&#8220; starten CELIN &amp; RAY in die Weihnachts- und Winterzeit. Das Vater-Tochter-Duo liebt die festlichen Tage und somit liegt ihnen ihr brandneuer Weihnachtsschlager nat\u00fcrlich sehr am Herzen. Der Song erz\u00e4hlt von Weihnachten zuhause in der Familie und von all den sch\u00f6nen Dingen, die man mit Weihnachten verbindet.<\/p>\n<p style=\"text-align: justify;\">Ganz im Stil von Celin &amp; Ray ist der Text des Liedes verpackt in ein angenehmes Musikarrangement und wie immer interpretieren die beiden ihren Song sehr einf\u00fchlsam und mit viel Liebe.<\/p>\n<p style=\"text-align: justify;\">Sie sind in Baden-W\u00fcrttemberg daheim und gleichzeitig auf den musikalischen B\u00fchnen zuhause.<\/p>\n<p style=\"text-align: justify;\">Wie all ihre Kolleginnen und Kollegen warten auch Celin &amp; Ray schon sehnlichst auf eine Zeit, in der wieder Live-Auftritte mit Publikum m\u00f6glich sind.<\/p>\n<p style=\"text-align: justify;\">Bis dahin w\u00fcnschen die Celin &amp; Ray Ihnen und Euch ganz viel Gesundheit, sch\u00f6ne Weihnachten und ein wundersch\u00f6nes, neues Jahr!<\/p>\n","protected":false},"excerpt":{"rendered":"<p>Der Song erz\u00e4hlt von Weihnachten zuhause in der Familie und von all den sch\u00f6nen Dingen, die man mit Weihnachten verbindet!<\/p>\n","protected":false},"author":2,"featured_media":157208,"comment_status":"open","ping_status":"closed","sticky":false,"template":"","format":"standard","meta":{"_FSMCFIC_featured_image_caption":"","_FSMCFIC_featured_image_nocaption":"","_FSMCFIC_featured_image_hide":""},"categories":[29],"tags":[1826],"acf":[],"_links":{"self":[{"href":"https:\/\/smago.de\/ws2\/wp-json\/wp\/v2\/posts\/157207"}],"collection":[{"href":"https:\/\/smago.de\/ws2\/wp-json\/wp\/v2\/posts"}],"about":[{"href":"https:\/\/smago.de\/ws2\/wp-json\/wp\/v2\/types\/post"}],"author":[{"embeddable":true,"href":"https:\/\/smago.de\/ws2\/wp-json\/wp\/v2\/users\/2"}],"replies":[{"embeddable":true,"href":"https:\/\/smago.de\/ws2\/wp-json\/wp\/v2\/comments?post=157207"}],"version-history":[{"count":1,"href":"https:\/\/smago.de\/ws2\/wp-json\/wp\/v2\/posts\/157207\/revisions"}],"predecessor-version":[{"id":157209,"href":"https:\/\/smago.de\/ws2\/wp-json\/wp\/v2\/posts\/157207\/revisions\/157209"}],"wp:featuredmedia":[{"embeddable":true,"href":"https:\/\/smago.de\/ws2\/wp-json\/wp\/v2\/media\/157208"}],"wp:attachment":[{"href":"https:\/\/smago.de\/ws2\/wp-json\/wp\/v2\/media?parent=157207"}],"wp:term":[{"taxonomy":"category","embeddable":true,"href":"https:\/\/smago.de\/ws2\/wp-json\/wp\/v2\/categories?post=157207"},{"taxonomy":"post_tag","embeddable":true,"href":"https:\/\/smago.de\/ws2\/wp-json\/wp\/v2\/tags?post=157207"}],"curies":[{"name":"wp","href":"https:\/\/api.w.org\/{rel}","templated":true}]}}