{"id":157085,"date":"2020-11-20T11:09:32","date_gmt":"2020-11-20T10:09:32","guid":{"rendered":"https:\/\/smago.de\/ws2\/?p=157085"},"modified":"2020-11-20T11:14:34","modified_gmt":"2020-11-20T10:14:34","slug":"anna-carina-woitschack-stefan-mross-stefan-mross-und-anna-carina-woitschack-moderieren-bei-schlager-radio-b2","status":"publish","type":"post","link":"https:\/\/smago.de\/ws2\/pop-schlager\/anna-carina-woitschack-stefan-mross-stefan-mross-und-anna-carina-woitschack-moderieren-bei-schlager-radio-b2\/","title":{"rendered":"ANNA-CARINA WOITSCHACK &#038; STEFAN MROSS <br>Stefan Mross und Anna-Carina Woitschack moderieren bei Schlager Radio B2!"},"content":{"rendered":"<p>&#8222;Schlager Radio B2 holt die Stars vor\u2018s Mikrofon:\u00a0Stefan Mross und Anna-Carina Woitschack machen jetzt Radio\u201c:<br \/>\n<!--more--><\/p>\n<p>&nbsp;<\/p>\n<p>&nbsp;<\/p>\n<p style=\"text-align: justify;\">In der Liebe k\u00f6nnte es f\u00fcr Schlagerstar und TV-Moderator<strong> STEFAN MROSS\u00a0<\/strong>(44) und S\u00e4ngerin<strong> ANNA-CARINA WOITSCHACK\u00a0<\/strong>(28) nicht besser laufen. Verliebt und frisch verm\u00e4hlt reisen die beiden derzeit mit ihrem Wohnmobil durch Deutschland. Um auch von unterwegs f\u00fcr ihre Fans da zu sein, hat das Paar jetzt seine eigene Sendung bei <strong>Schlager Radio B2<\/strong>. Zu h\u00f6ren ab Samstag, 28. November. \u201eImmer wieder samstags machen wir unser Wohnmobil zum Radio-Studio\u201c, freut sich Stefan Mross.<\/p>\n<p style=\"text-align: justify;\">Damit die beiden auch direkt auf Sendung gehen k\u00f6nnen, hat ihnen der Sender die notwendigen technischen Ger\u00e4te zur Verf\u00fcgung gestellt. Wenn es ums Moderieren geht, ist der geb\u00fcrtige Oberbayer Vollprofi. In der TV-Sendung \u201eImmer wieder sonntags\u201c begeistert er ein Millionenpublikum. Sowohl f\u00fcr ihn als auch seine Frau ist die Moderation im Radio jedoch Neuland: \u201eDas Gute ist, wir k\u00f6nnen in unseren Freizeitklamotten vor dem Mikro sitzen und in die Maske m\u00fcssen wir auch nicht\u201c, schw\u00e4rmt Anna-Carina.<\/p>\n<p style=\"text-align: justify;\">In ihrer Sendung sprechen Stefan und Anna-Carina \u00fcber den neuesten Klatsch aus der Schlagerwelt, treffen ihre Schlagerkollegen zum Interview und spielen aktuelle und kultige Schlager. \u201eDie H\u00f6rer k\u00f6nnen sich auf lustige und spannende vier Stunden gefasst machen\u201c, verspricht Stefan Mross. \u201eNat\u00fcrlich d\u00fcrfen auch Schlager von mir und Anna-Carina nicht fehlen.\u201c<\/p>\n<p style=\"text-align: justify;\">Am Samstag, 28. November 2020 startet die neue Sendung der beiden Stars. Dann sind Stefan Mross und Anna-Carina Woitschack immer samstags ab 10 Uhr bei <strong>Schlager Radio B2 <\/strong>zu h\u00f6ren.<\/p>\n","protected":false},"excerpt":{"rendered":"<p>&#8222;Schlager Radio B2 holt die Stars vor\u2018s Mikrofon:\u00a0Stefan Mross und Anna-Carina Woitschack machen jetzt Radio\u201c:<\/p>\n","protected":false},"author":2,"featured_media":157086,"comment_status":"open","ping_status":"closed","sticky":false,"template":"","format":"standard","meta":{"_FSMCFIC_featured_image_caption":"","_FSMCFIC_featured_image_nocaption":"","_FSMCFIC_featured_image_hide":""},"categories":[28,29,39],"tags":[1546],"acf":[],"_links":{"self":[{"href":"https:\/\/smago.de\/ws2\/wp-json\/wp\/v2\/posts\/157085"}],"collection":[{"href":"https:\/\/smago.de\/ws2\/wp-json\/wp\/v2\/posts"}],"about":[{"href":"https:\/\/smago.de\/ws2\/wp-json\/wp\/v2\/types\/post"}],"author":[{"embeddable":true,"href":"https:\/\/smago.de\/ws2\/wp-json\/wp\/v2\/users\/2"}],"replies":[{"embeddable":true,"href":"https:\/\/smago.de\/ws2\/wp-json\/wp\/v2\/comments?post=157085"}],"version-history":[{"count":2,"href":"https:\/\/smago.de\/ws2\/wp-json\/wp\/v2\/posts\/157085\/revisions"}],"predecessor-version":[{"id":157088,"href":"https:\/\/smago.de\/ws2\/wp-json\/wp\/v2\/posts\/157085\/revisions\/157088"}],"wp:featuredmedia":[{"embeddable":true,"href":"https:\/\/smago.de\/ws2\/wp-json\/wp\/v2\/media\/157086"}],"wp:attachment":[{"href":"https:\/\/smago.de\/ws2\/wp-json\/wp\/v2\/media?parent=157085"}],"wp:term":[{"taxonomy":"category","embeddable":true,"href":"https:\/\/smago.de\/ws2\/wp-json\/wp\/v2\/categories?post=157085"},{"taxonomy":"post_tag","embeddable":true,"href":"https:\/\/smago.de\/ws2\/wp-json\/wp\/v2\/tags?post=157085"}],"curies":[{"name":"wp","href":"https:\/\/api.w.org\/{rel}","templated":true}]}}