{"id":157083,"date":"2020-11-20T09:45:28","date_gmt":"2020-11-20T08:45:28","guid":{"rendered":"https:\/\/smago.de\/ws2\/?p=157083"},"modified":"2020-11-20T09:45:28","modified_gmt":"2020-11-20T08:45:28","slug":"stimmen-der-berge-aller-guten-dinge-sind-3","status":"publish","type":"post","link":"https:\/\/smago.de\/ws2\/schlager\/stimmen-der-berge-aller-guten-dinge-sind-3\/","title":{"rendered":"STIMMEN DER BERGE <br>Aller guten Dinge sind 3 &#8230;:"},"content":{"rendered":"<p>Auch in Corona-Zeiten l\u00e4uft HERVORRAGEND f\u00fcr die Stimmen der Berge!<br \/>\n<!--more--><\/p>\n<p style=\"text-align: justify;\">\n<p style=\"text-align: justify;\">\n<p style=\"text-align: justify;\">Die <strong>STIMMEN DER BERGE<\/strong> haben es mit Ihren Kultschlagern vor Kurzem <strong>das 3. Mal in Folge\u00a0<\/strong>in die <strong>Top 50 Schlager Charts<\/strong> geschafft, welche von GfK Entertainment im Auftrag des MDR\u00a0ermittelt und in der monatlichen <strong>MDR-Sendung \u201eSchlager des Monats\u201c<\/strong> pr\u00e4sentiert wurden.<\/p>\n<p style=\"text-align: justify;\">August, September, Oktober<u>\u2026 und nun sind die <strong>STIMMEN DER BERGE<\/strong> am <strong>Samstag, 21.11.2020<\/strong><\/u><\/p>\n<p style=\"text-align: justify;\"><u>um <strong>20:15 Uhr bei Andy Borg<\/strong> in der SWR-Erfolgs-Sendung <strong>\u201eSchlagerspa\u00df mit Andy Borg\u201c<\/strong> zu sehen.<\/u><\/p>\n<p style=\"text-align: justify;\">DIESE TV-Ausstrahlung im SWR ist ein kr\u00f6nender Wochenabschluss nach wiederholt belegtem\u00a0<strong>Platz 1<\/strong> der <strong>STIMMEN DER BERGE<\/strong> in der <strong>SWR4- Hitparade <\/strong>(mit bis zu 50,4 % !!!).<\/p>\n<p style=\"text-align: justify;\">Auch die am 30.10.2020 ver\u00f6ffentlichte Single <strong>\u201eHier bin ich zu Haus\u201c<\/strong> aus dem aktuellen Chart-Album <strong><a href=\"https:\/\/smago.de\/ws2\/schlager\/stimmen-der-berge-die-stimmen-der-berge-fuehren-das-kultschlager-erfolgskonzept-mit-der-cd-sing-mit-die-grosse-kultschlager-party-vol-1-fort\/\">&#8222;<u>SING MIT \u2013 Die Gro\u00dfe Kultschlager Party Vol. 1&#8243;<\/u><\/a><\/strong>\u00a0ist bereits die 3. Woche in den Offiziellen Top 100 Radio Charts \u201eDeutschland Konservativ Pop\u201c vertreten!<\/p>\n<p style=\"text-align: justify;\">Das Team der <b>Epos Medien &amp; Marketing GmbH: <em>&#8222;<\/em><\/b><em>Das Jahr geht langsam zu Ende, unsere Freude \u00fcber diese regelm\u00e4\u00dfig tollen Erfolge unserer\u00a0vielseitigen Ausnahmek\u00fcnstler <strong>STIMMEN DER BERGE<\/strong> nimmt trotz aller Einschr\u00e4nkungen\u00a0dieses Jahr kein Ende.<\/em><\/p>\n<p style=\"text-align: justify;\"><em>Daf\u00fcr bedanken wir uns nochmals bei allen Mitwirkenden in TV, Radio und Printmedien,\u00a0bei den tollen Fans und freuen uns, wenn <strong>Sie ALLE<\/strong> den <strong>STIMMEN DER BERGE<\/strong> weiterhin treu bleiben.<\/em><\/p>\n<p style=\"text-align: justify;\"><em>Denn im Januar 2021 haben wir die n\u00e4chste musikalische \u00dcberraschung f\u00fcr Sie!&#8220;.<\/em><\/p>\n<p style=\"text-align: justify;\">\n","protected":false},"excerpt":{"rendered":"<p>Auch in Corona-Zeiten l\u00e4uft HERVORRAGEND f\u00fcr die Stimmen der Berge!<\/p>\n","protected":false},"author":2,"featured_media":154643,"comment_status":"open","ping_status":"closed","sticky":false,"template":"","format":"standard","meta":{"_FSMCFIC_featured_image_caption":"","_FSMCFIC_featured_image_nocaption":"","_FSMCFIC_featured_image_hide":""},"categories":[29],"tags":[613],"acf":[],"_links":{"self":[{"href":"https:\/\/smago.de\/ws2\/wp-json\/wp\/v2\/posts\/157083"}],"collection":[{"href":"https:\/\/smago.de\/ws2\/wp-json\/wp\/v2\/posts"}],"about":[{"href":"https:\/\/smago.de\/ws2\/wp-json\/wp\/v2\/types\/post"}],"author":[{"embeddable":true,"href":"https:\/\/smago.de\/ws2\/wp-json\/wp\/v2\/users\/2"}],"replies":[{"embeddable":true,"href":"https:\/\/smago.de\/ws2\/wp-json\/wp\/v2\/comments?post=157083"}],"version-history":[{"count":1,"href":"https:\/\/smago.de\/ws2\/wp-json\/wp\/v2\/posts\/157083\/revisions"}],"predecessor-version":[{"id":157084,"href":"https:\/\/smago.de\/ws2\/wp-json\/wp\/v2\/posts\/157083\/revisions\/157084"}],"wp:featuredmedia":[{"embeddable":true,"href":"https:\/\/smago.de\/ws2\/wp-json\/wp\/v2\/media\/154643"}],"wp:attachment":[{"href":"https:\/\/smago.de\/ws2\/wp-json\/wp\/v2\/media?parent=157083"}],"wp:term":[{"taxonomy":"category","embeddable":true,"href":"https:\/\/smago.de\/ws2\/wp-json\/wp\/v2\/categories?post=157083"},{"taxonomy":"post_tag","embeddable":true,"href":"https:\/\/smago.de\/ws2\/wp-json\/wp\/v2\/tags?post=157083"}],"curies":[{"name":"wp","href":"https:\/\/api.w.org\/{rel}","templated":true}]}}