{"id":157000,"date":"2020-11-18T18:38:10","date_gmt":"2020-11-18T17:38:10","guid":{"rendered":"https:\/\/smago.de\/ws2\/?p=157000"},"modified":"2020-11-18T18:38:29","modified_gmt":"2020-11-18T17:38:29","slug":"hansi-hiterseer-vorweihnachtliche-freude-ueber-3-fach-top-10-erfolg-mit-weihnachten-miteinander","status":"publish","type":"post","link":"https:\/\/smago.de\/ws2\/volksmusik\/hansi-hiterseer-vorweihnachtliche-freude-ueber-3-fach-top-10-erfolg-mit-weihnachten-miteinander\/","title":{"rendered":"HANSI HITERSEER <br>Vorweihnachtliche Freude \u00fcber 3-fach Top 10-Erfolg mit &#8222;Weihnachten miteinander&#8220; &#8230;"},"content":{"rendered":"<p>&#8230; mit #6 &#8211; #4 &#8211; #5 der Offiziellen Album Charts in D &#8211; A &#8211; CH!<br \/>\n<!--more--><\/p>\n<p>&nbsp;<\/p>\n<p>&nbsp;<\/p>\n<p style=\"text-align: justify;\">Tief im Herzen ber\u00fchrt HANSI HINTERSEERs Gesp\u00fcr f\u00fcr Weihnachten. Dieses\u00a0wunderbar warme\u00a0Gef\u00fchl der\u00a0traditionellen Tiroler Bergweihnacht, diese\u00a0lebensbejahende Lieder voller Vorfreude\u00a0aufs Fest laden zum Mitsingen ein, stimmen fr\u00f6hlich\u00a0und stehen auf musikalischen Weihnachtswunschzetteln ganz oben:\u00a0<strong>Mit Chart-Entry auf #6 der Offiziellen Deutschen Album Charts schaffte es &#8222;Weihnachten miteinander&#8220; in KW 46 als einziges Weihnachtsalbum in die Top 10! Und der Tiroler klettert mit dem weihnachtlichen Longplayer weiter auf Erfolgskurs: In den Top 5 ist Hansi jetzt sogar im Doppelschlag vertreten &#8211; mit #4 in seiner Heimat \u00d6sterreich und #5 in der Schweiz!<\/strong><\/p>\n<p>Bald schon, bald ist Weihnacht! Gem\u00fctlicher Kerzenschein, eine\u00a0warme Stube, ein Weihnachtsbaum, Kekse, mit der Familie und mit Menschen, mit denen man gern zusammen ist, die stille Zeit genie\u00dfen &#8211; und da gibt es nat\u00fcrlich auch die passenden Weihnachtslieder dazu. &#8222;Weihnachten miteinander&#8220; ist Traditionelles und herzerw\u00e4rmend Neues f\u00fcr die Vorfreude im Advent und die Weihnachtsfeiertage\u00a0&#8211; 16 wundersch\u00f6ne Titel l\u00e4uten die besinnliche Zeit ein.<\/p>\n<p>\u201eWeihnachten miteinander\u201c ist\u00a0seit dem 06. November 2020 f\u00fcr den weihnachtlichen Wunschzettel im Handel erh\u00e4ltlich \u2013 und ebenso als limitierte Fanbox.<\/p>\n<p>&nbsp;<\/p>\n<p>&nbsp;<\/p>\n<p style=\"text-align: justify;\"><img decoding=\"async\" loading=\"lazy\" class=\"alignnone size-nerubian-single wp-image-157001\" src=\"https:\/\/smago.de\/ws2\/wp-content\/uploads\/2020\/11\/86ad886c-b0cb-416f-9b7b-e5323bff76e8-696x522.jpg\" alt=\"\" width=\"696\" height=\"522\" srcset=\"https:\/\/smago.de\/ws2\/wp-content\/uploads\/2020\/11\/86ad886c-b0cb-416f-9b7b-e5323bff76e8-696x522.jpg 696w, https:\/\/smago.de\/ws2\/wp-content\/uploads\/2020\/11\/86ad886c-b0cb-416f-9b7b-e5323bff76e8-522x392.jpg 522w, https:\/\/smago.de\/ws2\/wp-content\/uploads\/2020\/11\/86ad886c-b0cb-416f-9b7b-e5323bff76e8-800x600.jpg 800w, https:\/\/smago.de\/ws2\/wp-content\/uploads\/2020\/11\/86ad886c-b0cb-416f-9b7b-e5323bff76e8-200x150.jpg 200w, https:\/\/smago.de\/ws2\/wp-content\/uploads\/2020\/11\/86ad886c-b0cb-416f-9b7b-e5323bff76e8-768x576.jpg 768w, https:\/\/smago.de\/ws2\/wp-content\/uploads\/2020\/11\/86ad886c-b0cb-416f-9b7b-e5323bff76e8-363x272.jpg 363w, https:\/\/smago.de\/ws2\/wp-content\/uploads\/2020\/11\/86ad886c-b0cb-416f-9b7b-e5323bff76e8-130x98.jpg 130w, https:\/\/smago.de\/ws2\/wp-content\/uploads\/2020\/11\/86ad886c-b0cb-416f-9b7b-e5323bff76e8-593x445.jpg 593w, https:\/\/smago.de\/ws2\/wp-content\/uploads\/2020\/11\/86ad886c-b0cb-416f-9b7b-e5323bff76e8-253x190.jpg 253w, https:\/\/smago.de\/ws2\/wp-content\/uploads\/2020\/11\/86ad886c-b0cb-416f-9b7b-e5323bff76e8-387x290.jpg 387w, https:\/\/smago.de\/ws2\/wp-content\/uploads\/2020\/11\/86ad886c-b0cb-416f-9b7b-e5323bff76e8.jpg 1024w\" sizes=\"(max-width: 696px) 100vw, 696px\" \/><\/p>\n<p>&nbsp;<\/p>\n<p style=\"text-align: center;\">\n<p style=\"text-align: center;\"><strong>TV-TIPP\u00a0 &#8211; Deutsches Musik Fernsehen<\/strong><\/p>\n<p style=\"text-align: center;\">Hansi Hinterseer: &#8222;Weihnachten miteinander&#8220;<\/p>\n<p style=\"text-align: center;\">Freitag, 20. November 2020, 17:50 Uhr<\/p>\n<p style=\"text-align: center;\">\n<p>&nbsp;<\/p>\n<p>&nbsp;<\/p>\n<p style=\"text-align: justify;\">Es ist eine wahre Freude, wie uns Hansi\u00a0mit seinen neuen Liedern der Album-CD &#8222;Weihnachten miteinander&#8220;\u00a0auf die Weihnachtszeit einstimmt.\u00a0Er\u00a0l\u00e4sst uns\u00a0hinter die Kulissen seiner CD-Entstehung schauen und\u00a0nimmt uns mit\u00a0zur Produktion seiner Weihnachts-Videos. Die Moderatorin von &#8222;Deutsches Musik Fernsehen&#8220; Romy Dadlhuber traf den sympathischen Schlagerstar und fr\u00fcheren Ski-Champion im Herbst in seiner Tiroler Heimat Kitzb\u00fchel.<\/p>\n","protected":false},"excerpt":{"rendered":"<p>&#8230; mit #6 &#8211; #4 &#8211; #5 der Offiziellen Album Charts in D &#8211; A &#8211; CH!<\/p>\n","protected":false},"author":2,"featured_media":151848,"comment_status":"open","ping_status":"closed","sticky":false,"template":"","format":"standard","meta":{"_FSMCFIC_featured_image_caption":"","_FSMCFIC_featured_image_nocaption":"","_FSMCFIC_featured_image_hide":""},"categories":[128,30],"tags":[107],"acf":[],"_links":{"self":[{"href":"https:\/\/smago.de\/ws2\/wp-json\/wp\/v2\/posts\/157000"}],"collection":[{"href":"https:\/\/smago.de\/ws2\/wp-json\/wp\/v2\/posts"}],"about":[{"href":"https:\/\/smago.de\/ws2\/wp-json\/wp\/v2\/types\/post"}],"author":[{"embeddable":true,"href":"https:\/\/smago.de\/ws2\/wp-json\/wp\/v2\/users\/2"}],"replies":[{"embeddable":true,"href":"https:\/\/smago.de\/ws2\/wp-json\/wp\/v2\/comments?post=157000"}],"version-history":[{"count":2,"href":"https:\/\/smago.de\/ws2\/wp-json\/wp\/v2\/posts\/157000\/revisions"}],"predecessor-version":[{"id":157003,"href":"https:\/\/smago.de\/ws2\/wp-json\/wp\/v2\/posts\/157000\/revisions\/157003"}],"wp:featuredmedia":[{"embeddable":true,"href":"https:\/\/smago.de\/ws2\/wp-json\/wp\/v2\/media\/151848"}],"wp:attachment":[{"href":"https:\/\/smago.de\/ws2\/wp-json\/wp\/v2\/media?parent=157000"}],"wp:term":[{"taxonomy":"category","embeddable":true,"href":"https:\/\/smago.de\/ws2\/wp-json\/wp\/v2\/categories?post=157000"},{"taxonomy":"post_tag","embeddable":true,"href":"https:\/\/smago.de\/ws2\/wp-json\/wp\/v2\/tags?post=157000"}],"curies":[{"name":"wp","href":"https:\/\/api.w.org\/{rel}","templated":true}]}}