{"id":156977,"date":"2020-11-18T00:00:21","date_gmt":"2020-11-17T23:00:21","guid":{"rendered":"https:\/\/smago.de\/ws2\/?p=156977"},"modified":"2020-11-17T23:25:04","modified_gmt":"2020-11-17T22:25:04","slug":"kurt-elsasser-corona-verdacht-nicht-bestaetigt-aber","status":"publish","type":"post","link":"https:\/\/smago.de\/ws2\/schlager\/kurt-elsasser-corona-verdacht-nicht-bestaetigt-aber\/","title":{"rendered":"KURT ELSASSER <br>Corona-Verdacht nicht best\u00e4tigt, ABER:"},"content":{"rendered":"<p>Kurt Elsasser hat seine Lehren daraus gezogen!<br \/>\n<!--more--><\/p>\n<p style=\"text-align: justify;\">\n<p style=\"text-align: justify;\">\n<div class=\"kvgmc6g5 cxmmr5t8 oygrvhab hcukyx3x c1et5uql ii04i59q\" style=\"text-align: justify;\">\n<div dir=\"auto\"><em>Meine liebe Freunde,<\/em><\/p>\n<\/div>\n<\/div>\n<div class=\"o9v6fnle cxmmr5t8 oygrvhab hcukyx3x c1et5uql ii04i59q\" style=\"text-align: justify;\">\n<div dir=\"auto\"><em>lange habe ich \u00fcberlegt, ob ich diese Zeilen \u00fcberhaupt schreiben soll. Nachdem, was ich in der letzten Woche selbst erlebt habe, musste ich es jetzt aber einfach tun.<\/em><\/p>\n<\/div>\n<\/div>\n<div class=\"o9v6fnle cxmmr5t8 oygrvhab hcukyx3x c1et5uql ii04i59q\" style=\"text-align: justify;\">\n<div dir=\"auto\"><em>Vorige Woche wurde ich mit hohem Fieber und unertr\u00e4glichen Schmerzen in das Krankenhaus Eisenstadt gebracht. Den ersten Tag verbrachte ich auf der Covid Station, welche bereits bei meiner Einlieferung am vergangenen Montag voll belegt war. Ich selbst habe nur deshalb noch ein Bett bekommen, da kurz davor eines frei geworden war. Nachdem sich dann herausgestellt hatte, dass ich nicht an Corona, sondern an einer anderen schweren Krankheit erkrankt war, wurde ich auf eine andere Station verlegt.<\/em><\/p>\n<\/div>\n<\/div>\n<div class=\"o9v6fnle cxmmr5t8 oygrvhab hcukyx3x c1et5uql ii04i59q\" style=\"text-align: justify;\">\n<div dir=\"auto\"><em>Es war unglaublich mit anzusehen, wie sehr das Krankenhauspersonal auf der Covid Station gefordert wird und unter welchen vorbildlichen Hygienebedingungen dort gearbeitet werden muss. Jeder Arzt, jede Krankenschwester und das gesamte Personal ist unglaublicher k\u00f6rperliche und psychischer Belastung und Stress ausgesetzt und ist trotzdem sehr bem\u00fcht, neben der eigentlichen Arbeit immer freundlich und nett zu sein und zu bleiben.<\/em><\/div>\n<div dir=\"auto\"><\/div>\n<\/div>\n<div class=\"o9v6fnle cxmmr5t8 oygrvhab hcukyx3x c1et5uql ii04i59q\" style=\"text-align: justify;\">\n<div dir=\"auto\"><em>Nach 5 Tagen konnte ich das Krankenhaus wieder verlassen. In diesen f\u00fcnf Tagen wurden zwei weitere Covid Stationen im Krankenhaus in Eisenstadt eingerichtet. Ich musste miterleben, wie rasant die Stationen mit Covid Patienten gef\u00fcllt wurden. Auch schwere Krankheitsverl\u00e4ufe mussten gemeistert werden. Wahrscheinlich sind diese zwei Stationen nunmehr auch schon voll und wohin dann mit den Patienten?<\/em><\/div>\n<div dir=\"auto\"><\/div>\n<\/div>\n<div class=\"o9v6fnle cxmmr5t8 oygrvhab hcukyx3x c1et5uql ii04i59q\" style=\"text-align: justify;\">\n<div dir=\"auto\"><em>In diesem Sinne ist es f\u00fcr mich unbegreiflich und es macht mich sogar w\u00fctend, dass es immer noch Menschen gibt, die r\u00fccksichtslos anderen Menschen gegen\u00fcbertreten, sich auf Partys treffen, bei Demonstrationen teilnehmen und es kategorisch ablehnen, eine Masken zu tragen. Es ist in meinen Augen eine Respektlosigkeit den Menschen gegen\u00fcber, die Tag und Nacht f\u00fcr kranke Menschen da sind, um sie am Leben zu halten und selbst ihre Gesundheit dadurch aufs Spiel setzen m\u00fcssen.<\/em><\/div>\n<div dir=\"auto\"><\/div>\n<\/div>\n<div class=\"o9v6fnle cxmmr5t8 oygrvhab hcukyx3x c1et5uql ii04i59q\" style=\"text-align: justify;\">\n<div dir=\"auto\"><em>Die Denkensweise der Corona-Leugner ist f\u00fcr mich \u00fcberhaupt nicht nachvollziehbar. Ja ich muss sogar eingestehen, ich kann diese Haltung und diese Meinungen und Aussagen einfach nicht mehr h\u00f6ren und nicht mehr ertragen. Seid mir nicht b\u00f6se, aber diese Menschen, die so ticken haben ein gro\u00dfes Problem und sind auch meiner Meinung nach zum Gro\u00dfteil daf\u00fcr verantwortlich, dass es \u00fcberhaupt zu dieser enormen Ausbreitung des Viruses und zu einem zweiten Lockdown kommen musste.<\/em><\/div>\n<div dir=\"auto\"><\/div>\n<\/div>\n<div class=\"o9v6fnle cxmmr5t8 oygrvhab hcukyx3x c1et5uql ii04i59q\" style=\"text-align: justify;\">\n<div dir=\"auto\"><em>Meine Familie, die ich \u00fcber alles liebe, werde ich so gut es geht sch\u00fctzen. F\u00fcr meinen Teil wei\u00df ich, was ich zu tun habe. Ich hoffe, meine lieben Freunde, ihr wisst es auch.<\/em><\/div>\n<div dir=\"auto\"><\/div>\n<\/div>\n<div class=\"o9v6fnle cxmmr5t8 oygrvhab hcukyx3x c1et5uql ii04i59q\" style=\"text-align: justify;\">\n<div dir=\"auto\"><em>In diesem Sinne w\u00fcnsche ich Euch allen alles Gute und bleibt gesund.<\/em><\/div>\n<\/div>\n<div dir=\"auto\" style=\"text-align: justify;\"><\/div>\n<div dir=\"auto\" style=\"text-align: justify;\"><\/div>\n<div class=\"o9v6fnle cxmmr5t8 oygrvhab hcukyx3x c1et5uql ii04i59q\">\n<div dir=\"auto\" style=\"text-align: justify;\"><em>Euer Kurt Elsasser<\/em><\/div>\n<\/div>\n","protected":false},"excerpt":{"rendered":"<p>Kurt Elsasser hat seine Lehren daraus gezogen!<\/p>\n","protected":false},"author":2,"featured_media":156978,"comment_status":"open","ping_status":"closed","sticky":false,"template":"","format":"standard","meta":{"_FSMCFIC_featured_image_caption":"","_FSMCFIC_featured_image_nocaption":"","_FSMCFIC_featured_image_hide":""},"categories":[29],"tags":[827],"acf":[],"_links":{"self":[{"href":"https:\/\/smago.de\/ws2\/wp-json\/wp\/v2\/posts\/156977"}],"collection":[{"href":"https:\/\/smago.de\/ws2\/wp-json\/wp\/v2\/posts"}],"about":[{"href":"https:\/\/smago.de\/ws2\/wp-json\/wp\/v2\/types\/post"}],"author":[{"embeddable":true,"href":"https:\/\/smago.de\/ws2\/wp-json\/wp\/v2\/users\/2"}],"replies":[{"embeddable":true,"href":"https:\/\/smago.de\/ws2\/wp-json\/wp\/v2\/comments?post=156977"}],"version-history":[{"count":1,"href":"https:\/\/smago.de\/ws2\/wp-json\/wp\/v2\/posts\/156977\/revisions"}],"predecessor-version":[{"id":156979,"href":"https:\/\/smago.de\/ws2\/wp-json\/wp\/v2\/posts\/156977\/revisions\/156979"}],"wp:featuredmedia":[{"embeddable":true,"href":"https:\/\/smago.de\/ws2\/wp-json\/wp\/v2\/media\/156978"}],"wp:attachment":[{"href":"https:\/\/smago.de\/ws2\/wp-json\/wp\/v2\/media?parent=156977"}],"wp:term":[{"taxonomy":"category","embeddable":true,"href":"https:\/\/smago.de\/ws2\/wp-json\/wp\/v2\/categories?post=156977"},{"taxonomy":"post_tag","embeddable":true,"href":"https:\/\/smago.de\/ws2\/wp-json\/wp\/v2\/tags?post=156977"}],"curies":[{"name":"wp","href":"https:\/\/api.w.org\/{rel}","templated":true}]}}