{"id":156736,"date":"2020-11-13T00:00:37","date_gmt":"2020-11-12T23:00:37","guid":{"rendered":"https:\/\/smago.de\/ws2\/?p=156736"},"modified":"2020-11-12T22:30:40","modified_gmt":"2020-11-12T21:30:40","slug":"jochen-busse-dieter-nuhr-u-a-heute-13-11-2020-in-der-talk-show-3nach9-zu-gast","status":"publish","type":"post","link":"https:\/\/smago.de\/ws2\/comedy\/jochen-busse-dieter-nuhr-u-a-heute-13-11-2020-in-der-talk-show-3nach9-zu-gast\/","title":{"rendered":"JOCHEN BUSSE, DIETER NUHR u.a. <br>Heute (13.11.2020) in der Talk-Show &#8222;3nach9&#8220; zu Gast!"},"content":{"rendered":"<p style=\"text-align: justify;\">&#8222;Unterhaltung zum Mitdenken.&#8220; \/\/ NDR fernsehen + hr fernsehen, 22:00 Uhr &#8211; 00:00 Uhr! Moderation: <strong>Giovanni di Lorenzo<\/strong> und <strong>Judith Rakers<\/strong>!<br \/>\n<!--more--><strong><br \/>\n<\/strong><\/p>\n<p style=\"text-align: justify;\"><strong>Jochen Busse <\/strong><\/p>\n<p style=\"text-align: justify;\">\n<p style=\"text-align: justify;\">Jochen Bus steht Kopf. Sechs Mal in der Woche beginnt der beliebte Schauspieler und Kabarettist mit einem Kopfstand seinen Tag. Das scheint ihn fit zu halten, in ein paar Wochen feiert der geb\u00fcrtige Iserlohner seinen 80. Geburtstag. Aktuell wollte er gerade auf Theatertournee sein, umso mehr freut sich <strong><em>3nach9<\/em><\/strong> auf seinen ersten Besuch im Bremer Studio und \u00fcber die Geschichten eines Mannes, der einst als Autow\u00e4scher in M\u00fcnchen sein Geld verdiente und sich \u00fcber die \u201eLach- und Schie\u00dfgesellschaft\u201c bis zu \u201eSieben Tage, sieben K\u00f6pfe\u201c in die Herzen seines Publikums spielte.<\/p>\n<p style=\"text-align: justify;\">\n<p>&nbsp;<\/p>\n<p>&nbsp;<\/p>\n<p style=\"text-align: justify;\"><strong>Dieter Nuhr<\/strong><\/p>\n<p>&nbsp;<\/p>\n<p style=\"text-align: justify;\">Er ist das Gegenteil von aufbrausend: Kabarettist Dieter Nuhr nimmt das Weltgeschehen stets besonnen und s\u00fcffisant auseinander und begeistert so sein Publikum seit mehr als drei\u00dfig Jahren. Was die wenigsten wissen: Auch abseits der B\u00fchne ist er ein erfolgreicher K\u00fcnstler. Seit 1995 begeistert sich der studierte Lehrer f\u00fcr die Fotografie und stellt seine Bilder in internationalen Galerien und Museen aus. Was ein echtes Nuhr-Kunstwerk auszeichnet und in welchen L\u00e4ndern seine bisher unver\u00f6ffentlichten Fotos entstanden sind, erz\u00e4hlt er bei 3nach9.<\/p>\n<p>&nbsp;<\/p>\n<p>&nbsp;<\/p>\n<p>&nbsp;<\/p>\n<p style=\"text-align: justify;\"><strong>Raphaela Gromes<\/strong><\/p>\n<p>&nbsp;<\/p>\n<p style=\"text-align: justify;\">Die Corona-Krise trifft Musikerinnen wie Raphaela Gromes besonders schwer. Nur noch \u00e4u\u00dferst selten erklingt ihr Cello vor Publikum. Wie die mehrfach ausgezeichnete, technisch brillante und charmante Cellistin versucht trotz aller Schwierigkeiten positiv und mit guter Energie zurecht zu kommen, erz\u00e4hlt sie bei 3nach9.<\/p>\n<p>&nbsp;<\/p>\n<p>&nbsp;<\/p>\n<p>&nbsp;<\/p>\n<p style=\"text-align: justify;\"><strong>Dirk Ro\u00dfmann<\/strong><\/p>\n<p>&nbsp;<\/p>\n<p style=\"text-align: justify;\">Hinter diesem Mann steht eine faszinierende Erfolgsgeschichte: Vor 48 Jahren er\u00f6ffnete Dirk Ro\u00dfmann in Hannover den ersten Drogerie-Selbstbedienungsladen Deutschlands. Seitdem hat sich die Zahl der L\u00e4den auf mehr als 2.000 gesteigert. Dass der Firmengr\u00fcnder heute immer noch voller Energie und Schaffensdrang steckt, beweist sein erster Roman &#8222;Der neunte Arm des Oktopus&#8220;. Warum er dieses Buch schreiben musste, erz\u00e4hlt er bei 3nach9.<\/p>\n<p>&nbsp;<\/p>\n<p>&nbsp;<\/p>\n<p>&nbsp;<\/p>\n<p style=\"text-align: justify;\"><strong>Stephan Weil<\/strong><\/p>\n<p>&nbsp;<\/p>\n<p style=\"text-align: justify;\">Seit sieben Jahren ist Stephan Weil Ministerpr\u00e4sident des Landes Niedersachsen. Vorher war er Anwalt, Staatsanwalt und Richter. Warum er seinen Job f\u00fcr die Politik aufgegeben hat und ob er mit den immer steigenden Corona-F\u00e4llen in Niedersachsen nachts gut durchschlafen kann, erz\u00e4hlt der geb\u00fcrtige Hamburger bei 3nach9.<\/p>\n<p>&nbsp;<\/p>\n<p>&nbsp;<\/p>\n<p>&nbsp;<\/p>\n<p style=\"text-align: justify;\"><strong>Laura Winterling<\/strong><\/p>\n<p>&nbsp;<\/p>\n<p style=\"text-align: justify;\">Das Weltall und seine unendlichen Weiten fasziniert sie seit Kindheitstagen: Physikerin und ehemalige Astronauten-Trainerin Laura Winterling. Mehr als zehn Jahre arbeitete sie bei der Europ\u00e4ischen Raumfahrtagentur ESA und bildete Astronauten wie Alexander Gerst f\u00fcr Missionen ins All aus. Heute h\u00e4lt die Unternehmerin Vortr\u00e4ge und transportiert ihre Begeisterung f\u00fcr die Raumfahrt in die ganze Welt. Warum es nie zu sp\u00e4t ist nach den Sternen zu greifen und was wir von Astronauten lernen k\u00f6nnen, erz\u00e4hlt Laura Winterling im November bei 3nach9.<\/p>\n","protected":false},"excerpt":{"rendered":"<p>&#8222;Unterhaltung zum Mitdenken.&#8220; \/\/ NDR fernsehen + hr fernsehen, 22:00 Uhr &#8211; 00:00 Uhr! Moderation: Giovanni di Lorenzo und Judith<\/p>\n","protected":false},"author":2,"featured_media":136484,"comment_status":"open","ping_status":"closed","sticky":false,"template":"","format":"standard","meta":{"_FSMCFIC_featured_image_caption":"","_FSMCFIC_featured_image_nocaption":"","_FSMCFIC_featured_image_hide":""},"categories":[3,128],"tags":[215],"acf":[],"_links":{"self":[{"href":"https:\/\/smago.de\/ws2\/wp-json\/wp\/v2\/posts\/156736"}],"collection":[{"href":"https:\/\/smago.de\/ws2\/wp-json\/wp\/v2\/posts"}],"about":[{"href":"https:\/\/smago.de\/ws2\/wp-json\/wp\/v2\/types\/post"}],"author":[{"embeddable":true,"href":"https:\/\/smago.de\/ws2\/wp-json\/wp\/v2\/users\/2"}],"replies":[{"embeddable":true,"href":"https:\/\/smago.de\/ws2\/wp-json\/wp\/v2\/comments?post=156736"}],"version-history":[{"count":1,"href":"https:\/\/smago.de\/ws2\/wp-json\/wp\/v2\/posts\/156736\/revisions"}],"predecessor-version":[{"id":156737,"href":"https:\/\/smago.de\/ws2\/wp-json\/wp\/v2\/posts\/156736\/revisions\/156737"}],"wp:featuredmedia":[{"embeddable":true,"href":"https:\/\/smago.de\/ws2\/wp-json\/wp\/v2\/media\/136484"}],"wp:attachment":[{"href":"https:\/\/smago.de\/ws2\/wp-json\/wp\/v2\/media?parent=156736"}],"wp:term":[{"taxonomy":"category","embeddable":true,"href":"https:\/\/smago.de\/ws2\/wp-json\/wp\/v2\/categories?post=156736"},{"taxonomy":"post_tag","embeddable":true,"href":"https:\/\/smago.de\/ws2\/wp-json\/wp\/v2\/tags?post=156736"}],"curies":[{"name":"wp","href":"https:\/\/api.w.org\/{rel}","templated":true}]}}