{"id":156728,"date":"2020-11-20T00:00:09","date_gmt":"2020-11-19T23:00:09","guid":{"rendered":"https:\/\/smago.de\/ws2\/?p=156728"},"modified":"2020-11-12T22:27:49","modified_gmt":"2020-11-12T21:27:49","slug":"ina-mueller-u-a-heute-13-11-2020-in-der-ndr-talk-show-zu-gast","status":"publish","type":"post","link":"https:\/\/smago.de\/ws2\/pop-schlager\/ina-mueller-u-a-heute-13-11-2020-in-der-ndr-talk-show-zu-gast\/","title":{"rendered":"INA M\u00dcLLER u.a. <br>Heute (20.11.2020) in der &#8222;NDR Talk Show&#8220; zu Gast!"},"content":{"rendered":"<p>NDR fernsehen + hr fernsehen, 22:00 Uhr &#8211; 00:00 Uhr! Moderation: Barbara Sch\u00f6neberger und Hubertus Meyer-Burckhardt!<br \/>\n<!--more--><\/p>\n<h2 style=\"text-align: justify;\">Paul Panzer, Komiker<\/h2>\n<div class=\"contentimage w50\" style=\"text-align: justify;\"><\/div>\n<p style=\"text-align: justify;\">&#8222;Panzer, ich begr\u00fc\u00dfe Sie&#8220;: So begannen seine Telefonstreiche beim Radio, die ihn ber\u00fchmt gemacht haben. Inzwischen geh\u00f6rt der Mann mit dem Bl\u00fcmchenhemd zu den erfolgreichsten Comedians hierzulande und f\u00fcllt die ganz gro\u00dfen Arenen. Dieter Tappert, wie er mit b\u00fcrgerlichem Namen hei\u00dft, besch\u00e4ftigt sich auf seiner aktuellen Tour mit der Krise seines Lebens, der &#8222;Midlife Crisis \u2026 willkommen auf der dunklen Seite&#8220;. Er r\u00e4umt auf mit den Problemchen, die die b\u00f6sen Hormone bei den M\u00e4nnern \u00dc-40 anrichten und nimmt nicht nur die Betroffenen auf seine gewohnte Art und Weise mit.<\/p>\n<p>&nbsp;<\/p>\n<p>&nbsp;<\/p>\n<p>&nbsp;<\/p>\n<p>&nbsp;<\/p>\n<h2 style=\"text-align: justify;\">Ina M\u00fcller, Musikerin und Moderatorin<\/h2>\n<div class=\"contentimage w50\" style=\"text-align: justify;\"><\/div>\n<p style=\"text-align: justify;\">Ina M\u00fcller ist einzigartig. Sie passt in keine Schublade, ist unvergleichlich, ein Einzelst\u00fcck. Ina ist Ina. Nicht mehr und nicht weniger. Ihre Fans liegen ihr zu F\u00fc\u00dfen, lieben ihre Lache, ihre rauchige Stimme, ihre freche Art zu moderieren. Sp\u00e4testens mit ihrer Sendung &#8222;Inas Nacht&#8220; war der geb\u00fcrtigen Nieders\u00e4chsin der Kultstatus gewiss. Der Sendung gelang der Preis-Hattrick: Deutscher Fernsehpreis, Deutscher Comedy-Preis und Grimme-Preis. Inas Herz klopft f\u00fcr die Musik: Sie startete ihre musikalische Solokarriere erst mit \u00fcber 40 und kann damit mit Fug und Recht als Sp\u00e4tstarterin bezeichnet werden. Inzwischen rockt sie ausverkaufte Arenen von Flensburg bis nach M\u00fcnchen, von Z\u00fcrich bis nach Wien. Doch bei allem Erfolg bleibt die norddeutsche S\u00e4ngerin, die als vierte von f\u00fcnf T\u00f6chtern einer Bauernfamilie in K\u00f6hlen im Landkreis Cuxhaven aufwuchs, am Boden. Starall\u00fcren sind ihr fremd.<\/p>\n<p>&nbsp;<\/p>\n<p>&nbsp;<\/p>\n<p>&nbsp;<\/p>\n<p>&nbsp;<\/p>\n<h2 style=\"text-align: justify;\">Sylvie Meis, Moderatorin<\/h2>\n<div class=\"contentimage w50\" style=\"text-align: justify;\"><\/div>\n<p style=\"text-align: justify;\">Sie ist aus den bunten Zeitschriften nicht mehr wegzudenken. Wo Sylvie Meis sich bewegt, sind Fotografen nicht weit und Schlagzeilen sicher. Ihre Karriere begann sie im niederl\u00e4ndischen Fernsehen. In Deutschland wurde sie bekannt als Jurorin bei &#8222;Das Supertalent&#8220; und als Zweitplatzierte und sp\u00e4tere Moderatorin von &#8222;Let\u00b4s Dance&#8220;. Im September hat sie den K\u00fcnstler Niclas Castello geheiratet, mit dem sie seit 2019 liiert ist. Eine Traumhochzeit in der Toskana. Nebenbei macht sie auch immer wieder kleine Modekollektionen, ihre n\u00e4chste Modelinie gibt sie ihm Herbst heraus. Es wird also heftig glitzern und funkeln in der NDR Talk Show mit Sylvie Meis.<\/p>\n<p>&nbsp;<\/p>\n<p>&nbsp;<\/p>\n<p>&nbsp;<\/p>\n<p>&nbsp;<\/p>\n<h2 style=\"text-align: justify;\">Christiane Paul, Schauspielerin<\/h2>\n<div class=\"contentimage w50\" style=\"text-align: justify;\"><\/div>\n<p style=\"text-align: justify;\">Seit den 1990er-Jahren geh\u00f6rt Christiane Paul zu den beliebtesten deutschen Schauspielerinnen. Die ausgebildete \u00c4rztin wurde sowohl mit nationalen Preisen wie die Goldene Kamera als auch mit internationalen Preisen wie dem Emmy Award ausgezeichnet. lm November spielt die 46-j\u00e4hrige Mutter von zwei Kindern in Das Erste in dem TV-Event &#8222;GOTT von Ferdinand von Schirach&#8220;. Es geht um den Fall eines 78-j\u00e4hrigen, kerngesunden Mannes, der sein Leben durch ein Medikament und mithilfe seiner \u00c4rztin beenden will. Ein fiktiver Ethikrat diskutiert die Frage, wem unser Leben geh\u00f6rt und wer \u00fcber unseren Tod entscheiden darf. Wie schon bei dem TV-Film &#8222;Terror &#8211; Ihr Urteil&#8220; sind auch diesmal die Zuschauerinnen und Zuschauer aufgerufen, multimedial abzustimmen und mit zu diskutieren.<\/p>\n<p>&nbsp;<\/p>\n<p>&nbsp;<\/p>\n<p>&nbsp;<\/p>\n<p>&nbsp;<\/p>\n<h2 style=\"text-align: justify;\">Cheyenne Ochsenknecht und ihre Mutter Natascha Ochsenknecht, Models<\/h2>\n<div class=\"contentimage w50\" style=\"text-align: justify;\"><\/div>\n<p style=\"text-align: justify;\">Cheyenne Savannah Ochsenknecht ist als Model und Tochter von Natascha und Uwe Ochsenknecht sehr aktiv in den sozialen Netzwerken. Hier schl\u00e4gt ihr immer h\u00e4ufiger unfassbarer Hass entgegen, von Beleidigungen \u00fcber ihr \u00c4u\u00dferes bis hin zur Androhung von Vergewaltigung und Mord. Unter dem Schutz der Anonymit\u00e4t f\u00fchlen sich die T\u00e4ter sicher, denn die sozialen Netzwerke kooperieren nicht ausreichend mit den Beh\u00f6rden. Und viele Anzeigen werden nicht konsequent verfolgt. Auch ihre Mutter Natascha erf\u00e4hrt viele brutale Anfeindungen im Netz. Cybermobbing erleben mittlerweile sehr viele Menschen. Natascha und Cheyenne Ochsenknecht wollen nun mit einem Buch darauf aufmerksam machen und fordern &#8222;Wehr dich!&#8220;. In der NDR Talk Show werden Natascha und Cheyenne Ochsenknecht erz\u00e4hlen, wie sie mit Hasskommentaren umgehen und was sie sich von der Gesetzgebung w\u00fcnschen.<\/p>\n<p>&nbsp;<\/p>\n<p>&nbsp;<\/p>\n<p>&nbsp;<\/p>\n<p>&nbsp;<\/p>\n<h2 style=\"text-align: justify;\">Nadia Kailouli, Journalistin und Moderatorin<\/h2>\n<div class=\"contentimage w50\" style=\"text-align: justify;\"><\/div>\n<p style=\"text-align: justify;\">Es war ein erfolgreiches Jahr f\u00fcr die junge Journalistin und Moderatorin Nadia Kailouli: F\u00fcr ihre aufsehenerregende Reportage von Bord des Seenotrettungsschiffs &#8222;Sea-Watch 3&#8220; ist sie mit dem Grimme-Preis ausgezeichnet worden. Au\u00dferdem wurde die 37-J\u00e4hrige neue Moderatorin des &#8222;ARD-Mittagsmagazins&#8220;. Vor heiklen Themen zeigt die geb\u00fcrtige Nordrhein-Westf\u00e4lin keine Scheu: F\u00fcr das <a title=\"Link: Link auf die \u00dcberssichtsseite von STRG_F in der Mediathek\" href=\"https:\/\/www.ardmediathek.de\/ard\/sendung\/strg_f-doku\/Y3JpZDovL25kci5kZS80NjE3\/\" target=\"_blank\" rel=\"noopener noreferrer\">NDR Onlineformat Strg_F<\/a>ist sie regelm\u00e4\u00dfig in Undercovereins\u00e4tzen unterwegs, hat sich von Dr\u00fcckerkolonnen anwerben lassen oder Love-Chats ausprobiert. Welche weiteren \u00dcberraschungen dieses Jahr noch f\u00fcr sie bereithielt, das erz\u00e4hlt Nadia Kailouli in der NDR Talk Show.<\/p>\n<p>&nbsp;<\/p>\n<p>&nbsp;<\/p>\n<p>&nbsp;<\/p>\n<p>&nbsp;<\/p>\n<h2 style=\"text-align: justify;\">Wolfgang Kubicki, Politiker, und H.P. Baxxter, Musiker<\/h2>\n<div class=\"contentimage w50\" style=\"text-align: justify;\"><\/div>\n<p style=\"text-align: justify;\">Sie sind zum ersten Mal gemeinsam in einer Talkshow: der Politiker Wolfgang Kubicki (FDP) und der Musiker H.P. Baxxter. Es ist eine ungew\u00f6hnliche M\u00e4nnerfreundschaft, die die beiden Norddeutschen verbindet. Kubicki ist Anwalt, Volkswirt, Politiker und derzeit stellvertretender Bundesvorsitzender der FDP und seit 2017 Vizepr\u00e4sident des Deutschen Bundestages.<\/p>\n<p style=\"text-align: justify;\">H.P. Baxxter ist Frontmann der Band Scooter und seit 25 Jahren auch international mit mehr als 30 Millionen verkauften Tontr\u00e4gern erfolgreich. Was ihn und Wolfgang Kubicki miteinander verbindet und wie ihre Freundschaft zustande kam, erz\u00e4hlen sie in der NDR Talk Show.<\/p>\n","protected":false},"excerpt":{"rendered":"<p>NDR fernsehen + hr fernsehen, 22:00 Uhr &#8211; 00:00 Uhr! Moderation: Barbara Sch\u00f6neberger und Hubertus Meyer-Burckhardt!<\/p>\n","protected":false},"author":2,"featured_media":156729,"comment_status":"open","ping_status":"closed","sticky":false,"template":"","format":"standard","meta":{"_FSMCFIC_featured_image_caption":"","_FSMCFIC_featured_image_nocaption":"","_FSMCFIC_featured_image_hide":""},"categories":[28,128],"tags":[254],"acf":[],"_links":{"self":[{"href":"https:\/\/smago.de\/ws2\/wp-json\/wp\/v2\/posts\/156728"}],"collection":[{"href":"https:\/\/smago.de\/ws2\/wp-json\/wp\/v2\/posts"}],"about":[{"href":"https:\/\/smago.de\/ws2\/wp-json\/wp\/v2\/types\/post"}],"author":[{"embeddable":true,"href":"https:\/\/smago.de\/ws2\/wp-json\/wp\/v2\/users\/2"}],"replies":[{"embeddable":true,"href":"https:\/\/smago.de\/ws2\/wp-json\/wp\/v2\/comments?post=156728"}],"version-history":[{"count":2,"href":"https:\/\/smago.de\/ws2\/wp-json\/wp\/v2\/posts\/156728\/revisions"}],"predecessor-version":[{"id":156735,"href":"https:\/\/smago.de\/ws2\/wp-json\/wp\/v2\/posts\/156728\/revisions\/156735"}],"wp:featuredmedia":[{"embeddable":true,"href":"https:\/\/smago.de\/ws2\/wp-json\/wp\/v2\/media\/156729"}],"wp:attachment":[{"href":"https:\/\/smago.de\/ws2\/wp-json\/wp\/v2\/media?parent=156728"}],"wp:term":[{"taxonomy":"category","embeddable":true,"href":"https:\/\/smago.de\/ws2\/wp-json\/wp\/v2\/categories?post=156728"},{"taxonomy":"post_tag","embeddable":true,"href":"https:\/\/smago.de\/ws2\/wp-json\/wp\/v2\/tags?post=156728"}],"curies":[{"name":"wp","href":"https:\/\/api.w.org\/{rel}","templated":true}]}}