{"id":156702,"date":"2020-11-12T15:41:58","date_gmt":"2020-11-12T14:41:58","guid":{"rendered":"https:\/\/smago.de\/ws2\/?p=156702"},"modified":"2020-11-12T15:41:58","modified_gmt":"2020-11-12T14:41:58","slug":"karl-dall-schlaganfall-verdacht","status":"publish","type":"post","link":"https:\/\/smago.de\/ws2\/nonsens\/karl-dall-schlaganfall-verdacht\/","title":{"rendered":"KARL DALL <br>Schlaganfall-Verdacht!"},"content":{"rendered":"<p>Dreharbeiten mit Karl Dall bei den \u201eRoten Rosen\u201c unterbrochen!<br \/>\n<!--more--><\/p>\n<p>&nbsp;<\/p>\n<p style=\"text-align: justify;\">\n<p class=\"text small\" style=\"text-align: justify;\">KARL DALL (79), der zu Wochenbeginn die Rolle des Alt-Rockstars \u201eRichie Sky\u201c in der ARD-Daily Novela \u201eRote Rosen\u201c \u00fcbernommen hat, wurde nach Angaben der Familie am Mittwochmittag in seinem L\u00fcneburger Apartment mit dem Verdacht auf einen Schlaganfall behandelt. Derzeit wird Karl Dall medizinisch betreut.<\/p>\n<p class=\"text small\" style=\"text-align: justify;\">Der Produzent der \u201eRoten Rosen\u201c Jan Diepers von der Studio Hamburg Serienwerft: \u201eWir sind sehr betroffen \u00fcber Karls unerwartete Erkrankung. Die bisherigen Dreharbeiten verliefen ausgesprochen engagiert und lustig. Wir dr\u00fccken Karl jetzt alle Daumen f\u00fcr seine baldige Gesundung und sichern ihm und seiner Frau alleUnterst\u00fctzung zu, die wir als sein Produktionsstudio bieten k\u00f6nnen.\u201c<\/p>\n<p class=\"text small\" style=\"text-align: justify;\">Um die t\u00e4gliche Produktion der \u201eRoten Rosen\u201c sicherzustellen, werden die B\u00fccher umgeschrieben.<\/p>\n<div class=\"clearMe\" style=\"text-align: justify;\"><\/div>\n<p class=\"text small\" style=\"text-align: justify;\"><em>\u201eRote Rosen\u201c ist eine Produktion der <\/em>Studio Hamburg Serienwerft (Produzenten: Emmo Lempert, Jan Diepers) im Auftrag der ARD Degeto f\u00fcr Das Erste. Die Redaktion haben Meibrit Ahrens und Frida Steimer (beide NDR).<\/p>\n<div class=\"clearMe\" style=\"text-align: justify;\"><\/div>\n","protected":false},"excerpt":{"rendered":"<p>Dreharbeiten mit Karl Dall bei den \u201eRoten Rosen\u201c unterbrochen!<\/p>\n","protected":false},"author":2,"featured_media":156703,"comment_status":"open","ping_status":"closed","sticky":false,"template":"","format":"standard","meta":{"_FSMCFIC_featured_image_caption":"","_FSMCFIC_featured_image_nocaption":"","_FSMCFIC_featured_image_hide":""},"categories":[23,39,128],"tags":[1812,349],"acf":[],"_links":{"self":[{"href":"https:\/\/smago.de\/ws2\/wp-json\/wp\/v2\/posts\/156702"}],"collection":[{"href":"https:\/\/smago.de\/ws2\/wp-json\/wp\/v2\/posts"}],"about":[{"href":"https:\/\/smago.de\/ws2\/wp-json\/wp\/v2\/types\/post"}],"author":[{"embeddable":true,"href":"https:\/\/smago.de\/ws2\/wp-json\/wp\/v2\/users\/2"}],"replies":[{"embeddable":true,"href":"https:\/\/smago.de\/ws2\/wp-json\/wp\/v2\/comments?post=156702"}],"version-history":[{"count":1,"href":"https:\/\/smago.de\/ws2\/wp-json\/wp\/v2\/posts\/156702\/revisions"}],"predecessor-version":[{"id":156704,"href":"https:\/\/smago.de\/ws2\/wp-json\/wp\/v2\/posts\/156702\/revisions\/156704"}],"wp:featuredmedia":[{"embeddable":true,"href":"https:\/\/smago.de\/ws2\/wp-json\/wp\/v2\/media\/156703"}],"wp:attachment":[{"href":"https:\/\/smago.de\/ws2\/wp-json\/wp\/v2\/media?parent=156702"}],"wp:term":[{"taxonomy":"category","embeddable":true,"href":"https:\/\/smago.de\/ws2\/wp-json\/wp\/v2\/categories?post=156702"},{"taxonomy":"post_tag","embeddable":true,"href":"https:\/\/smago.de\/ws2\/wp-json\/wp\/v2\/tags?post=156702"}],"curies":[{"name":"wp","href":"https:\/\/api.w.org\/{rel}","templated":true}]}}