{"id":156464,"date":"2020-11-09T00:00:50","date_gmt":"2020-11-08T23:00:50","guid":{"rendered":"https:\/\/smago.de\/ws2\/?p=156464"},"modified":"2020-11-08T22:33:46","modified_gmt":"2020-11-08T21:33:46","slug":"thomas-gottschalk","status":"publish","type":"post","link":"https:\/\/smago.de\/ws2\/deutsch-rock\/thomas-gottschalk\/","title":{"rendered":"THOMAS GOTTSCHALK <br>Am 21.12.2020 im Ersten \/ in der ARD: &#8222;2020 \u2013\u00a0Gottschalk\u00a0holt&#8217;s nach&#8220;!"},"content":{"rendered":"<p>20:15 Uhr \u00a0&#8211; 22:45 Uhr! Zu Gast ist u. a. Alexander Klaws, der den Winnetou bei den Karl-May-Festspielen in Bad Segeberg gespielt h\u00e4tte &#8230;!<br \/>\n<!--more--><\/p>\n<p>&nbsp;<\/p>\n<p>&nbsp;<\/p>\n<div class=\"text small\" style=\"text-align: justify;\">\n<p class=\"text small\" style=\"text-align: justify;\">2020 \u2013 ein Jahr, das so viel versprochen, aber so wenig gehalten hat.<\/p>\n<p class=\"text small\" style=\"text-align: justify;\">In \u201e2020 \u2013\u00a0Gottschalk\u00a0holt&#8217;s nach\u201c holt THOMAS GOTTSCHALK einen Teil von dem nach, was in diesem Jahr nicht stattgefunden hat. Er begr\u00fc\u00dft auf seinem Sofa prominente und nicht-prominente Menschen, die interessante und emotionale Geschichten zu erz\u00e4hlen haben. Einen Abend ist alles so, wie wir es uns zu Jahresbeginn gew\u00fcnscht haben.<\/p>\n<\/div>\n<div class=\"clearMe\" style=\"text-align: justify;\"><\/div>\n<div style=\"text-align: justify;\"><\/div>\n<div style=\"text-align: justify;\"><\/div>\n<div style=\"text-align: justify;\"><\/div>\n<div class=\"text small\">\n<p class=\"text small\" style=\"text-align: justify;\"><strong>Seine G\u00e4ste u. a.:<\/strong><\/p>\n<div class=\"clearMe\" style=\"text-align: justify;\"><\/div>\n<p class=\"text small\" style=\"text-align: justify;\">Zusammen mit Alexander Klaws, der den Winnetou bei den Karl-May-Festspielen in Bad Segeberg gespielt h\u00e4tte, holt Thomas\u00a0Gottschalk\u00a0echtes Wild-West-Gef\u00fchl ins Studio.<\/p>\n<p class=\"text small\" style=\"text-align: justify;\">Die erst 13-j\u00e4hrige Lilly Stoephasius und der 19-j\u00e4hrige Tyler Edtmayer, Deutsche Meisterin und Deutscher Meister im Skateboarden, holen bei\u00a0Gottschalk\u00a0ihre Olympia-K\u00fcr nach. Die Disziplin Skateboard w\u00e4re in diesem Jahr das erste Mal in Tokio olympisch gewesen.<\/p>\n<p class=\"text small\" style=\"text-align: justify;\">Jens Spahn holt bei\u00a0Gottschalk\u00a0den \u201eTag der offenen T\u00fcr der Bundesregierung\u201c nach und stellt sich den Fragen der B\u00fcrger.<\/p>\n<p class=\"text small\" style=\"text-align: justify;\">Auch der Jodel-Wettstreit in Clausthal-Zellerfeld ist in diesem Jahr ausgefallen. Thomas\u00a0Gottschalk\u00a0holt\u2019s nach.<\/p>\n<p class=\"text small\" style=\"text-align: justify;\">Das internationale Topmodel Toni Garrn bespricht mit Thomas\u00a0Gottschalk\u00a0das Corona-Jahr aus der pers\u00f6nlichen und modischen Perspektive.<\/p>\n<p class=\"text small\" style=\"text-align: justify;\">Hochzeitspaare und Menschen, die in Fernbeziehungen leben, berichten von ihren geplatzten Tr\u00e4umen und erleben so manche \u00dcberraschung!<\/p>\n<div class=\"clearMe\" style=\"text-align: justify;\"><\/div>\n<p class=\"text small\" style=\"text-align: justify;\"><em>Bei \u201e2020 \u2013\u00a0Gottschalk\u00a0holt\u2019s nach\u201c erleben G\u00e4ste und Fernsehzuschauer emotionale, aufregende und \u00fcberraschende Momente, die wir in diesem Jahr so vermisst haben.<\/em><\/p>\n<\/div>\n","protected":false},"excerpt":{"rendered":"<p>20:15 Uhr \u00a0&#8211; 22:45 Uhr! Zu Gast ist u. a. Alexander Klaws, der den Winnetou bei den Karl-May-Festspielen in Bad<\/p>\n","protected":false},"author":2,"featured_media":156481,"comment_status":"open","ping_status":"closed","sticky":false,"template":"","format":"standard","meta":{"_FSMCFIC_featured_image_caption":"","_FSMCFIC_featured_image_nocaption":"","_FSMCFIC_featured_image_hide":""},"categories":[5,128],"tags":[247],"acf":[],"_links":{"self":[{"href":"https:\/\/smago.de\/ws2\/wp-json\/wp\/v2\/posts\/156464"}],"collection":[{"href":"https:\/\/smago.de\/ws2\/wp-json\/wp\/v2\/posts"}],"about":[{"href":"https:\/\/smago.de\/ws2\/wp-json\/wp\/v2\/types\/post"}],"author":[{"embeddable":true,"href":"https:\/\/smago.de\/ws2\/wp-json\/wp\/v2\/users\/2"}],"replies":[{"embeddable":true,"href":"https:\/\/smago.de\/ws2\/wp-json\/wp\/v2\/comments?post=156464"}],"version-history":[{"count":4,"href":"https:\/\/smago.de\/ws2\/wp-json\/wp\/v2\/posts\/156464\/revisions"}],"predecessor-version":[{"id":156483,"href":"https:\/\/smago.de\/ws2\/wp-json\/wp\/v2\/posts\/156464\/revisions\/156483"}],"wp:featuredmedia":[{"embeddable":true,"href":"https:\/\/smago.de\/ws2\/wp-json\/wp\/v2\/media\/156481"}],"wp:attachment":[{"href":"https:\/\/smago.de\/ws2\/wp-json\/wp\/v2\/media?parent=156464"}],"wp:term":[{"taxonomy":"category","embeddable":true,"href":"https:\/\/smago.de\/ws2\/wp-json\/wp\/v2\/categories?post=156464"},{"taxonomy":"post_tag","embeddable":true,"href":"https:\/\/smago.de\/ws2\/wp-json\/wp\/v2\/tags?post=156464"}],"curies":[{"name":"wp","href":"https:\/\/api.w.org\/{rel}","templated":true}]}}