{"id":156462,"date":"2020-11-09T00:00:29","date_gmt":"2020-11-08T23:00:29","guid":{"rendered":"https:\/\/smago.de\/ws2\/?p=156462"},"modified":"2020-11-08T22:36:50","modified_gmt":"2020-11-08T21:36:50","slug":"vss","status":"publish","type":"post","link":"https:\/\/smago.de\/ws2\/nonsens\/vss\/","title":{"rendered":"&#8222;VERSTEHEN SIE SPA\u00df?&#8220; <br>Erfolg auf ganzer Linie!"},"content":{"rendered":"<p>Die Sendung am 31.10.2020 holte wieder den Primetime-Sieg! Und: Der ARD-Klassiker ist auch bei den jungen Zuschauern hervorragend unterwegs!<br \/>\n<!--more--><\/p>\n<p>&nbsp;<\/p>\n<p>&nbsp;<\/p>\n<p class=\"bodytext\" style=\"text-align: justify;\">\u201eVerstehen Sie Spa\u00df?\u201c holte am vorgegangenen Samstag (31.10.2020) nicht nur den Primetime-Sieg beim Gesamtpublikum, sondern war auch bei den unter 50-J\u00e4hrigen hervorragend unterwegs. 4,38 Millionen Zuschauer sahen die Samstagabendshow im Ersten, die von Guido Cantz moderiert wird. Unter den Lockv\u00f6geln bzw. Promi-Opfern waren dieses Mal unter anderem Vanessa Mai, Axel Milberg, Elton, Emilia Sch\u00fcle, Sonja Gerhardt, Gregor Blo\u00e9b und Nina Proll. Die gro\u00dfe Samstagabendshow des SWR, die von Kimmig Entertainment produziert wird, lief am 31. Oktober ab 20:15 Uhr live im Ersten und im ORF.<\/p>\n<p class=\"bodytext\" style=\"text-align: justify;\">\u201eVerstehen Sie Spa\u00df?\u201c ist die dienst\u00e4lteste Show im deutschen Fernsehen. 1980 entwickelte der unvergessene Kurt Felix die Sendung. Gemeinsam mit Produzent Werner Kimmig, dessen Firma von Anfang an die Filme mit der versteckten Kamera produzierte, brachte er sie zum damaligen SDR nach Stuttgart. Es ist umso bemerkenswerter, dass \u201eVerstehen Sie Spa\u00df?\u201c auch bei den j\u00fcngeren Zuschauern zieht. Bei den 14- bis 49-J\u00e4hrigen erzielt das Format regelm\u00e4\u00dfig Marktanteile im zweistelligen Bereich \u2013 an diesem Samstag sah es sogar besonders gut aus. Guido Cantz und sein Team erreichten einen Marktanteil von stolzen 14,1 Prozent bei 1,06 Millionen Zuschauern \u2013 damit r\u00fcckte die Samstagabendshow im Ersten sogar dem \u201eSupertalent\u201c gef\u00e4hrlich nahe. \u201eVerstehen Sie Spa\u00df?\u201c bleibt somit ein Dauerbrenner: Deutlich mehr Zuschauer hatte nur die Jubil\u00e4umsausgabe im Fr\u00fchjahr, ansonsten muss man schon bis 2017 zur\u00fcckgehen, um eine Folge mit einer h\u00f6heren Reichweite zu finden.<\/p>\n<p class=\"bodytext\" style=\"text-align: justify;\">Die Akteure hatten auch wieder einiges zu erleiden: Vanessa Mai wollte gemeinsam mit der spanischen Band L\u00e9rica das Video zu ihrem neuen Song \u201eHighlight\u201c drehen. Was sie nicht wusste: Das \u201eVerstehen Sie Spa\u00df?\u201c-Team hatte ihr nicht die echten L\u00e9rica geschickt, sondern eine extrem r\u00fcpelhafte Fake-Combo. Beim Dreh erweist sich das Trio sowohl t\u00e4nzerisch als auch gesanglich als absolute Vollkatastrophe&#8230;<\/p>\n<p class=\"bodytext\" style=\"text-align: justify;\">Axel Milberg schl\u00fcpfte in das Kost\u00fcm von Prof. Wolfgang Neubauer, einer Koryph\u00e4e auf dem Gebiet der \u201eVirtuellen Arch\u00e4ologie\u201c, und lockte Bergf\u00fchrer im Kleinwalsertal in die \u201e\u00d6tzi\u201c-Falle. F\u00fcr Elton stand eine Halloween-Spezial-Ausgabe der ZDF-Kinderquizshow \u201e1, 2 oder 3\u201c unter einem denkbar schlechten Stern. auf dem Programm. Nicht nur, dass die Technik st\u00e4ndig streikte, er bekam es auch mit einem unheimlich \u00fcberdrehten Maskottchen zu tun, das ihm mit einem Turbostaubsauger das T-Shirt zerfetzte. W\u00e4hrend die \u00f6sterreiche Schauspielerin Nina Proll ihren Ehemann und Berufskollegen Gregor Blo\u00e9b zum Abschuss mit der versteckten Kamera freigegeben hatte, wurde Emilia Sch\u00fcle vom Lockvogel selbst zur Reingelegten. Sie sollte ihre Kollegin Sonja Gerhardt bei einem fingierten Werbe-Casting f\u00fcr einen koreanischen Beauty-Konzern hinters Licht f\u00fchren \u2013 doch die war in alles eingeweiht und drehte den Spie\u00df rum. Wer andern eine Grube gr\u00e4bt&#8230;<\/p>\n<p class=\"bodytext\" style=\"text-align: justify;\">Bereits eine Woche zuvor feierte \u201eVerstehen Sie Spa\u00df? Kids\u201c, der Ableger der gro\u00dfen Samstagabendshow , in der ARD Mediathek und bei Youtube Premiere. Das neue Online-Only-Format steht in der Tradition seines gro\u00dfen Show-Bruders und richtet sich an Kinder von sechs bis 13 Jahren, deren Eltern und alle, die ganz einfach Lust auf Spa\u00df haben. Moderiert wird die Show von der 16-j\u00e4hrigen Maxine Klug und dem 19-j\u00e4hrigen Sinan El Sayed. Guido Cantz begr\u00fc\u00dfte das Duo am 31. Oktober in der Live-Sendung, um mehr \u00fcber das neue Format zu erfahren. Dar\u00fcber hinaus waren auch die Ehrlich Brothers zu Gast. Das magische Duo gab bei \u201eVerstehen Sie Spa\u00df?\u201c eine Kostprobe seiner Illusionsk\u00fcnste.<\/p>\n","protected":false},"excerpt":{"rendered":"<p>Die Sendung am 31.10.2020 holte wieder den Primetime-Sieg! Und: Der ARD-Klassiker ist auch bei den jungen Zuschauern hervorragend unterwegs!<\/p>\n","protected":false},"author":2,"featured_media":130380,"comment_status":"open","ping_status":"closed","sticky":false,"template":"","format":"standard","meta":{"_FSMCFIC_featured_image_caption":"","_FSMCFIC_featured_image_nocaption":"","_FSMCFIC_featured_image_hide":""},"categories":[23],"tags":[263],"acf":[],"_links":{"self":[{"href":"https:\/\/smago.de\/ws2\/wp-json\/wp\/v2\/posts\/156462"}],"collection":[{"href":"https:\/\/smago.de\/ws2\/wp-json\/wp\/v2\/posts"}],"about":[{"href":"https:\/\/smago.de\/ws2\/wp-json\/wp\/v2\/types\/post"}],"author":[{"embeddable":true,"href":"https:\/\/smago.de\/ws2\/wp-json\/wp\/v2\/users\/2"}],"replies":[{"embeddable":true,"href":"https:\/\/smago.de\/ws2\/wp-json\/wp\/v2\/comments?post=156462"}],"version-history":[{"count":4,"href":"https:\/\/smago.de\/ws2\/wp-json\/wp\/v2\/posts\/156462\/revisions"}],"predecessor-version":[{"id":156487,"href":"https:\/\/smago.de\/ws2\/wp-json\/wp\/v2\/posts\/156462\/revisions\/156487"}],"wp:featuredmedia":[{"embeddable":true,"href":"https:\/\/smago.de\/ws2\/wp-json\/wp\/v2\/media\/130380"}],"wp:attachment":[{"href":"https:\/\/smago.de\/ws2\/wp-json\/wp\/v2\/media?parent=156462"}],"wp:term":[{"taxonomy":"category","embeddable":true,"href":"https:\/\/smago.de\/ws2\/wp-json\/wp\/v2\/categories?post=156462"},{"taxonomy":"post_tag","embeddable":true,"href":"https:\/\/smago.de\/ws2\/wp-json\/wp\/v2\/tags?post=156462"}],"curies":[{"name":"wp","href":"https:\/\/api.w.org\/{rel}","templated":true}]}}