{"id":156454,"date":"2020-11-08T13:37:11","date_gmt":"2020-11-08T12:37:11","guid":{"rendered":"https:\/\/smago.de\/ws2\/?p=156454"},"modified":"2020-11-08T13:37:18","modified_gmt":"2020-11-08T12:37:18","slug":"das-supertalent-das-supertalent-holt-staffelbestwert-und-siegt-in-der-primetime","status":"publish","type":"post","link":"https:\/\/smago.de\/ws2\/smago-informiert\/das-supertalent-das-supertalent-holt-staffelbestwert-und-siegt-in-der-primetime\/","title":{"rendered":"&#8222;DAS SUPERTALENT&#8220; <br>&#8222;Das Supertalent&#8220; holt Staffelbestwert und siegt in der Primetime!"},"content":{"rendered":"<p>Der Geh\u00f6rlose Rafael-Evitan Grombelka (35) aus K\u00f6ln bringt Chris Tall zum Weinen!<br \/>\n<!--more--><\/p>\n<p>&nbsp;<\/p>\n<p>&nbsp;<\/p>\n<div class=\"textundbild\" style=\"text-align: justify;\">\n<p>Die vierte Folge von &#8222;Das Supertalent&#8220; erreichte mit durchschnittlich 3,65 Millionen Zuschauer ab 3 Jahre (11,4 % MA) am Samstagabend einen neuen Staffelbestwert. Zudem holte die Show mit guten 15,6 Prozent (1,40 Mio.) in der Zielgruppe der 14-49-J\u00e4hrigen und 14,6 Prozent (2,32 Millionen) bei den 14- bis 59-j\u00e4hrigen Zuschauern den doppelten Primetime-Sieg.<\/p>\n<p>RTL erreichte bei den 14- bis 59-j\u00e4hrigen Zuschauern einen Tagesmarktanteil von 9,7 Prozent. ZDF (10,2%), ARD (9,3%), ProSieben (7,0%), SAT1 (6,9%) und VOX (5,3%).<\/p>\n<\/div>\n<p>&nbsp;<\/p>\n<p>&nbsp;<\/p>\n<p>&nbsp;<\/p>\n<p>&nbsp;<\/p>\n<div class=\"textundbild\">\n<p style=\"text-align: justify;\"><strong>&#8222;Dass mich jemand so ber\u00fchrt, h\u00e4tte ich niemals gedacht&#8220;<\/strong><\/p>\n<\/div>\n<p>&nbsp;<\/p>\n<p>&nbsp;<\/p>\n<div class=\"textundbild\">\n<p style=\"text-align: justify;\">In der gestrigen Show von &#8222;Das Supertalent&#8220; sang der geh\u00f6rlose K\u00fcnstler Rafael-Evitan Grembelka (35) aus K\u00f6ln in Geb\u00e4rdensprache zu &#8222;Weinst du&#8220; von Echt. Damit brachte er Chris Tall so zum Weinen, dass der kaum in der Lage war, sein Juryurteil zu f\u00e4llen. Nach mehreren Ans\u00e4tzen sagte Chris: &#8222;Du kommst hier auf diese B\u00fchne und beweist, dass du alles schaffen kannst in deinem Leben au\u00dfer vielleicht h\u00f6ren. F\u00fcr mich bist du DAS Supertalent 2020!&#8220; und &#8222;Dass mich jemand so ber\u00fchrt, h\u00e4tte ich niemals gedacht&#8220;. Dieter Bohlen fand: &#8222;Du hast es unheimlich sensibel mit den H\u00e4nden agiert. Da kam was r\u00fcber. Es hat mich ber\u00fchrt! Evelyn Burdecki meinte: &#8222;Wir sind alle schockverliebt in dich!&#8220;<\/p>\n<p style=\"text-align: justify;\">Laura Urunov (25) aus Bremerv\u00f6rde unterhielt die Jury mit ihren Papageien. Einer der Papageien \u00fcberreichte Dieter Bohlen eine Rose. &#8222;Da ist der coolste Bachelor, den RTL je hatte!&#8220; meinte daraufhin Chris Tall. Es gab viermal &#8222;Ja&#8220; von der Jury.<\/p>\n<p style=\"text-align: justify;\">Standing Ovations gab es auch f\u00fcr die Tanzsportgarde Harsewinkel. Dieter Bohlen war begeistert von der Leistung der neun Kinder im Alter von 8 \u2013 14 Jahren. &#8222;Wir haben hier schon viele Tanzgruppen gesehen, aber das war so perfekt synchron. Wahnsinn. Das war gro\u00dfe Klasse!&#8220;<\/p>\n<p style=\"text-align: justify;\">Auch die Pole T\u00e4nzerinnen Amalia (31) und Kayla (25) aus Baumholder in der Pfalz bekamen Standing Ovations und viermal &#8222;Ja&#8220; von der Jury. Bruce Darnell: &#8222;Es war supersch\u00f6n. Ich habe sowas noch nie gesehen. Wir haben hier sehr oft Poledane gehabt. Bei euch war es anders. Es war so viel Sachen dabei, die wir noch nie gesehen haben. Ganz ganz toll!&#8220;<\/p>\n<p style=\"text-align: justify;\"><em>Fans finden alle Infos und Videoclips zu \u201eDas Supertalent\u201c, der Jury, Teilnehmern und exklusive Backstage-Storys wieder im gro\u00dfen Special bei <\/em><a href=\"http:\/\/www.rtl.de\/\"><em>www.RTL.de<\/em><\/a><em>. Die komplette Sendung ist im Anschluss sieben Tage kostenlos bei <\/em><a href=\"http:\/\/www.tvnow.de\/\"><em>www.TVNOW.de<\/em><\/a><em> abrufbar.<\/em><\/p>\n<\/div>\n<div class=\"textundbild\">\n<p style=\"text-align: justify;\"><em>Quelle f\u00fcr die TV-Quoten: AGF\/GfK \/ DAP\u00a0videoSCOPE\u00a0\/ MG RTL Data &amp;\u00a0Audience\u00a0Intelligence\u00a0\/ vorl.\u00a0gew. \/ Stand:\u00a007.11.2020\u00a0<\/em><\/p>\n<p style=\"text-align: justify;\">\n<\/div>\n","protected":false},"excerpt":{"rendered":"<p>Der Geh\u00f6rlose Rafael-Evitan Grombelka (35) aus K\u00f6ln bringt Chris Tall zum Weinen!<\/p>\n","protected":false},"author":2,"featured_media":156455,"comment_status":"open","ping_status":"closed","sticky":false,"template":"","format":"standard","meta":{"_FSMCFIC_featured_image_caption":"","_FSMCFIC_featured_image_nocaption":"","_FSMCFIC_featured_image_hide":""},"categories":[33],"tags":[60],"acf":[],"_links":{"self":[{"href":"https:\/\/smago.de\/ws2\/wp-json\/wp\/v2\/posts\/156454"}],"collection":[{"href":"https:\/\/smago.de\/ws2\/wp-json\/wp\/v2\/posts"}],"about":[{"href":"https:\/\/smago.de\/ws2\/wp-json\/wp\/v2\/types\/post"}],"author":[{"embeddable":true,"href":"https:\/\/smago.de\/ws2\/wp-json\/wp\/v2\/users\/2"}],"replies":[{"embeddable":true,"href":"https:\/\/smago.de\/ws2\/wp-json\/wp\/v2\/comments?post=156454"}],"version-history":[{"count":2,"href":"https:\/\/smago.de\/ws2\/wp-json\/wp\/v2\/posts\/156454\/revisions"}],"predecessor-version":[{"id":156457,"href":"https:\/\/smago.de\/ws2\/wp-json\/wp\/v2\/posts\/156454\/revisions\/156457"}],"wp:featuredmedia":[{"embeddable":true,"href":"https:\/\/smago.de\/ws2\/wp-json\/wp\/v2\/media\/156455"}],"wp:attachment":[{"href":"https:\/\/smago.de\/ws2\/wp-json\/wp\/v2\/media?parent=156454"}],"wp:term":[{"taxonomy":"category","embeddable":true,"href":"https:\/\/smago.de\/ws2\/wp-json\/wp\/v2\/categories?post=156454"},{"taxonomy":"post_tag","embeddable":true,"href":"https:\/\/smago.de\/ws2\/wp-json\/wp\/v2\/tags?post=156454"}],"curies":[{"name":"wp","href":"https:\/\/api.w.org\/{rel}","templated":true}]}}