{"id":156408,"date":"2020-11-07T23:58:54","date_gmt":"2020-11-07T22:58:54","guid":{"rendered":"https:\/\/smago.de\/ws2\/?p=156408"},"modified":"2020-11-07T11:52:56","modified_gmt":"2020-11-07T10:52:56","slug":"smago-informiert-ida-eroeffnet-innovationlab-kids-in-erfurt","status":"publish","type":"post","link":"https:\/\/smago.de\/ws2\/kinderprogramm\/smago-informiert-ida-eroeffnet-innovationlab-kids-in-erfurt\/","title":{"rendered":"smago! INFORMIERT <br>ida er\u00f6ffnet &#8222;InnovationLab Kids&#8220; in Erfurt!"},"content":{"rendered":"<p style=\"text-align: justify;\">&#8222;ida&#8220; steht f\u00fcr Innovations- und Digitalagentur!<br \/>\n<!--more--><\/p>\n<p>&nbsp;<\/p>\n<p>&nbsp;<\/p>\n<p style=\"text-align: justify;\">Die Innovations- und Digitalagentur (ida) GmbH \u2013 ein gemeinsames Unternehmen von MDR und ZDF \u2013 er\u00f6ffnet Anfang 2021 ein &#8222;InnovationLab Kids&#8220; in Th\u00fcringen am Standort Erfurt.<\/p>\n<p style=\"text-align: justify;\">Neben digitalen Dienstleistungen f\u00fcr den KiKA soll mit dem &#8222;InnovationLab Kids&#8220; ein Thinktank mit Fokus auf digitale Angebote f\u00fcr Kinder und digitale Bildungsangebote f\u00fcr die junge Zielgruppe aufgebaut werden.<\/p>\n<p style=\"text-align: justify;\">&#8222;Die Macherinnen und Macher von ida waren bereits bei erfolgreichen Entwicklungen wie dem KiKA-Player beteiligt und wir sp\u00fcren schon in den ersten Monaten des Unternehmens positive Impulse f\u00fcr den MDR. Da passiert also bereits sehr viel und wir wollen diesen kraftvollen Schwung mit dem Standort Th\u00fcringen nun weiter verstetigen&#8220;, so die MDR-Intendantin Prof. Dr. Karola Wille.<\/p>\n<p style=\"text-align: justify;\">ZDF-Intendant Dr. Thomas Bellut: &#8222;In einer immer komplexeren digitalen Medienwelt beobachten wir rasante Ver\u00e4nderungen auch im Hinblick auf Inhalte f\u00fcr Kinder. Mit unserem vielf\u00e4ltigen \u00f6ffentlich-rechtlichen Angebot f\u00fcr das ganz junge Publikum wollen wir plattform\u00fcbergreifend Qualit\u00e4tsstandards setzen. ida wird uns mit dem &#8218;InnovationLab Kids&#8216; in Zukunft in enger Zusammenarbeit mit der ZDF-Hauptredaktion Kinder und Jugend dabei unterst\u00fctzen.&#8220;<\/p>\n<p style=\"text-align: justify;\">G\u00e4ste der Gespr\u00e4chsrunde am heutigen Nachmittag, die aufgrund der Pandemie virtuell im Livestream durchgef\u00fchrt wird, sind auch die KiKA-Programmgesch\u00e4ftsf\u00fchrerin Dr. Astrid Plenk und der Th\u00fcringer Ministerpr\u00e4sident Bodo Ramelow.<\/p>\n<p style=\"text-align: justify;\">&#8222;Die KiKA-Digitalagenda sieht in den kommenden Jahren zielgruppenspezifischen Qualit\u00e4tscontent und zahlreiche innovative Angebote vor. Gemeinsam mit dem Team von ida arbeiten wir vertrauensvoll an technischen L\u00f6sungen und neuen Produkten&#8220;, so Dr. Astrid Plenk.<\/p>\n<p style=\"text-align: justify;\">Ministerpr\u00e4sident Ramelow betont, &#8222;dass der MDR und das ZDF mit ida an einem gemeinsamen Strang ziehen, um die Digitalisierung des \u00f6ffentlich-rechtlichen Rundfunks kreativ voranzutreiben.&#8220; Er erg\u00e4nzt: &#8222;Erfurt bietet unter anderem durch die N\u00e4he zum Kinderkanal und zum Medienkompetenzzentrum des MDR den idealen Standort f\u00fcr das Gemeinschaftsprojekt. Von Th\u00fcringen ausgehend hat ida die Chance, sich als wichtiger Knotenpunkt eines nationalen \u2013 perspektivisch auch internationalen \u2013 Netzwerks von digitalen Angeboten f\u00fcr junge Menschen zu entwickeln.&#8220;<\/p>\n<p style=\"text-align: justify;\">ida-CEO Matthias Montag: &#8222;Als Th\u00fcringer freue ich mich, wieder einen Schritt Richtung &#8218;Heimat&#8216; machen zu k\u00f6nnen. Hier wollen wir neue Gesch\u00e4ftsfelder entwickeln und eine deutlich wahrnehmbare Impulsgeberin mit konkreten innovativen digitalen Ideen sein.&#8220;<\/p>\n<p style=\"text-align: justify;\">ida wird zum Jahresbeginn mit ca. f\u00fcnf Mitarbeitenden starten, soll z\u00fcgig organisch wachsen und Gesch\u00e4ftsfelder rund um digitale Inhalte f\u00fcr Kinder und deren Distribution erschlie\u00dfen. Perspektivisch wird ida R\u00e4umlichkeiten in dem momentan im Bau befindlichen Teilkomplex des &#8222;Kindermedienzentrums&#8220; beziehen.<\/p>\n<p>&nbsp;<\/p>\n<p>&nbsp;<\/p>\n<p>&nbsp;<\/p>\n<p>&nbsp;<\/p>\n<p style=\"text-align: justify;\"><b>Innovations- und Digitalagentur (ida):<\/b><\/p>\n<p>&nbsp;<\/p>\n<p>&nbsp;<\/p>\n<p style=\"text-align: justify;\">Gegr\u00fcndet wurde die Innovations- und Digitalagentur (ida) GmbH am 31. M\u00e4rz 2020 vom Mitteldeutschen Rundfunk und der ZDF Digital Medienproduktion GmbH. Am Standort in Leipzig arbeiten bereits ca. drei\u00dfig Digitalexpertinnen und -experten, zu deren Portfolio technische Services und Produkte ebenso geh\u00f6ren wie digitales Storytelling, Audience-, Dialog- und Innovationsmanagement. Gesch\u00e4ftsf\u00fchrer ist Matthias Montag.<\/p>\n<h1><\/h1>\n","protected":false},"excerpt":{"rendered":"<p>&#8222;ida&#8220; steht f\u00fcr Innovations- und Digitalagentur!<\/p>\n","protected":false},"author":2,"featured_media":156409,"comment_status":"open","ping_status":"closed","sticky":false,"template":"","format":"standard","meta":{"_FSMCFIC_featured_image_caption":"","_FSMCFIC_featured_image_nocaption":"","_FSMCFIC_featured_image_hide":""},"categories":[20],"tags":[60],"acf":[],"_links":{"self":[{"href":"https:\/\/smago.de\/ws2\/wp-json\/wp\/v2\/posts\/156408"}],"collection":[{"href":"https:\/\/smago.de\/ws2\/wp-json\/wp\/v2\/posts"}],"about":[{"href":"https:\/\/smago.de\/ws2\/wp-json\/wp\/v2\/types\/post"}],"author":[{"embeddable":true,"href":"https:\/\/smago.de\/ws2\/wp-json\/wp\/v2\/users\/2"}],"replies":[{"embeddable":true,"href":"https:\/\/smago.de\/ws2\/wp-json\/wp\/v2\/comments?post=156408"}],"version-history":[{"count":2,"href":"https:\/\/smago.de\/ws2\/wp-json\/wp\/v2\/posts\/156408\/revisions"}],"predecessor-version":[{"id":156411,"href":"https:\/\/smago.de\/ws2\/wp-json\/wp\/v2\/posts\/156408\/revisions\/156411"}],"wp:featuredmedia":[{"embeddable":true,"href":"https:\/\/smago.de\/ws2\/wp-json\/wp\/v2\/media\/156409"}],"wp:attachment":[{"href":"https:\/\/smago.de\/ws2\/wp-json\/wp\/v2\/media?parent=156408"}],"wp:term":[{"taxonomy":"category","embeddable":true,"href":"https:\/\/smago.de\/ws2\/wp-json\/wp\/v2\/categories?post=156408"},{"taxonomy":"post_tag","embeddable":true,"href":"https:\/\/smago.de\/ws2\/wp-json\/wp\/v2\/tags?post=156408"}],"curies":[{"name":"wp","href":"https:\/\/api.w.org\/{rel}","templated":true}]}}