{"id":156299,"date":"2020-11-05T22:57:11","date_gmt":"2020-11-05T21:57:11","guid":{"rendered":"https:\/\/smago.de\/ws2\/?p=156299"},"modified":"2020-11-05T22:57:11","modified_gmt":"2020-11-05T21:57:11","slug":"das-30-jahre-das","status":"publish","type":"post","link":"https:\/\/smago.de\/ws2\/smago-informiert\/das-30-jahre-das\/","title":{"rendered":"&#8222;DAS!&#8220; <br>30 Jahre \u201eDAS!\u201c!"},"content":{"rendered":"<p>Gro\u00dfe Jubil\u00e4umssendung am Samstag, den 09.01.2021. 18:45 Uhr, NDR fernsehen!<br \/>\n<!--more--><\/p>\n<p style=\"text-align: justify;\">\n<p style=\"text-align: justify;\">Eine der beliebtesten und erfolgreichsten Sendungen im NDR Fernsehen feiert runden Geburtstag: Im Januar 2021 wird \u201eDAS!\u201c 30 Jahre alt! Seit der allerersten Ausgabe am 2. Januar 1991 nahmen rund 10.000 G\u00e4ste in der Sendung Platz \u2013 Prominente aus Kultur und Kunst, Sport, Politik und Wissenschaft, aber auch viele weniger prominente Menschen mit au\u00dfergew\u00f6hnlichen Erlebnissen und Erfahrungen.<\/p>\n<p>Offiziell gefeiert wird das 30. Jubil\u00e4um am 9. Januar 2021 \u2013 dann werden Bettina Tietjen, Inka Schneider und Hinnerk Baumgarten um 18.45 Uhr gemeinsam durch eine besondere \u201eDAS!\u201c-Ausgabe f\u00fchren und sich gegenseitig als Interviewg\u00e4ste begr\u00fc\u00dfen. Dazu zeigt das NDR Fernsehen am selben Abend die 90-min\u00fctige Dokumentation \u201e30 Jahre DAS!\u201c. Autorin Antje Althoff ist tief in die Archive eingetaucht und l\u00e4sst die kunterbunte Historie der Sendung von 1991 bis heute Revue passieren, erg\u00e4nzt durch Erinnerungen von prominenten Weggef\u00e4hrtinnen und -gef\u00e4hrten sowie ehemaliger Moderatorinnen und Moderatoren.<\/p>\n","protected":false},"excerpt":{"rendered":"<p>Gro\u00dfe Jubil\u00e4umssendung am Samstag, den 09.01.2021. 18:45 Uhr, NDR fernsehen!<\/p>\n","protected":false},"author":2,"featured_media":156300,"comment_status":"open","ping_status":"closed","sticky":false,"template":"","format":"standard","meta":{"_FSMCFIC_featured_image_caption":"","_FSMCFIC_featured_image_nocaption":"","_FSMCFIC_featured_image_hide":""},"categories":[33],"tags":[125],"acf":[],"_links":{"self":[{"href":"https:\/\/smago.de\/ws2\/wp-json\/wp\/v2\/posts\/156299"}],"collection":[{"href":"https:\/\/smago.de\/ws2\/wp-json\/wp\/v2\/posts"}],"about":[{"href":"https:\/\/smago.de\/ws2\/wp-json\/wp\/v2\/types\/post"}],"author":[{"embeddable":true,"href":"https:\/\/smago.de\/ws2\/wp-json\/wp\/v2\/users\/2"}],"replies":[{"embeddable":true,"href":"https:\/\/smago.de\/ws2\/wp-json\/wp\/v2\/comments?post=156299"}],"version-history":[{"count":1,"href":"https:\/\/smago.de\/ws2\/wp-json\/wp\/v2\/posts\/156299\/revisions"}],"predecessor-version":[{"id":156301,"href":"https:\/\/smago.de\/ws2\/wp-json\/wp\/v2\/posts\/156299\/revisions\/156301"}],"wp:featuredmedia":[{"embeddable":true,"href":"https:\/\/smago.de\/ws2\/wp-json\/wp\/v2\/media\/156300"}],"wp:attachment":[{"href":"https:\/\/smago.de\/ws2\/wp-json\/wp\/v2\/media?parent=156299"}],"wp:term":[{"taxonomy":"category","embeddable":true,"href":"https:\/\/smago.de\/ws2\/wp-json\/wp\/v2\/categories?post=156299"},{"taxonomy":"post_tag","embeddable":true,"href":"https:\/\/smago.de\/ws2\/wp-json\/wp\/v2\/tags?post=156299"}],"curies":[{"name":"wp","href":"https:\/\/api.w.org\/{rel}","templated":true}]}}