{"id":156261,"date":"2020-11-06T00:00:52","date_gmt":"2020-11-05T23:00:52","guid":{"rendered":"https:\/\/smago.de\/ws2\/?p=156261"},"modified":"2020-11-05T21:47:31","modified_gmt":"2020-11-05T20:47:31","slug":"hartmut-engler-pur-u-a-heute-06-11-2020-in-der-ndr-talk-show-zu-gast","status":"publish","type":"post","link":"https:\/\/smago.de\/ws2\/deutsch-rock\/hartmut-engler-pur-u-a-heute-06-11-2020-in-der-ndr-talk-show-zu-gast\/","title":{"rendered":"HARTMUT ENGLER ((&#8222;PUR&#8220;)) u.a. <br>Heute (06.11.2020) in der &#8222;NDR Talk Show&#8220; zu Gast!"},"content":{"rendered":"<p>NDR fernsehen + hr fernsehen, 22:00 Uhr \u2013 00:00 Uhr! Barbara Sch\u00f6neberger und Hubertus Meyer-Burckhardt begr\u00fc\u00dfen diesmal \u2026:<br \/>\n<!--more--><\/p>\n<p>&nbsp;<\/p>\n<p style=\"text-align: justify;\">\n<p style=\"text-align: justify;\">\n<h2 style=\"text-align: justify;\">Monika Baumgartner, Schauspielerin und Autorin<\/h2>\n<p>&nbsp;<\/p>\n<div class=\"contentimage w50\" style=\"text-align: justify;\"><\/div>\n<p style=\"text-align: justify;\">Die meisten Zuschauer kennen Monika Baumgartner als Lisbeth Gruber, die Mutter vom \u201eBergdoktor\u201c in der gleichnamigen ZDF-Erfolgsserie. Eine Paraderolle f\u00fcr die geb\u00fcrtige M\u00fcnchenerin, die ihre Karriere am Theater startete. \u00a0Im Fernsehen spielte sie in Serien wie &#8222;Unsere sch\u00f6nsten Jahre&#8220; und in Krimis wie &#8222;Derrick&#8220;, &#8222;Tatort&#8220; und &#8222;Der Bulle von T\u00f6lz&#8220;. In ihrer Autobiographie \u201eAlles eine Frage der Einstellung. Mein Leben zwischen Berg und Tal\u201c erz\u00e4hlt die Volksschauspielerin nun aus ihrem bewegten Leben. In der NDR Talk Show verr\u00e4t die 69j\u00e4hrige wie es am Set von \u201eDer Bergdoktor\u201c zugeht, welche 15 Jahre die schwersten ihres Lebens waren und warum sie keine Ber\u00fchrungs\u00e4ngste mit Bohrmaschinen und Kombizangen hat.<\/p>\n<p>&nbsp;<\/p>\n<p>&nbsp;<\/p>\n<p>&nbsp;<\/p>\n<p>&nbsp;<\/p>\n<h2 style=\"text-align: justify;\">Michael Mittermeier, Comedian<\/h2>\n<p>&nbsp;<\/p>\n<div class=\"contentimage w50\" style=\"text-align: justify;\"><\/div>\n<p style=\"text-align: justify;\">Auftrittsverbote wegen Corona? Ein Albtraum f\u00fcr Komiker: die Pointen m\u00fcssen raus. Dann eben in der Form eines Buches. Michael Mittermeier erz\u00e4hlt wahre und lustige Geschichten aus der Zeit der Pandemie. Von seinem Scheitern als Mathelehrer f\u00fcr seine Tochter bis hin zu dem Paketboten, der nicht mehr klingelt. Die Krise stellt alle vor neue Fragen, und der Komiker versucht diese zu beantworten und zwar so, wie man es von ihm kennt: ohne ein Blatt vor den Mund zu nehmen. Mittermeier steht inzwischen seit \u00fcber 30 Jahren f\u00fcr den intelligenten Wortwitz und das nicht nur in Deutschland. Ihm ist es als einem der Wenigen gelungen, den deutschen Humor ins Ausland zu exportieren. Schon in seiner Magisterarbeit ebnete er sich diesen Weg, indem er \u00fcber amerikanische Stand-up-Comedy schrieb.<\/p>\n<p>&nbsp;<\/p>\n<p>&nbsp;<\/p>\n<p>&nbsp;<\/p>\n<p>&nbsp;<\/p>\n<h2 style=\"text-align: justify;\">Hartmut Engler, S\u00e4nger<\/h2>\n<p>&nbsp;<\/p>\n<div class=\"contentimage w50\" style=\"text-align: justify;\"><\/div>\n<p style=\"text-align: justify;\">Aus einer Sch\u00fclerband wurde eine der erfolgreichsten deutschen Bands der letzten Jahrzehnte: PUR. Seit Anbeginn ist Hartmut Engler ihr Frontmann und Texter. Der Schwabe wollte eigentlich Lehrer werden, brach sein Studium aber ab, weil die Band einen Plattenvertrag bekam. Das 1995 ver\u00f6ffentlichte Album &#8222;Abenteuerland&#8220; war 72 Wochen lang auf Platz eins der deutschen Charts und wurde mehr als zwei Millionen Mal verkauft. Mit ihrem aktuellen Album \u201e100% Das Beste aus 40 Jahren\u201c feiern der S\u00e4nger und die Band nun ihr Jubil\u00e4um. \u00dcber sein bewegtes Leben und seine musikalischen Pl\u00e4ne erz\u00e4hlt Hartmut Engler in der NDR Talk Show.<\/p>\n<p>&nbsp;<\/p>\n<p>&nbsp;<\/p>\n<p>&nbsp;<\/p>\n<p>&nbsp;<\/p>\n<h2 style=\"text-align: justify;\">Yared Dibaba, Moderator und S\u00e4nger<\/h2>\n<p>&nbsp;<\/p>\n<div class=\"contentimage w50\" style=\"text-align: justify;\"><span class=\"caption\">Mit &#8222;Kulturona&#8220; bietet Yared Dibaba seit M\u00e4rz 2020 zusammen mit Oliver Kleinfeld vielen Kulturschaffenden eine B\u00fchne w\u00e4hrend der Corona-Pandemie.<\/span><\/div>\n<p style=\"text-align: justify;\">Yared Dibaba ist einer der beliebtesten Moderatoren im NDR Fernsehen. Geboren in Oromia, \u00c4thiopien, aufgewachsen im Oldenburger Land und seit vielen Jahren wohnhaft in Hamburg, strahlt der 51-J\u00e4hrige norddeutsche Lebensfreude und Authentizit\u00e4t aus, ganz gleich, was er auch tut. Zusammen mit Bettina Tietjen \u00fcbernahm er von 2007 bis 2009 die Talkshow &#8222;Die Tietjen und Dibaba&#8220; und seit 2010 moderiert er regelm\u00e4\u00dfig die Sendung <a title=\"Zum Artikel: Mein Nachmittag\" href=\"https:\/\/www.ndr.de\/fernsehen\/sendungen\/mein_nachmittag\/index.html\">&#8222;Mein Nachmittag&#8220;<\/a>. 2019 zeigte er in einer Gastrolle in der Telenovela &#8222;Rote Rosen&#8220; sein schauspielerisches Talent, auf Plattdeutsch nat\u00fcrlich. Denn das spricht er wie eine zweite Muttersprache. Und auch musikalisch hat das Multitalent viel zu bieten: Mit seiner Band &#8222;Yared und die Schlickrutscher&#8220; begeistert er seine Fans mit poppigen, plattdeutschen Shantys und Evergreens von der Waterkant. In der NDR Talk Show blickt er auf das Jahr zur\u00fcck und erz\u00e4hlt, welche Zukunftspl\u00e4ne er hat.<\/p>\n<p>&nbsp;<\/p>\n<p>&nbsp;<\/p>\n<p>&nbsp;<\/p>\n<p>&nbsp;<\/p>\n<h2 style=\"text-align: justify;\">Katja Burkard und Hans Mahr, Moderatorin und Journalist<\/h2>\n<p>&nbsp;<\/p>\n<div class=\"contentimage w50\" style=\"text-align: justify;\"><\/div>\n<p style=\"text-align: justify;\">Katja Burkard und Hans Mahr gelten seit \u00fcber 20 Jahren als eines der Traumpaare der deutschen Medienwelt.\u00a01998 lernten sich die\u00a0RTL-Moderatorin und der Journalist bei der Arbeit kennen und\u00a0merkten schnell, dass sie mehr als nur\u00a0Kollegen sind. Mittlerweile haben sie zwei gemeinsame T\u00f6chter, leben aber nach wie vor in wilder Ehe. So perfekt wie ihre Beziehung nach au\u00dfen hin wirkt, war sie allerdings nicht immer. Zeitweise dachte die 54-J\u00e4hrige sogar daran, Hans Mahr zu verlassen. Warum sie es dann doch nicht tat und er in der Krise sehr viel richtig machte, verr\u00e4t Hans Mahr in Katja Burkards Podcast\u00a0&#8222;Wer einatmet, muss auch ausatmen&#8220; und in der NDR Talk Show.<\/p>\n<p>&nbsp;<\/p>\n<p>&nbsp;<\/p>\n<p>&nbsp;<\/p>\n<p>&nbsp;<\/p>\n<h2 style=\"text-align: justify;\">Nele Wree und Holger Spreer-Wree, Bewirtschafter-Ehepaar der Hallig S\u00fcderoog<\/h2>\n<p>&nbsp;<\/p>\n<div class=\"contentimage w50\" style=\"text-align: justify;\"><\/div>\n<p style=\"text-align: justify;\">Maximal drei Meter hoch ist S\u00fcderoog und 0,6 Quadratkilometer klein. Auf der fast herzf\u00f6rmigen Hallig im nordfriesischen Wattenmeer kann man gro\u00dfartige Sonnenauf- und -unterg\u00e4nge genie\u00dfen, aber auch bedrohliche Sturmfluten erleben. Vor sieben Jahren kamen Nele Wree (37) und Holger Spreer-Wree (40) als damals einzige Bewohner auf die Hallig, mittlerweile haben sie zwei kleine T\u00f6chter. Das Ehepaar ist im K\u00fcstenschutz angestellt und teilt sich eine Stelle beim Landesamt f\u00fcr K\u00fcstenschutz, Nationalpark und Meeresschutz. Ihr Job ist es, die Hallig zu bewirtschaften, zu sch\u00fctzen und, wenn n\u00f6tig, so nachzubessern, dass die Fluten dem kleinen Eiland nichts anhaben k\u00f6nnen. Sie tragen mit ihrer Arbeit dazu bei, dass es dem Wattenmeer als Weltnaturerbe der UNESCO gut geht. Die Hallig lockt in normalen Zeiten viele neugierige Urlauber an, die per Schiffsausflug oder Wattwanderung kommen. Das k\u00f6nnen bis zu 1500 in einer Saison von Mai bis Oktober sein, t\u00e4glich oft um die 50 pro Wattwanderung-Tour und 100 mit dem Schiff. Wie es jetzt gerade auf S\u00fcderoog aussieht, das erz\u00e4hlt das Ehepaar in der NDR Talk Show.<\/p>\n<p>&nbsp;<\/p>\n<p>&nbsp;<\/p>\n<p>&nbsp;<\/p>\n<p>&nbsp;<\/p>\n<h2 style=\"text-align: justify;\">Marc Wallert, Autor und Vortragsredner<\/h2>\n<p>&nbsp;<\/p>\n<p style=\"text-align: justify;\">Der Autor,\u00a0Coach und Berater Marc Wallert hat es sich zur Lebensaufgabe gemacht anderen Menschen Wege aus Krisen aufzuzeigen. Vor zwanzig Jahren machte er weltweit Schlagzeilen, als er nach seiner Entf\u00fchrung durch eine islamistische Terrorgruppe 140 Tage als Geisel im philippinischen Dschungel gehalten wurde. Heute sagt der Familienvater: &#8222;Meine Entf\u00fchrung war eine todernste Erfahrung, die ich niemandem w\u00fcnsche, die ich aber auch nicht mehr missen m\u00f6chte. Denn sie hat mein Leben um wertvolle Erfahrungen bereichert.&#8220; In der NDR Talk Show erz\u00e4hlt Marc Wallert, wie wir in Zeiten der Pandemie und angesichts des zweiten Lockdowns lernen k\u00f6nnen, gut mit der derzeitigen Lebenssituation umzugehen.<\/p>\n","protected":false},"excerpt":{"rendered":"<p>NDR fernsehen + hr fernsehen, 22:00 Uhr \u2013 00:00 Uhr! Barbara Sch\u00f6neberger und Hubertus Meyer-Burckhardt begr\u00fc\u00dfen diesmal \u2026:<\/p>\n","protected":false},"author":2,"featured_media":155532,"comment_status":"open","ping_status":"closed","sticky":false,"template":"","format":"standard","meta":{"_FSMCFIC_featured_image_caption":"","_FSMCFIC_featured_image_nocaption":"","_FSMCFIC_featured_image_hide":""},"categories":[5,128],"tags":[254],"acf":[],"_links":{"self":[{"href":"https:\/\/smago.de\/ws2\/wp-json\/wp\/v2\/posts\/156261"}],"collection":[{"href":"https:\/\/smago.de\/ws2\/wp-json\/wp\/v2\/posts"}],"about":[{"href":"https:\/\/smago.de\/ws2\/wp-json\/wp\/v2\/types\/post"}],"author":[{"embeddable":true,"href":"https:\/\/smago.de\/ws2\/wp-json\/wp\/v2\/users\/2"}],"replies":[{"embeddable":true,"href":"https:\/\/smago.de\/ws2\/wp-json\/wp\/v2\/comments?post=156261"}],"version-history":[{"count":1,"href":"https:\/\/smago.de\/ws2\/wp-json\/wp\/v2\/posts\/156261\/revisions"}],"predecessor-version":[{"id":156262,"href":"https:\/\/smago.de\/ws2\/wp-json\/wp\/v2\/posts\/156261\/revisions\/156262"}],"wp:featuredmedia":[{"embeddable":true,"href":"https:\/\/smago.de\/ws2\/wp-json\/wp\/v2\/media\/155532"}],"wp:attachment":[{"href":"https:\/\/smago.de\/ws2\/wp-json\/wp\/v2\/media?parent=156261"}],"wp:term":[{"taxonomy":"category","embeddable":true,"href":"https:\/\/smago.de\/ws2\/wp-json\/wp\/v2\/categories?post=156261"},{"taxonomy":"post_tag","embeddable":true,"href":"https:\/\/smago.de\/ws2\/wp-json\/wp\/v2\/tags?post=156261"}],"curies":[{"name":"wp","href":"https:\/\/api.w.org\/{rel}","templated":true}]}}