{"id":156202,"date":"2020-11-05T00:00:10","date_gmt":"2020-11-04T23:00:10","guid":{"rendered":"https:\/\/smago.de\/ws2\/?p=156202"},"modified":"2020-11-04T22:43:41","modified_gmt":"2020-11-04T21:43:41","slug":"smago-informiert-freie-sendezeit-fuer-freie-kuenstler","status":"publish","type":"post","link":"https:\/\/smago.de\/ws2\/smago-informiert\/smago-informiert-freie-sendezeit-fuer-freie-kuenstler\/","title":{"rendered":"smago! INFORMIERT <br>&#8222;Freie Sendezeit f\u00fcr freie K\u00fcnstler&#8220;:"},"content":{"rendered":"<p style=\"text-align: justify;\">MDR unterst\u00fctzt Kultur- und Kreativszene mit zwei au\u00dfergew\u00f6hnlichen Wettbewerben!<br \/>\n<!--more--><\/p>\n<p>&nbsp;<\/p>\n<p>&nbsp;<\/p>\n<p style=\"text-align: justify;\">\u201eFreie Sendezeit f\u00fcr freie K\u00fcnstlerinnen und K\u00fcnstler\u201c und Kompositionswettbewerb: Der MDR ruft angesichts der Auswirkungen der Pandemie auf die Kulturszene kurzfristig zu zwei Wettbewerben auf: Bei MDR KULTUR k\u00f6nnen sich ab sofort 15 Kulturschaffende aus Mitteldeutschland um jeweils f\u00fcnf Minuten Sendezeit bewerben und MDR KLASSIK sucht 30 Kurzkompositionen f\u00fcrs Radio. Einsendeschluss f\u00fcr beide Wettbewerbe ist der 11. November.<\/p>\n<div class=\"paragraph \" style=\"text-align: justify;\">\n<p class=\"text\">\u201eDie Corona-Pandemie ist f\u00fcr viele Menschen eine existentielle Belastung \u2013 auch f\u00fcr die wunderbare, vielseitige Kreativszene hierzulande. Der zweite Teil-Lockdown trifft gerade die Kulturszene hart \u2013 hier wollen wir Br\u00fccken bauen und gehen neue Wege. \u201aFreie Sendezeit f\u00fcr freie K\u00fcnstlerinnen und K\u00fcnstler\u2018 ist ein Ideenwettbewerb, wie wir ihn noch nie hatten &#8211; f\u00fcr K\u00fcnstlerinnen und K\u00fcnstler, Musikerinnen und Musiker, f\u00fcr Kulturschaffende aus allen Bereichen der Kulturszene wie freie Theater, Museen oder Clubs aus dem Sendegebiet des MDR. Die Corona-Krise macht auch kreativ \u2013 dabei sehen wir uns als \u00f6ffentlich-rechtlicher Sender und wichtiger Faktor in der Kulturszene in einer besonderen Verantwortung\u201c, erkl\u00e4rt MDR-Intendantin Karola Wille das Anliegen.<\/p>\n<\/div>\n<p>&nbsp;<\/p>\n<p>&nbsp;<\/p>\n<p>&nbsp;<\/p>\n<h3 class=\"subtitle \" style=\"text-align: justify;\"><strong>MDR KULTUR-Ideenwettbewerb &#8222;Freie Sendezeit f\u00fcr freie K\u00fcnstler&#8220;<\/strong><\/h3>\n<div class=\"paragraph \" style=\"text-align: justify;\">\n<div class=\"mediaCon mediaRight mediaSizeB cssImage hasNoRessort item-delegated-lightbox\" data-ctrl-lightbox1-entry=\"{'type':'image'}\" data-lbtargetid=\"0\">\n<div class=\"media mediaA \">\n<div class=\"mediaInfo\"><\/div>\n<\/div>\n<\/div>\n<p class=\"text\">Ab sofort k\u00f6nnen sich freie Kulturschaffende aus Mitteldeutschland f\u00fcr den Wettbewerb \u201eFreie Sendezeit f\u00fcr freie K\u00fcnstler\u201c bewerben und dabei ein Thema oder Projekt vorstellen, das ihnen besonders am Herzen liegt. Das k\u00f6nnen kleine Theaterst\u00fccke, Tanzauff\u00fchrungen, Ausstellungen oder Geschichten \u00fcber den Alltag z.B. eines Schauspielers, einer Dirigentin, eines Komponisten, einer Autorin\u00a0 oder DJs sein \u2013 der Fantasie sind keine Grenzen gesetzt.<\/p>\n<p>Daf\u00fcr stellt der MDR einen Sonderetat von 100.000 Euro bereit. Der Wettbewerb ist in f\u00fcnf Kategorien unterteilt. Alle Einreichungen sollten sich einer der folgenden Sparten zuordnen lassen:<\/p>\n<p>Kategorie 1: Theater, Tanz und Co.<br \/>\nKategorie 2: Pop, Rock und Co.<br \/>\nKategorie 3: Klassik, Chor und Co.<br \/>\nKategorie 4: Literatur, Malerei und Co.<br \/>\nKategorie 5: Museen, Ausstellungen und Events<\/p>\n<p>&nbsp;<\/p>\n<\/div>\n<div class=\"paragraph \" style=\"text-align: justify;\">\n<p class=\"text\">F\u00fcr den Wettbewerb werden Ideen zu den genannten Kategorien gesucht, die sich filmisch umsetzen lassen. Einsendeschluss ist der 11. November. Die Bewerbungsunterlagen (schriftliches Expos\u00e9 und Kurzkalkulation) k\u00f6nnen auf <a title=\"www.mdr-kultur.de\" href=\"https:\/\/www.mdr-kultur.de\/\" target=\"_blank\" rel=\"noopener noreferrer\" data-ctrl-link=\"{'id': '1d84237f-9943-45f3-9c8a-eb809cd3db09','type':'mdr','window':{'type':'blank','config':{'title':'www.mdr-kultur.de','top':'0','left':'0','width':'0','height':'0','status':'0','menubar':'0','location':'0','scroll':'0','toolbar':'0','resizable':'0'}}}\">www.mdr-kultur.de<\/a> hochgeladen werden. Die ausgew\u00e4hlten Beitr\u00e4ge werden in der MDR-Themenwoche Kultur ab 21. November zu sehen sein. Die Realisierung der Beitr\u00e4ge \u00fcbernehmen die K\u00fcnstlerinnen und K\u00fcnstler selbst.<\/p>\n<\/div>\n<h3><\/h3>\n<h3><\/h3>\n<h3><\/h3>\n<h3 class=\"subtitle \" style=\"text-align: justify;\"><strong>MDR KLASSIK sucht 30 neue Kurz-Kompositionen f\u00fcrs Radio<\/strong><\/h3>\n<p>&nbsp;<\/p>\n<p>&nbsp;<\/p>\n<div class=\"paragraph \" style=\"text-align: justify;\">\n<p class=\"text\">Komponistinnen und Komponisten mit einem Bezug zu Mitteldeutschland k\u00f6nnen kreative Ideen f\u00fcr Miniatur-Werke mit einer L\u00e4nge zwischen 30 und 90 Sekunden einreichen. Angestrebt wird eine gro\u00dfe Bandbreite von Mikro-Kompositionen, die sich f\u00fcrs Radio eignen. Die Werke sollen 2021 von den Musikern und Musikerinnen der MDR-Ensembles eingespielt und eingestreut im Tagesprogramm des\u00a0 Digitalradios MDR KLASSIK gesendet werden. Die Bewerbungsfrist endet ebenfalls 11. November 2020. Die konkreten Bewerbungsmodalit\u00e4ten sind unter <a title=\"www.mdr-klassik.de\" href=\"https:\/\/www.mdr-klassik.de\/\" target=\"_blank\" rel=\"noopener noreferrer\" data-ctrl-link=\"{'id': '79a8d5d8-dbff-43bb-bd43-9c726d1974d4','type':'mdr','window':{'type':'blank','config':{'title':'www.mdr-klassik.de','top':'0','left':'0','width':'0','height':'0','status':'0','menubar':'0','location':'0','scroll':'0','toolbar':'0','resizable':'0'}}}\">www.mdr-klassik.de<\/a> zu finden. F\u00fcr den Kompositionswettbewerb stellt der MDR einen Sonderetat von rund 55.000 Euro bereit.<\/p>\n<\/div>\n<p>&nbsp;<\/p>\n<p>&nbsp;<\/p>\n<p>&nbsp;<\/p>\n<div class=\"paragraph \" style=\"text-align: justify;\">\n<p class=\"text\"><strong>Gro\u00dfe MDR-Themenwoche Kultur<\/strong><\/p>\n<p>&nbsp;<\/p>\n<\/div>\n<div class=\"paragraph \">\n<p class=\"text\" style=\"text-align: justify;\">Vom 21. November bis 27. November besch\u00e4ftigt sich der MDR in all seinen Programmen auf\u00a0allen Ausspielwegen im TV, online und im Radio\u00a0mit der \u00a0Situation der Kulturschaffenden in Mitteldeutschland. In Hintergrundberichten, Portr\u00e4ts und Gespr\u00e4chen zeigt die Dreil\u00e4nderanstalt die Auswirkungen der Pandemie auf die Kultur in Mitteldeutschland. Als Partner der mitteldeutschen Kulturszene m\u00f6chte der MDR \u00fcber die Berichterstattung hinaus auch die K\u00fcnstlerinnen und K\u00fcnstler durch konkrete Produktionen unterst\u00fctzen.<\/p>\n<\/div>\n","protected":false},"excerpt":{"rendered":"<p>MDR unterst\u00fctzt Kultur- und Kreativszene mit zwei au\u00dfergew\u00f6hnlichen Wettbewerben!<\/p>\n","protected":false},"author":2,"featured_media":156203,"comment_status":"open","ping_status":"closed","sticky":false,"template":"","format":"standard","meta":{"_FSMCFIC_featured_image_caption":"","_FSMCFIC_featured_image_nocaption":"","_FSMCFIC_featured_image_hide":""},"categories":[33],"tags":[60],"acf":[],"_links":{"self":[{"href":"https:\/\/smago.de\/ws2\/wp-json\/wp\/v2\/posts\/156202"}],"collection":[{"href":"https:\/\/smago.de\/ws2\/wp-json\/wp\/v2\/posts"}],"about":[{"href":"https:\/\/smago.de\/ws2\/wp-json\/wp\/v2\/types\/post"}],"author":[{"embeddable":true,"href":"https:\/\/smago.de\/ws2\/wp-json\/wp\/v2\/users\/2"}],"replies":[{"embeddable":true,"href":"https:\/\/smago.de\/ws2\/wp-json\/wp\/v2\/comments?post=156202"}],"version-history":[{"count":2,"href":"https:\/\/smago.de\/ws2\/wp-json\/wp\/v2\/posts\/156202\/revisions"}],"predecessor-version":[{"id":156205,"href":"https:\/\/smago.de\/ws2\/wp-json\/wp\/v2\/posts\/156202\/revisions\/156205"}],"wp:featuredmedia":[{"embeddable":true,"href":"https:\/\/smago.de\/ws2\/wp-json\/wp\/v2\/media\/156203"}],"wp:attachment":[{"href":"https:\/\/smago.de\/ws2\/wp-json\/wp\/v2\/media?parent=156202"}],"wp:term":[{"taxonomy":"category","embeddable":true,"href":"https:\/\/smago.de\/ws2\/wp-json\/wp\/v2\/categories?post=156202"},{"taxonomy":"post_tag","embeddable":true,"href":"https:\/\/smago.de\/ws2\/wp-json\/wp\/v2\/tags?post=156202"}],"curies":[{"name":"wp","href":"https:\/\/api.w.org\/{rel}","templated":true}]}}