{"id":155865,"date":"2020-11-02T00:00:04","date_gmt":"2020-11-01T23:00:04","guid":{"rendered":"https:\/\/smago.de\/ws2\/?p=155865"},"modified":"2020-11-01T17:26:10","modified_gmt":"2020-11-01T16:26:10","slug":"roland-kaiser","status":"publish","type":"post","link":"https:\/\/smago.de\/ws2\/schlager\/roland-kaiser\/","title":{"rendered":"ROLAND KAISER <br>Auch Roland Kaiser macht sich f\u00fcr das B\u00fcndnis #AlarmstufeRot stark!"},"content":{"rendered":"<p>Sehen Sie HIER seine Rede, die er am 28.10.2020 vor dem Brandenburger Tor in Berlin hielt &#8230;:<br \/>\n<!--more--><\/p>\n<p>&nbsp;<\/p>\n<p style=\"text-align: justify;\">\n<p style=\"text-align: justify;\">Auch ROLAND KAISER macht sich f\u00fcr das B\u00fcndnis #AlarmstufeRot stark.<\/p>\n<p style=\"text-align: justify;\">Im Rahmen einer zweiten Gro\u00dfdemonstration zur Rettung der Veranstaltungswirtschaft sagte er am 28.10.2020 in seiner Rede vor dem Brandenburger Tor in Berlin.<\/p>\n<p style=\"text-align: justify;\">Es sei <i>&#8222;ein Tag wie dieser heute,\u00a0an dem die Menschen unserer Branche ein Gesicht bekommen. Vor allem diejenigen, die vor und hinter der B\u00fchne arbeiten und die man sonst eben NICHT sehen kann&#8220;.\u00a0<\/i><\/p>\n<p style=\"text-align: justify;\">Roland Kaiser sagte gleich zu Beginn seiner Rede, dass es diesmal\u00a0<i>&#8222;nicht um\u00a0Glanz\u00a0und\u00a0Glitzer&#8220; <\/i>ginge, <em>&#8222;sondern wir werden Tacheles reden!&#8220;:<\/em><\/p>\n<p>&nbsp;<\/p>\n<p style=\"text-align: justify;\"><em><br \/>\n&#8222;Es ist jetzt acht Wochen her, da hab ich hier auf der Waldb\u00fchne vor (2 x) knapp 5.000 Zuschauern ein Konzert spielen d\u00fcrfen. Ich wei\u00df, es war ein absolutes Privileg f\u00fcr mich. Und das Feedback war \u00fcberw\u00e4ltigend. Manche dachten damals, das w\u00e4re jetzt der Startschuss f\u00fcr einen Neuanfang. Wenn auch eingeschr\u00e4nkt, so doch wieder regelm\u00e4\u00dfig. (&#8230;)<\/em><\/p>\n<p style=\"text-align: justify;\"><em>Das aber nichts normal ist, dass die Crew, meine Band-Mitglieder, mein gesamtes Team im Anschluss daran zusammengepackt hat, nach Hause gefahren ist und viele von ihnen wieder nicht gewusst haben, wie sie ihre Familien ern\u00e4hren k\u00f6nnen. DAS hat man NICHT gesehen.<\/em><\/p>\n<p style=\"text-align: justify;\"><em>Mit wem immer ich auch spreche, die Existenzangst ist \u00fcberall sp\u00fcrbar. Bei den Gro\u00dfen vielleicht ein bisschen weniger, bei den Einzelselbst\u00e4ndigen umso mehr.<\/em><\/p>\n<p style=\"text-align: justify;\"><em>Noch schlimmer ist f\u00fcr mich: Ich h\u00f6re immer und immer wieder, dass sich Kolleginnen und Kollegen Gedanken machen, sich aus der Branche g\u00e4nzlich zu verabschieden, sich ein anderes Bet\u00e4tigungsfeld zu suchen. Und auch w\u00e4chst die Zahl der Unternehmen, die diese Krise vermutlich nicht \u00fcberleben werden. Zumindest nicht ohne eine schnelle und wirksame staatliche Unterst\u00fctzung.<\/em><\/p>\n<p style=\"text-align: justify;\"><em>WENN DAS SO KOMMT, dann haben wir keine vor\u00fcbergehende Spielpause mehr. Dann haben wir ein Problem, das weit \u00fcber das jetzt vorstellbare Ma\u00df hinausgeht. Dann werden wir alle gemeinsam Zeugen, wie unsere Kultur irreversible besch\u00e4digt wird.<\/em><\/p>\n<p style=\"text-align: justify;\"><em>Eine trockene Pflanze kann man w\u00e4ssern, einen abgebrochenen Ast klebt man aber nicht mehr an. Das ist und bleibt so. Der bleibt ab! Und das ist das, was mir die meisten Sorgen macht zurzeit.<\/em><\/p>\n<p style=\"text-align: justify;\"><em>Ich habe dabei keine Angst UM MICH. Weder, wenn ich auf der B\u00fchne stehe, noch sonst. Ich habe Angst um die vielen Kolleginnen und Kollegen, mit denen ich sonst auf Tour bin; um die vielen Dienstleister, die zu unserer Branche geh\u00f6ren und um die jungen K\u00fcnstlerinnen und K\u00fcnstler, die am Anfang ihrer Karriere stehen und ohne finanzielle Polster sind. Was soll blo\u00df aus ihnen allen werden!<\/em><\/p>\n<p style=\"text-align: justify;\"><em>Nat\u00fcrlich wird sich die Erde weiterdrehen. Und es wird &#8211; nach Corona &#8211; auch wieder Live-Events geben. Die Frage ist nur: WIE VIEL ist von der Veranstaltungswirtschaft dann noch \u00fcbrig? Die ganze Branche darf nicht zum Kollateralschaden im Kampf gegen das Virus werden.<\/em><\/p>\n<p style=\"text-align: justify;\"><em>Aber um es klar zu sagen: Ich unterst\u00fctze den Kampf gegen Corona. Das Virus ist nach wie vor gef\u00e4hrlich. Und wir sollten alle dazu beitragen, unsere Mitmenschen durch unser eigenes Verhalten zu sch\u00fctzen.<\/em><\/p>\n<p style=\"text-align: justify;\"><em>ALLERDINGS: Dieser Kampf darf nicht zu Lasten einzelner Branchen gehen, die durch ihre Natur besonders betroffen sind. (&#8230;)<\/em><\/p>\n<p style=\"text-align: justify;\"><em>Wir sorgen nicht nur f\u00fcr gute Laune und Entspannung, wir sind auch ein enormer Wirtschaftsfaktor. 1,5 Millionen Menschen verdienen ihr Geld in unserer Branche.<\/em><\/p>\n<p style=\"text-align: justify;\"><em>noch vor der Metallindustrie und noch vor dem Baugewerbe Platz 6 unter den umsatzst\u00e4rksten Branchen Deutschlands<\/em><\/p>\n<p style=\"text-align: justify;\"><em>Unsere Branche braucht Hilfe &#8211; und zwar JETZT !!! Um dann &#8211; nach Corona &#8211; mit voller Kraft wieder durchstarten zu k\u00f6nnen.<\/em><\/p>\n<p style=\"text-align: justify;\"><em>Dass es eine schnelle R\u00fcckkehr geben wird in die Konzerts\u00e4le, scheint aber wenig wahrscheinlich zu sein.<\/em><\/p>\n<p style=\"text-align: justify;\"><em>Wenn wieder nur Betriebsabgaben gef\u00f6rdert werden, geht ein Gro\u00dfteil bekanntlich leer aus.<\/em><\/p>\n<p style=\"text-align: justify;\"><em>UND: Wir m\u00fcssen uns jetzt dar\u00fcber unterhalten, unter welche Schwellen die Pandemie-Werte wieder und unter welchen Schutzma\u00dfnahmen wir unsere Arbeit dann endlich wieder aufnehmen d\u00fcrfen.<\/em><\/p>\n<p style=\"text-align: justify;\"><em>Die Veranstaltungswirtschaft braucht jetzt &#8211; trotz aller Unsicherheiten &#8211; eine ganz klare Perspektive.<\/em><\/p>\n<p style=\"text-align: justify;\"><em>Wir m\u00fcssen Gesundheitsschutz und den Schutz von Arbeitspl\u00e4tzen miteinander in Einklang bringen. Und ich bin sicher, das gelingt uns auch.<\/em><\/p>\n<p style=\"text-align: justify;\"><em>Aus diesem Grund stehe ich hier, unterst\u00fctze euch in eurem Kampf f\u00fcr den Dialog auf Augenh\u00f6he, f\u00fcr mehr Anerkennung, wirksame Hilfen und f\u00fcr Respekt.<\/em><\/p>\n<p style=\"text-align: justify;\"><em>Mit wem immer ich auch spreche, die Existenzangst ist \u00fcberall sp\u00fcrbar. Bei den Gro\u00dfen vielleicht ein bisschen weniger, bei den Einzelselbst\u00e4ndigen umso mehr.<\/em><\/p>\n<p style=\"text-align: justify;\"><em>Noch schlimmer ist f\u00fcr mich: Ich h\u00f6re immer und immer wieder, dass sich Kolleginnen und Kollegen Gedanken machen, sich aus der Branche g\u00e4nzlich zu verabschieden, sich ein anderes Bet\u00e4tigungsfeld zu suchen. Und auch w\u00e4chst die Zahl der Unternehmen, die diese Krise vermutlich nicht \u00fcberleben werden. Zumindest nicht ohne eine schnelle und wirksame staatliche Unterst\u00fctzung.<\/em><\/p>\n<p style=\"text-align: justify;\"><em>WENN DAS SO KOMMT, dann haben wir keine vor\u00fcbergehende Spielpause mehr. Dann haben wir ein Problem, das weit \u00fcber das jetzt vorstellbare Ma\u00df hinausgeht. Dann werden wir alle gemeinsam Zeugen, wie unsere Kultur irreversible besch\u00e4digt wird.<\/em><\/p>\n<p style=\"text-align: justify;\"><em>Eine trockene Pflanze kann man w\u00e4ssern, einen abgebrochenen Ast klebt man aber nicht mehr an. Das ist und bleibt so. Der bleibt ab! Und das ist das, was mir die meisten Sorgen macht zurzeit.<\/em><\/p>\n<p style=\"text-align: justify;\"><em>Ich habe dabei keine Angst UM MICH. Weder, wenn ich auf der B\u00fchne stehe, noch sonst. Ich habe Angst um die vielen Kolleginnen und Kollegen, mit denen ich sonst auf Tour bin; um die vielen Dienstleister, die zu unserer Branche geh\u00f6ren und um die jungen K\u00fcnstlerinnen und K\u00fcnstler, die am Anfang ihrer Karriere stehen und ohne finanzielle Polster sind. Was soll blo\u00df aus ihnen allen werden!<\/em><\/p>\n<p style=\"text-align: justify;\"><em>Nat\u00fcrlich wird sich die Erde weiterdrehen. Und es wird &#8211; nach Corona &#8211; auch wieder Live-Events geben. Die Frage ist nur: WIE VIEL ist von der Veranstaltungswirtschaft dann noch \u00fcbrig? Die ganze Branche darf nicht zum Kollateralschaden im Kampf gegen das Virus werden.<\/em><\/p>\n<p style=\"text-align: justify;\"><em>Aber um es klar zu sagen: Ich unterst\u00fctze den Kampf gegen Corona. Das Virus ist nach wie vor gef\u00e4hrlich. Und wir sollten alle dazu beitragen, unsere Mitmenschen durch unser eigenes Verhalten zu sch\u00fctzen.<\/em><\/p>\n<p style=\"text-align: justify;\"><em>ALLERDINGS: Dieser Kampf darf nicht zu Lasten einzelner Branchen gehen, die durch ihre Natur besonders betroffen sind. (&#8230;)<\/em><\/p>\n<p style=\"text-align: justify;\"><em>Wir sorgen nicht nur f\u00fcr gute Laune und Entspannung, wir sind auch ein enormer Wirtschaftsfaktor. 1,5 Millionen Menschen verdienen ihr Geld in unserer Branche.<\/em><\/p>\n<p style=\"text-align: justify;\"><em>noch vor der Metallindustrie und noch vor dem Baugewerbe Platz 6 unter den umsatzst\u00e4rksten Branchen Deutschlands<\/em><\/p>\n<p style=\"text-align: justify;\"><em>Unsere Branche braucht Hilfe &#8211; und zwar JETZT !!! Um dann &#8211; nach Corona &#8211; mit voller Kraft wieder durchstarten zu k\u00f6nnen.<\/em><\/p>\n<p style=\"text-align: justify;\"><em>Dass es eine schnelle R\u00fcckkehr geben wird in die Konzerts\u00e4le, scheint aber wenig wahrscheinlich zu sein.<\/em><\/p>\n<p style=\"text-align: justify;\"><em>Wenn wieder nur Betriebsabgaben gef\u00f6rdert werden, geht ein Gro\u00dfteil bekanntlich leer aus.<\/em><\/p>\n<p style=\"text-align: justify;\"><em>UND: Wir m\u00fcssen uns jetzt dar\u00fcber unterhalten, unter welche Schwellen die Pandemie-Werte wieder und unter welchen Schutzma\u00dfnahmen wir unsere Arbeit dann endlich wieder aufnehmen d\u00fcrfen.<\/em><\/p>\n<p style=\"text-align: justify;\"><em>Die Veranstaltungswirtschaft braucht jetzt &#8211; trotz aller Unsicherheiten &#8211; eine ganz klare Perspektive.<\/em><\/p>\n<p style=\"text-align: justify;\"><em>Wir m\u00fcssen Gesundheitsschutz und den Schutz von Arbeitspl\u00e4tzen miteinander in Einklang bringen. Und ich bin sicher, das gelingt uns auch.<\/em><\/p>\n<p style=\"text-align: justify;\"><em>Aus diesem Grund stehe ich hier, unterst\u00fctze euch in eurem Kampf f\u00fcr den Dialog auf Augenh\u00f6he, f\u00fcr mehr Anerkennung, wirksame Hilfen und f\u00fcr Respekt.&#8220;<\/em><\/p>\n<p>&nbsp;<\/p>\n<p><iframe loading=\"lazy\" src=\"\/\/www.youtube.com\/embed\/JxF66Q3UDLs\" width=\"560\" height=\"314\" allowfullscreen=\"allowfullscreen\"><\/iframe><\/p>\n","protected":false},"excerpt":{"rendered":"<p>Sehen Sie HIER seine Rede, die er am 28.10.2020 vor dem Brandenburger Tor in Berlin hielt &#8230;:<\/p>\n","protected":false},"author":2,"featured_media":155996,"comment_status":"open","ping_status":"closed","sticky":false,"template":"","format":"standard","meta":{"_FSMCFIC_featured_image_caption":"","_FSMCFIC_featured_image_nocaption":"","_FSMCFIC_featured_image_hide":""},"categories":[29,39],"tags":[207],"acf":[],"_links":{"self":[{"href":"https:\/\/smago.de\/ws2\/wp-json\/wp\/v2\/posts\/155865"}],"collection":[{"href":"https:\/\/smago.de\/ws2\/wp-json\/wp\/v2\/posts"}],"about":[{"href":"https:\/\/smago.de\/ws2\/wp-json\/wp\/v2\/types\/post"}],"author":[{"embeddable":true,"href":"https:\/\/smago.de\/ws2\/wp-json\/wp\/v2\/users\/2"}],"replies":[{"embeddable":true,"href":"https:\/\/smago.de\/ws2\/wp-json\/wp\/v2\/comments?post=155865"}],"version-history":[{"count":6,"href":"https:\/\/smago.de\/ws2\/wp-json\/wp\/v2\/posts\/155865\/revisions"}],"predecessor-version":[{"id":156026,"href":"https:\/\/smago.de\/ws2\/wp-json\/wp\/v2\/posts\/155865\/revisions\/156026"}],"wp:featuredmedia":[{"embeddable":true,"href":"https:\/\/smago.de\/ws2\/wp-json\/wp\/v2\/media\/155996"}],"wp:attachment":[{"href":"https:\/\/smago.de\/ws2\/wp-json\/wp\/v2\/media?parent=155865"}],"wp:term":[{"taxonomy":"category","embeddable":true,"href":"https:\/\/smago.de\/ws2\/wp-json\/wp\/v2\/categories?post=155865"},{"taxonomy":"post_tag","embeddable":true,"href":"https:\/\/smago.de\/ws2\/wp-json\/wp\/v2\/tags?post=155865"}],"curies":[{"name":"wp","href":"https:\/\/api.w.org\/{rel}","templated":true}]}}