{"id":155719,"date":"2020-10-30T16:31:40","date_gmt":"2020-10-30T15:31:40","guid":{"rendered":"http:\/\/smago.de\/ws2\/?p=155397"},"modified":"2020-10-31T18:17:49","modified_gmt":"2020-10-31T17:17:49","slug":"alarmstufe-rot-trotz-sonderprogramm-weiterhin-keine-hilfe-fuer-veranstaltungswirtschaft","status":"publish","type":"post","link":"https:\/\/smago.de\/ws2\/smago-informiert\/alarmstufe-rot-trotz-sonderprogramm-weiterhin-keine-hilfe-fuer-veranstaltungswirtschaft\/","title":{"rendered":"&#8222;ALARMSTUFE ROT&#8220; Trotz Sonderprogramm weiterhin keine Hilfe f\u00fcr Veranstaltungswirtschaft!"},"content":{"rendered":"<div class=\"page\" title=\"Page 1\">\n<div class=\"layoutArea\">\n<div class=\"column\">\n<p>Die heutige Debatte im Bundestag hat der vergessenen Branche genauso wenig geholfen, wie das Sonderprogramm der Regierung f\u00fcr den November-Lockdown &#8230;:<br \/>\n<!--more--><\/p>\n<\/div>\n<\/div>\n<\/div>\n<p>&nbsp;<\/p>\n<p>&nbsp;<\/p>\n<div class=\"page\" title=\"Page 1\">\n<div class=\"layoutArea\">\n<div class=\"column\">\n<p style=\"text-align: justify;\">Der Deutsche Bundestag hat heute zur pandemiebedingten Lage in der deutschen Veranstaltungswirtschaft debattiert. Die Regierung hat ein Sonderprogramm aufgesetzt, das unmittelbar nach der Demonstration von #AlarmstufeRot am Mittwochabend kommuniziert wurde. Beides ist dennoch kein Grund zur Freude f\u00fcr die Menschen in der deutschen Veranstaltungswirtschaft.<\/p>\n<\/div>\n<\/div>\n<\/div>\n<p>&nbsp;<\/p>\n<p>&nbsp;<\/p>\n<p>&nbsp;<\/p>\n<p>&nbsp;<\/p>\n<div class=\"page\" title=\"Page 1\">\n<div class=\"layoutArea\">\n<div class=\"column\">\n<p style=\"text-align: justify;\"><strong>Mittelbare Dienstleister gehen leer aus<\/strong><\/p>\n<p>&nbsp;<\/p>\n<p style=\"text-align: justify;\">Eine immense Schwachstelle des Sonderprogramms ist, dass mittelbar betroffene Dienstleister nicht ber\u00fccksichtigt werden. Massen an Soloselbst\u00e4ndigen, Einzelunternehmern und mittelst\u00e4ndischen Unternehmen gehen hier leer aus. Denn wenn eine Veranstaltung nun ausf\u00e4llt, etwa ein Konzert, wird zwar der Veranstalter entsch\u00e4digt. Nicht ber\u00fccksichtigt sind allerdings Menschen, die beispielsweise die B\u00fchne liefern und aufbauen, das Licht und die Tonanlage installieren und steuern. Der Veranstaltungsausfall ist f\u00fcr sie genauso ruinierend, wie f\u00fcr den Hauptorganisator. Sie werden im aktuellen Sonderprogramm im Stich gelassen.<\/p>\n<\/div>\n<\/div>\n<\/div>\n<p>&nbsp;<\/p>\n<p>&nbsp;<\/p>\n<p>&nbsp;<\/p>\n<p>&nbsp;<\/p>\n<div class=\"page\" title=\"Page 1\">\n<div class=\"layoutArea\">\n<div class=\"column\">\n<p style=\"text-align: justify;\"><strong>Realit\u00e4ten nicht ber\u00fccksichtigt<\/strong><\/p>\n<p>&nbsp;<\/p>\n<p style=\"text-align: justify;\">Weiterhin ersch\u00fctternd ist, dass noch immer Betriebe mit mehr als 249 Mitarbeitern nicht vom Programm ber\u00fccksichtigt sind. Der vorgesehene Bezugszeitraum f\u00fcr die Berechnung der Entsch\u00e4digung ist mit einem Monat, n\u00e4mlich dem November 2019, an den Realit\u00e4ten der Veranstaltungswirtschaft vorbeigeplant. N\u00f6tig ist es, mindestens den Quartalsdurchschnitt zugrunde zu legen.<\/p>\n<\/div>\n<\/div>\n<\/div>\n<p>&nbsp;<\/p>\n<p>&nbsp;<\/p>\n<p>&nbsp;<\/p>\n<p>&nbsp;<\/p>\n<div class=\"page\" title=\"Page 1\">\n<div class=\"layoutArea\">\n<div class=\"column\">\n<p style=\"text-align: justify;\"><strong>V\u00f6lliges aus f\u00fcr Veranstaltungen<\/strong><\/p>\n<\/div>\n<\/div>\n<p>&nbsp;<\/p>\n<div class=\"layoutArea\">\n<div class=\"column\">\n<p style=\"text-align: justify;\">Es ist leider davon auszugehen, dass alle Veranstaltungen mit dem 2. November zum v\u00f6lligen Stillstand kommen. Zwar sind theoretisch kleinste Tagungen zu nichtprivaten Zwecken denkbar. Doch diese werden nicht stattfinden. Einerseits sind Menschen aktuell kaum mehr bereit, \u00f6ffentliche Anl\u00e4sse zu besuchen. Zweitens sind Kleinstformate mit den derzeitigen Beschr\u00e4nkungen und Vorgaben nicht kostendeckend produzierbar. Deshalb muss das Sonderprogramm ausgeweitet werden auf alle ausfallenden Veranstaltungsarten.<\/p>\n<\/div>\n<\/div>\n<\/div>\n<p>&nbsp;<\/p>\n<p>&nbsp;<\/p>\n<p>&nbsp;<\/p>\n<p>&nbsp;<\/p>\n<div class=\"page\" title=\"Page 1\">\n<div class=\"layoutArea\">\n<div class=\"column\">\n<p style=\"text-align: justify;\"><strong>Soloselbst\u00e4ndige sch\u00fctzen<\/strong><\/p>\n<p>&nbsp;<\/p>\n<p style=\"text-align: justify;\">Abschlie\u00dfend ist es zwingend erforderlich, dass Entsch\u00e4digungszahlungen im Rahmen des aktuellen Sonderprogramms bei Soloselbst\u00e4ndigen und Einzelunternehmen nicht von der Grundsicherung abgezogen werden. Alarmstufe Rot ruft die Regierung dringend zur Nachsch\u00e4rfung der aktuellen Beschl\u00fcsse auf, sodass mit dem Lockdown ab n\u00e4chsten Montag nicht das massive Sterben der vergessenen Unternehmen einsetzen wird.<\/p>\n<\/div>\n<\/div>\n<\/div>\n<p>&nbsp;<\/p>\n<p>&nbsp;<\/p>\n<p>&nbsp;<\/p>\n<p>&nbsp;<\/p>\n<div class=\"page\" title=\"Page 1\">\n<div class=\"layoutArea\">\n<div class=\"column\">\n<p><strong>Weitere Informationen:<\/strong><\/p>\n<\/div>\n<p>&nbsp;<\/p>\n<div class=\"column\">\n<p>Internet: <strong><a href=\"https:\/\/www.alarmstuferot.org\">https:\/\/www.alarmstuferot.org<\/a><\/strong><br \/>\nFacebook: <strong><a href=\"https:\/\/www.facebook.com\/nightoflight2020\">https:\/\/www.facebook.com\/nightoflight2020<\/a><\/strong><br \/>\nInstagram: <strong><a href=\"https:\/\/www.instagram.com\/alarmstufe_rot_\/\">https:\/\/www.instagram.com\/alarmstufe_rot_\/<\/a><\/strong><\/p>\n<\/div>\n<\/div>\n<\/div>\n","protected":false},"excerpt":{"rendered":"<p>Die heutige Debatte im Bundestag hat der vergessenen Branche genauso wenig geholfen, wie das Sonderprogramm der Regierung f\u00fcr den November-Lockdown<\/p>\n","protected":false},"author":2,"featured_media":155765,"comment_status":"open","ping_status":"closed","sticky":false,"template":"","format":"standard","meta":{"_FSMCFIC_featured_image_caption":"","_FSMCFIC_featured_image_nocaption":"","_FSMCFIC_featured_image_hide":""},"categories":[33,39],"tags":[1709],"acf":[],"_links":{"self":[{"href":"https:\/\/smago.de\/ws2\/wp-json\/wp\/v2\/posts\/155719"}],"collection":[{"href":"https:\/\/smago.de\/ws2\/wp-json\/wp\/v2\/posts"}],"about":[{"href":"https:\/\/smago.de\/ws2\/wp-json\/wp\/v2\/types\/post"}],"author":[{"embeddable":true,"href":"https:\/\/smago.de\/ws2\/wp-json\/wp\/v2\/users\/2"}],"replies":[{"embeddable":true,"href":"https:\/\/smago.de\/ws2\/wp-json\/wp\/v2\/comments?post=155719"}],"version-history":[{"count":1,"href":"https:\/\/smago.de\/ws2\/wp-json\/wp\/v2\/posts\/155719\/revisions"}],"predecessor-version":[{"id":155766,"href":"https:\/\/smago.de\/ws2\/wp-json\/wp\/v2\/posts\/155719\/revisions\/155766"}],"wp:featuredmedia":[{"embeddable":true,"href":"https:\/\/smago.de\/ws2\/wp-json\/wp\/v2\/media\/155765"}],"wp:attachment":[{"href":"https:\/\/smago.de\/ws2\/wp-json\/wp\/v2\/media?parent=155719"}],"wp:term":[{"taxonomy":"category","embeddable":true,"href":"https:\/\/smago.de\/ws2\/wp-json\/wp\/v2\/categories?post=155719"},{"taxonomy":"post_tag","embeddable":true,"href":"https:\/\/smago.de\/ws2\/wp-json\/wp\/v2\/tags?post=155719"}],"curies":[{"name":"wp","href":"https:\/\/api.w.org\/{rel}","templated":true}]}}