{"id":155113,"date":"2020-10-27T00:00:49","date_gmt":"2020-10-26T23:00:49","guid":{"rendered":"http:\/\/smago.de\/ws2\/?p=155113"},"modified":"2020-10-31T02:57:29","modified_gmt":"2020-10-31T01:57:29","slug":"paso-doble-djkc-am-15-01-2021-erscheint-das-album-urknall-bei-telamo","status":"publish","type":"post","link":"https:\/\/smago.de\/ws2\/ndw\/paso-doble-djkc-am-15-01-2021-erscheint-das-album-urknall-bei-telamo\/","title":{"rendered":"PASO DOBLE &#038; DJKC Am 15.01.2021 erscheint das Album &#8222;Urknall&#8220; &#8211; bei TELAMO!"},"content":{"rendered":"<p style=\"text-align: justify;\">Die Pop-G\u00f6ttin und der Pop-Gott der Neuen Deutschen Welle melden sich zur\u00fcck!<br \/>\n<!--more--><\/p>\n<p>&nbsp;<\/p>\n<p>&nbsp;<\/p>\n<p style=\"text-align: justify;\">Der DJ\/Producer \u201eDJKC\u201c alias Kai Soffel wird seit Jahren zu den wichtigsten Live-Events zum Auflegen gebucht, produziert als gelernter Tonmeister seine Tracks in seinem High-End-Studio und hat seine eigene Radiosendung \u201eKC Kultnight\u201c bei den Antenne-Sendern, mittlerweile bundesweit. &#8211; Der deutsche Pop-Act \u201cPASO DOBLE\u201c ist DAS Kultduo der 80er Jahre, geh\u00f6rt mit Smash-Hits wie \u201eComputerliebe\u201c sowie \u201eHerz an Herz\u201c und seinen schrillen Outfits und Choreographien zu den schillerndsten Erscheinungen der Neuen Deutschen Welle. \u201ePASO DOBLE\u201c, bestehend aus Rale Oberpichler, S\u00e4ngerin und Texterin sowie Frank Oberpichler, Komponist,Texter, Keyboarder und S\u00e4nger, hat sich st\u00e4ndig weiterentwickelt und ist nach wie vor auf deutschen B\u00fchnen unterwegs. &#8211; W\u00e4hrend der Produktion ihrer ersten gemeinsamen Single im Sommer 2017 kommt es dann zum Urknall zwischen dem Dreigestirn, denn es kristallisiert sich heraus, dass diese Single erst der Anfang einer fruchtbaren Zusammenarbeit sein kann. Und heraus kommt \u201eURKNALL\u201c, das erste Musikalbum von \u201ePASO DOBLE &amp; DJKC\u201c mit 18 Tracks, innig, verliebt, lustig, kritisch, streng tanzbar, kurz: Am Puls der Zeit.<\/p>\n<p style=\"text-align: justify;\">\u201ePASO DOBLE\u201c, das ist das schrille originale Neue Deutsche Welle-Duo der 80er Jahre, bestehend aus Rale Oberpichler, S\u00e4ngerin und Texterin und Frank Oberpichler, Komponist und Pianist. Nach wie vor sind sie aktiv auf der B\u00fchne mit ihren NDW-Hits und mittlerweile Evergreens \u201eComputerliebe\u201c, \u201eHerz an Herz\u201c und anderen erfolgreichen Charthits wie \u201eFantasie\u201c und \u201eKleiner Satellit\u201c, die alle aus der eigenen Feder stammen. Durch ihre ausgefeilten Choreographien und raffinierten Outfits in zahlreichen TV-Shows sind sie dem Publikum immer noch in bester Erinnerung. Seit 2016 sind \u201ePASO DOBLE\u201c mit ihrem KammerMusical K\u00dcSS! MICH! FROSCH! auch auf Kleinkunstb\u00fchnen pr\u00e4sent. Im Stile eines klassischen Liederabends &#8211; Piano und Gesang &#8211; verzaubern sie ihr Publikum mit alten und neuen Liedern, s\u00e4mtlich wie gewohnt aus der eigenen Feder. Zeitgleich haben \u201ePASO DOBLE\u201c mit dem Frankfurter DJ und Musikproduzenten DJKC alias Kai Soffel einen kongenialen Partner gefunden, mit dem sie ihr gemeinsames neues Pop-Album \u201eURKNALL\u201c produziert haben, das sie sowohl gemeinsam mit DJKC als auch \u201eUnplugged\u201c in kleiner Besetzung auf die B\u00fchne bringen.<\/p>\n<p>&nbsp;<\/p>\n<p>&nbsp;<\/p>\n<p><iframe loading=\"lazy\" src=\"\/\/www.youtube.com\/embed\/SSeUBeC16nU?feature=emb_logo\" width=\"560\" height=\"314\" allowfullscreen=\"allowfullscreen\"><\/iframe><\/p>\n<p>&nbsp;<\/p>\n<p>&nbsp;<\/p>\n<p>&nbsp;<\/p>\n<figure id=\"attachment_155115\" aria-describedby=\"caption-attachment-155115\" style=\"width: 424px\" class=\"wp-caption alignnone\"><img decoding=\"async\" loading=\"lazy\" class=\"size-medium wp-image-155115\" src=\"http:\/\/smago.de\/ws2\/wp-content\/uploads\/2020\/10\/PASO-DOBLE-424x522.jpg\" alt=\"\" width=\"424\" height=\"522\" \/><figcaption id=\"caption-attachment-155115\" class=\"wp-caption-text\"><em>Foto-Credit: www.paso-doble.com<\/em><\/figcaption><\/figure>\n","protected":false},"excerpt":{"rendered":"<p>Die Pop-G\u00f6ttin und der Pop-Gott der Neuen Deutschen Welle melden sich zur\u00fcck!<\/p>\n","protected":false},"author":2,"featured_media":155690,"comment_status":"open","ping_status":"closed","sticky":false,"template":"","format":"standard","meta":{"_FSMCFIC_featured_image_caption":"","_FSMCFIC_featured_image_nocaption":"","_FSMCFIC_featured_image_hide":""},"categories":[22],"tags":[1787],"acf":[],"_links":{"self":[{"href":"https:\/\/smago.de\/ws2\/wp-json\/wp\/v2\/posts\/155113"}],"collection":[{"href":"https:\/\/smago.de\/ws2\/wp-json\/wp\/v2\/posts"}],"about":[{"href":"https:\/\/smago.de\/ws2\/wp-json\/wp\/v2\/types\/post"}],"author":[{"embeddable":true,"href":"https:\/\/smago.de\/ws2\/wp-json\/wp\/v2\/users\/2"}],"replies":[{"embeddable":true,"href":"https:\/\/smago.de\/ws2\/wp-json\/wp\/v2\/comments?post=155113"}],"version-history":[{"count":1,"href":"https:\/\/smago.de\/ws2\/wp-json\/wp\/v2\/posts\/155113\/revisions"}],"predecessor-version":[{"id":155691,"href":"https:\/\/smago.de\/ws2\/wp-json\/wp\/v2\/posts\/155113\/revisions\/155691"}],"wp:featuredmedia":[{"embeddable":true,"href":"https:\/\/smago.de\/ws2\/wp-json\/wp\/v2\/media\/155690"}],"wp:attachment":[{"href":"https:\/\/smago.de\/ws2\/wp-json\/wp\/v2\/media?parent=155113"}],"wp:term":[{"taxonomy":"category","embeddable":true,"href":"https:\/\/smago.de\/ws2\/wp-json\/wp\/v2\/categories?post=155113"},{"taxonomy":"post_tag","embeddable":true,"href":"https:\/\/smago.de\/ws2\/wp-json\/wp\/v2\/tags?post=155113"}],"curies":[{"name":"wp","href":"https:\/\/api.w.org\/{rel}","templated":true}]}}