{"id":155057,"date":"2020-10-27T00:00:24","date_gmt":"2020-10-26T23:00:24","guid":{"rendered":"http:\/\/smago.de\/ws2\/?p=155057"},"modified":"2020-11-02T14:26:46","modified_gmt":"2020-11-02T13:26:46","slug":"alarmstufe-rot","status":"publish","type":"post","link":"https:\/\/smago.de\/ws2\/schlager\/alarmstufe-rot\/","title":{"rendered":"ROLAND KAISER, BERNHARD BRINK, DIETER HALLERVORDEN, KARAT, UTE FREUDENBERG, PETER ORLOFF, G\u00c9RALDINE OLIVIER u.a. Top-Stars kommen zur #AlarmstufeRot-Demo am 28.10.2020 in Berlin!"},"content":{"rendered":"<p>Ebenfalls mit dabei: Die Toten Hosen-Frontmann Campino, Karat, Ren\u00e9 Kollo, Olaf Henning, &#8222;More Than Words&#8220; (Stefanie Hertel mit Lanny Lannar und Johanna Mross), Tanja Lasch! UND UND UND &#8230;:<br \/>\n<!--more--><\/p>\n<p>&nbsp;<\/p>\n<p>&nbsp;<\/p>\n<p style=\"text-align: justify;\"><b>Starkes Signal f\u00fcr Solidarit\u00e4t und Zusammenhalt: Campino, Frontmann der Toten Hosen, Dieter Hallervorden, Roland Kaiser, Arnim Teutoburg-Wei\u00df von den Beatsteaks, Karat, G\u00e9raldine Olivier, Bernhard Brink, Ren\u00e9 Kollo und weitere K\u00fcnstler k\u00e4mpfen mit ihrer Pr\u00e4senz bei der Gro\u00dfdemo der Veranstaltungswirtschaft am 28.10.2020 in Berlin f\u00fcr das \u00dcberleben der Branche.<\/b><\/p>\n<p style=\"text-align: justify;\">Auch Stars und B\u00fchnenk\u00fcnstler m\u00fcssen in diesem Jahr auf Livekonzerte verzichten. Deswegen wollen zahlreiche promi-nente K\u00fcnstler in Berlin ein Zeichen f\u00fcr ihre Solidarit\u00e4t mit Veranstaltern, den vielen vom Live-Gesch\u00e4ft lebenden Dienstleis-tern und Zulieferbetrieben zeigen, ohne deren Arbeitsleistung Tourneen und Veranstaltungen nicht m\u00f6glich w\u00e4ren. Mit ihren Live-Statements auf der Kundgebungsb\u00fchne vor dem Brandenburger Tor wollen sie sich sichtbar hinter die Forderungen von #AlarmstufeRot stellen. In diesem B\u00fcndnis haben sich Vertreter und Verb\u00e4nde der Veranstaltungsbranche in ihrem wirt-schaftlichen \u00dcberlebenskampf zusammengeschlossen, vom Einzelunternehmer bis zum Mittelstandsunternehmen mit vielen Besch\u00e4ftigten.<\/p>\n<p style=\"text-align: justify;\">Mit der ersten Hauptstadtdemo der Veranstaltungswirtschaft am 9. September war es den 15.000 Demonstranten gelungen, einen Rettungsdialog mit der Bundesregierung anzusto\u00dfen. Ein erster Hoffnungsschimmer scheint in Sicht: \u201eIn einigen Hilfs-programmen wie den \u00dcberbr\u00fcckungshilfen ist noch Luft, weil sie weniger stark als bef\u00fcrchtet beansprucht wurden. Dies er-laubt ma\u00dfgeschneiderte Programme etwa f\u00fcr die Veranstaltungswirtschaft\u201c stellte Finanzminister Olaf Scholz j\u00fcngst in Aus-sicht. Bisher lassen hinreichende Ma\u00dfnahmen, um den sechstgr\u00f6\u00dften Wirtschaftszweig des Landes vor dem unmittelbaren Untergang zu retten, allerdings noch auf sich warten.<\/p>\n<p>&nbsp;<\/p>\n<p>&nbsp;<\/p>\n<p>&nbsp;<\/p>\n<p style=\"text-align: justify;\"><b>Jede Perspektive fehlt &#8230; immer noch<\/b><\/p>\n<p>&nbsp;<\/p>\n<p style=\"text-align: justify;\">\u00dcber einer Million Erwerbst\u00e4tigen des Wirtschaftsbereichs fehlt derzeit jede Perspektive f\u00fcr die Zukunft. Um die Regierung ein weiteres Mal auf die existenzbedrohende Lage der Branche aufmerksam zu machen, ruft #AlarmstufeRot wieder alle Branchenakteure f\u00fcr den 28. Oktober zur Gro\u00dfkundgebung nach Berlin. Um 10:00 Uhr startet ein LKW-Demonstrationszug am Olympischen Platz, um 12:05 Uhr der Fu\u00dfmarsch am Alexanderplatz. Am Brandenburger Tor wird ab 14:30 Uhr die Schlusskundgebung stattfinden. Zahlreiche nationale K\u00fcnstler, Kulturvertreter und Politiker haben ihre Teilnahme zugesagt. So auch Campino, Dieter Hallervorden, Roland Kaiser, Arnim von den Beatsteaks, Karat, G\u00e9raldine Olivier, Bernhard Brink und Ren\u00e9 Kollo.<\/p>\n<p>&nbsp;<\/p>\n<p>&nbsp;<\/p>\n<p>&nbsp;<\/p>\n<p>&nbsp;<\/p>\n<p style=\"text-align: justify;\"><b>Akute Notsituation, keine Hilfe in Sicht<\/b><\/p>\n<p>&nbsp;<\/p>\n<p>&nbsp;<\/p>\n<p style=\"text-align: justify;\">\u00dcber 90 Prozent des Wirtschaftszweigs sind seit mehr als sieben Monaten ohne jegliche Einnahmen. Die Lage versch\u00e4rft sich zusehends, Insolvenzen wurden angemeldet. Die Wirtschaftshilfen reichen auch im aktuellen Phase-II-Programm nicht zum \u00dcberleben. F\u00fcr die branchenpr\u00e4genden vielen soloselbstst\u00e4ndigen Einzelunternehmer ist die Situation katastrophal. Um die Existenz der Kleinbetriebe sichern, brauchen sie einen pauschalen Betriebskostenzuschuss, der nicht von der Grundsi-cherung abgezogen wird. Die Situation ist f\u00fcr die gr\u00f6\u00dferen Unternehmen der sehr mittelst\u00e4ndischen Branche ebenfalls hoch-kritisch. Dies liegt u.a. an der Deckelung der Hilfsbetr\u00e4ge auf 50.000 Euro und der mangelnden Anerkennung von Kostenar-ten wie Abschreibungen, Unternehmensmieten und Personalkosten \u00fcber 20 Prozent. Der Wirtschaftszweig befindet sich seit den j\u00fcngsten Versch\u00e4rfungen der Corona-Ma\u00dfnahmen in einer noch dramatischeren Lage. In den letzten Tagen sind die Restums\u00e4tze eingebrochen. Der R\u00fcckgang liegt nun bei minus 90 bis 100 Prozent.<\/p>\n<p>&nbsp;<\/p>\n<p>&nbsp;<\/p>\n<p>&nbsp;<\/p>\n<p>&nbsp;<\/p>\n<p>&nbsp;<\/p>\n<p><strong>Pressekontakt:<\/strong><\/p>\n<p>&nbsp;<\/p>\n<p style=\"text-align: justify;\">Initiative #AlarmstufeRot<\/p>\n<p style=\"text-align: justify;\">Pressestelle c\/o Gloria Mundi GmbH, Waldschmidtstr. 19, 60316 Frankfurt<\/p>\n<p style=\"text-align: justify;\">Mobil: +49 (0) 177 \u2013 52 10 278<\/p>\n<p style=\"text-align: justify;\">E-Mail: presse@alarmstuferot.org<\/p>\n<p style=\"text-align: justify;\"><strong><a href=\"https:\/\/www.alarmstuferot.org\">www.alarmstuferot.org<\/a><\/strong><\/p>\n<p>&nbsp;<\/p>\n<p>&nbsp;<\/p>\n<p>&nbsp;<\/p>\n<p>&nbsp;<\/p>\n<p style=\"text-align: justify;\"><b>Alarmstufe Rot in der Veranstaltungswirtschaft<\/b><\/p>\n<p>&nbsp;<\/p>\n<p>&nbsp;<\/p>\n<p style=\"text-align: justify;\">Die Veranstaltungswirtschaft in Deutschland hat als sechstgr\u00f6\u00dfter Wirtschaftszweig \u00fcber eine Million direkt Besch\u00e4ftigte und damit 170.000 mehr als die Automobilindustrie. Ihr Kernumsatz betr\u00e4gt rund 130 Mrd. Euro und ist damit gr\u00f6\u00dfer als der des Bauhauptgewerbes. \u00dcber die eigene Branche hinaus veranlasst sie mit mehr als 264 Mrd. Euro rund das Dop-pelte an veranstaltungsbezogenen Ausgaben pro Jahr. Sie leistet einen immensen direkten Beitrag zum BIP und ist ein eminent wichtiger Wirtschaftsfaktor. Die Veranstaltungswirtschaft war bisher in der Weltspitze \u2013 nur die USA und China sind st\u00e4rker in diesem Markt. Die deutschen Hidden Champions sind aber die am besten ausgebildeten Unternehmen weltweit. Ob Olympische Spiele, Weltwirtschaftsgipfel, Klimakonferenzen, Weltausstellungen, sie werden zu einem ma\u00df-geblichen Teil von deutschen Herstellern, Veranstaltern und Dienstleistern beliefert. Welttourneen nationaler und interna-tionaler K\u00fcnstler werden von ihnen veranstaltet und durchgef\u00fchrt. Wegen des pandemiebedingten Veranstaltungsverbots fehlt jede Perspektive f\u00fcr die Zukunft. Betroffen sind sowohl Kulturveranstalter wie auch die Messe-, Kongress- und Ta-gungswirtschaft, die Betreiber von Spielst\u00e4tten sowie zigtausende Dienstleistungsunternehmen des Veranstaltungsbe-reichs, Soloselbst\u00e4ndige und Besch\u00e4ftigte.<\/p>\n<p>&nbsp;<\/p>\n<p>&nbsp;<\/p>\n<p>&nbsp;<\/p>\n<p style=\"text-align: justify;\"><strong>Das Aktionsb\u00fcndnis #AlarmstufeRot wird getragen von folgenden Verb\u00e4nden:<\/strong><\/p>\n<p>&nbsp;<\/p>\n<p>&nbsp;<\/p>\n<p style=\"text-align: justify;\">BDKV Bundesverband der Konzert- und Veranstaltungswirtschaft<\/p>\n<p style=\"text-align: justify;\">BSM Bundesverband Deutscher Schausteller und Marktkaufleute<\/p>\n<p style=\"text-align: justify;\">BVD Berufsverband Discjockey<\/p>\n<p style=\"text-align: justify;\">EVVC Europ\u00e4ischer Verband der Veranstaltungscentren<\/p>\n<p style=\"text-align: justify;\">FAMAB Kommunikationsverband<\/p>\n<p style=\"text-align: justify;\">ISDV Interessengemeinschaft der selbst\u00e4ndigen Dienstleister*innen in der Veranstaltungswirtschaft<\/p>\n<p style=\"text-align: justify;\">LiveMusikKommission<\/p>\n<p style=\"text-align: justify;\">VPLT Verband f\u00fcr Medien- und Veranstaltungstechnik<\/p>\n<p>&nbsp;<\/p>\n<p>&nbsp;<\/p>\n<p>&nbsp;<\/p>\n<p style=\"text-align: justify;\">Weitere unterst\u00fctzende Verb\u00e4nde, Initiativen und \u00fcber 8.000 Unternehmen finden Sie unter <strong><a href=\"https:\/\/www.alarmstuferot.org\">www.alarmstuferot.org<\/a><\/strong>.<\/p>\n<p>&nbsp;<\/p>\n<p>&nbsp;<\/p>\n<p>&nbsp;<\/p>\n<p>&nbsp;<\/p>\n<p style=\"text-align: justify;\"><b>Weitere Informationen:<\/b><\/p>\n<p>&nbsp;<\/p>\n<p>&nbsp;<\/p>\n<p style=\"text-align: justify;\">Internet: <strong><a href=\"https:\/\/www.alarmstuferot.org\">https:\/\/www.alarmstuferot.org<\/a><\/strong><\/p>\n<p style=\"text-align: justify;\">Facebook: <strong><a href=\"https:\/\/www.facebook.com\/nightoflight2020\">https:\/\/www.facebook.com\/nightoflight2020<\/a><\/strong><\/p>\n<p style=\"text-align: justify;\">Instagram: <strong><a href=\"https:\/\/www.instagram.com\/alarmstufe_rot_\/\">https:\/\/www.instagram.com\/alarmstufe_rot_\/<\/a><\/strong><\/p>\n<p>&nbsp;<\/p>\n<p>&nbsp;<\/p>\n<p>&nbsp;<\/p>\n<p><img decoding=\"async\" loading=\"lazy\" class=\"alignnone size-nerubian-single wp-image-155136\" src=\"http:\/\/smago.de\/ws2\/wp-content\/uploads\/2020\/10\/grossdemo-870x456.jpg\" alt=\"\" width=\"800\" height=\"419\" \/><\/p>\n","protected":false},"excerpt":{"rendered":"<p>Ebenfalls mit dabei: Die Toten Hosen-Frontmann Campino, Karat, Ren\u00e9 Kollo, Olaf Henning, &#8222;More Than Words&#8220; (Stefanie Hertel mit Lanny Lannar<\/p>\n","protected":false},"author":2,"featured_media":156097,"comment_status":"open","ping_status":"closed","sticky":false,"template":"","format":"standard","meta":{"_FSMCFIC_featured_image_caption":"","_FSMCFIC_featured_image_nocaption":"","_FSMCFIC_featured_image_hide":""},"categories":[29,39],"tags":[1709],"acf":[],"_links":{"self":[{"href":"https:\/\/smago.de\/ws2\/wp-json\/wp\/v2\/posts\/155057"}],"collection":[{"href":"https:\/\/smago.de\/ws2\/wp-json\/wp\/v2\/posts"}],"about":[{"href":"https:\/\/smago.de\/ws2\/wp-json\/wp\/v2\/types\/post"}],"author":[{"embeddable":true,"href":"https:\/\/smago.de\/ws2\/wp-json\/wp\/v2\/users\/2"}],"replies":[{"embeddable":true,"href":"https:\/\/smago.de\/ws2\/wp-json\/wp\/v2\/comments?post=155057"}],"version-history":[{"count":1,"href":"https:\/\/smago.de\/ws2\/wp-json\/wp\/v2\/posts\/155057\/revisions"}],"predecessor-version":[{"id":156102,"href":"https:\/\/smago.de\/ws2\/wp-json\/wp\/v2\/posts\/155057\/revisions\/156102"}],"wp:featuredmedia":[{"embeddable":true,"href":"https:\/\/smago.de\/ws2\/wp-json\/wp\/v2\/media\/156097"}],"wp:attachment":[{"href":"https:\/\/smago.de\/ws2\/wp-json\/wp\/v2\/media?parent=155057"}],"wp:term":[{"taxonomy":"category","embeddable":true,"href":"https:\/\/smago.de\/ws2\/wp-json\/wp\/v2\/categories?post=155057"},{"taxonomy":"post_tag","embeddable":true,"href":"https:\/\/smago.de\/ws2\/wp-json\/wp\/v2\/tags?post=155057"}],"curies":[{"name":"wp","href":"https:\/\/api.w.org\/{rel}","templated":true}]}}