{"id":155016,"date":"2020-10-25T23:59:13","date_gmt":"2020-10-25T22:59:13","guid":{"rendered":"http:\/\/smago.de\/ws2\/?p=155016"},"modified":"2020-10-25T23:59:13","modified_gmt":"2020-10-25T22:59:13","slug":"smago-informiert-ndr-debatte-kultur-trotz-corona-wie-viel-kultur-koennen-wir-uns-leisten","status":"publish","type":"post","link":"https:\/\/smago.de\/ws2\/smago-informiert\/smago-informiert-ndr-debatte-kultur-trotz-corona-wie-viel-kultur-koennen-wir-uns-leisten\/","title":{"rendered":"smago! INFORMIERT NDR Debatte: Kultur trotz Corona \u2013 Wie viel Kultur k\u00f6nnen wir uns leisten?"},"content":{"rendered":"<p>Die &#8222;zweite Welle&#8220; der Pandemie macht vielen gerade einen Strich durch die Rechnung &#8230;:<br \/>\n<!--more--><\/p>\n<p style=\"text-align: justify;\">\n<p style=\"text-align: justify;\">\u201eKultur trotz Corona \u2013 Wie viel k\u00f6nnen wir uns noch leisten?\u201c fragen die Kulturredaktionen des Norddeutschen Rundfunks diese Woche im Fernsehen, im Radio und Online. Nach der Sommerpause hatten Theater, Kinos und Museen auf Erholung gehofft. Doch die zweite Welle der Pandemie macht vielen einen Strich durch die Rechnung. Die Corona-Auflagen bringen Kultureinrichtungen wirtschaftlich in Bedr\u00e4ngnis, auch wenn es F\u00f6rdergelder von Bund und L\u00e4ndern gibt.<\/p>\n<p style=\"text-align: justify;\">Die Staatsministerin f\u00fcr Kultur Monika Gr\u00fctters (CDU) stellt eine Milliarde Euro f\u00fcr einen \u201eNeustart Kultur\u201c zur Verf\u00fcgung. Allerdings: \u201eWir wissen, dass wir auch mit einer Milliarde seitens des Bundes Not nur lindern, die Probleme nicht l\u00f6sen k\u00f6nnen\u201c, so Gr\u00fctters gegen\u00fcber dem NDR. Und wenn die Regeln angesichts der Pandemieentwicklung noch weiter versch\u00e4rft werden m\u00fcssen, reiche diese Unterst\u00fctzung nicht aus. \u201eWenn dieser Neustart tats\u00e4chlich in einer Sackgasse landen sollte, weil wir wieder mehr dicht machen m\u00fcssen, dann brauchen wir anders strukturierte Hilfen und zwar in gro\u00dfem Ma\u00dfstab\u201c, sagt die Kulturstaatsministerin im \u201eKulturjournal\u201c im NDR Fernsehen (Montag, 26. Oktober 2020, ab 22.45 Uhr).<\/p>\n<p style=\"text-align: justify;\">Gleichwohl ist Gr\u00fctters um Optimismus bem\u00fcht: \u201eIch stimme im Moment keinen Abgesang auf die Kultur an. Das ist ein Milieu, das so widerst\u00e4ndig und z\u00e4h sich allen Anfechtungen widersetzt hat. Wir haben mit der reichen Kulturlandschaft in Deutschland zwei Weltkriege \u00fcberstanden, denn der ganze Reichtum kommt ja aus einer Zeit, die Jahrhunderte zur\u00fcckliegt. Mir ist nicht angst darum, dass wir auch diese Krise \u00fcberstehen werden.\u201c<\/p>\n<p style=\"text-align: justify;\">Die Kulturredaktionen des NDR berichten in dieser Woche \u00fcber Schwierigkeiten und Perspektiven in der norddeutschen Szene. Das \u201eKulturjournal\u201c im NDR Fernsehen fragt am Montag, 26. Oktober, wie es den Theatern und Konzertveranstaltern geht. Wie sich die Situation der Veranstalter und K\u00fcnstler in Mecklenburg-Vorpommern in der Corona-Krise darstellt, beleuchten das \u201eNordmagazin\u201c\u00a0des NDR Fernsehens und NDR 1 Radio MV am 27. Oktober 2020. NDR Info und NDR Kultur diskutieren in der Woche ab dem 26. Oktober in ihren Programmen t\u00e4glich Risiken und Chancen des Neustarts in der Kultur. Und Kulturstaatsministerin Monika Gr\u00fctters ist am Dienstag, 27. Oktober, in der H\u00f6rfunksendung \u201eNDR Kultur kontrovers\u201c zu Gast.<\/p>\n","protected":false},"excerpt":{"rendered":"<p>Die &#8222;zweite Welle&#8220; der Pandemie macht vielen gerade einen Strich durch die Rechnung &#8230;:<\/p>\n","protected":false},"author":2,"featured_media":51685,"comment_status":"open","ping_status":"closed","sticky":false,"template":"","format":"standard","meta":{"_FSMCFIC_featured_image_caption":"","_FSMCFIC_featured_image_nocaption":"","_FSMCFIC_featured_image_hide":""},"categories":[33],"tags":[60],"acf":[],"_links":{"self":[{"href":"https:\/\/smago.de\/ws2\/wp-json\/wp\/v2\/posts\/155016"}],"collection":[{"href":"https:\/\/smago.de\/ws2\/wp-json\/wp\/v2\/posts"}],"about":[{"href":"https:\/\/smago.de\/ws2\/wp-json\/wp\/v2\/types\/post"}],"author":[{"embeddable":true,"href":"https:\/\/smago.de\/ws2\/wp-json\/wp\/v2\/users\/2"}],"replies":[{"embeddable":true,"href":"https:\/\/smago.de\/ws2\/wp-json\/wp\/v2\/comments?post=155016"}],"version-history":[{"count":0,"href":"https:\/\/smago.de\/ws2\/wp-json\/wp\/v2\/posts\/155016\/revisions"}],"wp:featuredmedia":[{"embeddable":true,"href":"https:\/\/smago.de\/ws2\/wp-json\/wp\/v2\/media\/51685"}],"wp:attachment":[{"href":"https:\/\/smago.de\/ws2\/wp-json\/wp\/v2\/media?parent=155016"}],"wp:term":[{"taxonomy":"category","embeddable":true,"href":"https:\/\/smago.de\/ws2\/wp-json\/wp\/v2\/categories?post=155016"},{"taxonomy":"post_tag","embeddable":true,"href":"https:\/\/smago.de\/ws2\/wp-json\/wp\/v2\/tags?post=155016"}],"curies":[{"name":"wp","href":"https:\/\/api.w.org\/{rel}","templated":true}]}}