{"id":154737,"date":"2020-10-20T18:27:37","date_gmt":"2020-10-20T16:27:37","guid":{"rendered":"https:\/\/online.smago.de\/ws2\/?p=154737"},"modified":"2020-10-20T18:27:55","modified_gmt":"2020-10-20T16:27:55","slug":"smago-informiert-funk-angebot-ab-sofort-in-den-mediatheken-von-ard-und-zdf","status":"publish","type":"post","link":"https:\/\/smago.de\/ws2\/smago-informiert\/smago-informiert-funk-angebot-ab-sofort-in-den-mediatheken-von-ard-und-zdf\/","title":{"rendered":"smago! INFORMIERT <br>funk-Angebot ab sofort in den Mediatheken von ARD und ZDF!"},"content":{"rendered":"<p>funk ist das Content-Netzwerk von ARD und ZDF, das Online-Inhalte f\u00fcr eine junge Zielgruppe bietet!<br \/>\n<!--more--><\/p>\n<p>&nbsp;<\/p>\n<p>&nbsp;<\/p>\n<p style=\"text-align: justify;\">ARD und ZDF integrieren ab heute, Dienstag 20. Oktober 2020, das Angebot von funk, dem gemeinsamen Content-Netzwerk, in ihre Mediatheken. Damit setzen beide Sender die wechselseitige Vernetzung ihrer non-linearen Angebote fort. \u00dcber die vernetzte Suche und die gemeinsame Login-Funktion sind die Mediatheken bereits durchl\u00e4ssiger organisiert.<\/p>\n<p style=\"text-align: justify;\">&#8222;Es geht darum, die werthaltigen, \u00f6ffentlich-rechtlichen Inhalte f\u00fcr unsere Nutzer*innen besser auffindbar zu machen&#8220;, so Eckart Gaddum, Leiter der Hauptredaktion Neue Medien im ZDF. &#8222;Mit der Pr\u00e4senz der Partnerkan\u00e4le in der Mediathek und der nutzerorientierten Vernetzung haben wir unser Gesamtangebot noch besser erschlossen&#8220;, so der Leiter von ARD Online, Benjamin Fischer. An der Integration der Inhalte anderer Partnerkan\u00e4le wird derzeit gearbeitet.<\/p>\n<p style=\"text-align: justify;\">funk ist das Content-Netzwerk von ARD und ZDF, das Online-Inhalte f\u00fcr eine junge Zielgruppe bietet. Die Formate aus den Bereichen Information, Orientierung und Unterhaltung sind auf Facebook, YouTube, Snapchat und Instagram sowie auf <a href=\"http:\/\/funk.net\/\">funk.net<\/a> zu finden. Seit dem Start des Angebots im Jahr 2016 wird ein stetig wachsender Anteil der 14- bis 29-J\u00e4hrigen von funk-Inhalten erreicht. Eine repr\u00e4sentative Online-Befragung (SWR- und ZDF-Medienforschung) aus dem Jahr 2020 zeigt: 70 Prozent der 14- bis 29-J\u00e4hrigen haben schon einmal funk-Formate genutzt. Die Bekanntheit der Marke funk sowie ihrer Formate liegt bei 82 Prozent.<\/p>\n<p style=\"text-align: justify;\">\n","protected":false},"excerpt":{"rendered":"<p>funk ist das Content-Netzwerk von ARD und ZDF, das Online-Inhalte f\u00fcr eine junge Zielgruppe bietet!<\/p>\n","protected":false},"author":2,"featured_media":154738,"comment_status":"open","ping_status":"closed","sticky":false,"template":"","format":"standard","meta":{"_FSMCFIC_featured_image_caption":"","_FSMCFIC_featured_image_nocaption":"","_FSMCFIC_featured_image_hide":""},"categories":[33,128],"tags":[135],"acf":[],"_links":{"self":[{"href":"https:\/\/smago.de\/ws2\/wp-json\/wp\/v2\/posts\/154737"}],"collection":[{"href":"https:\/\/smago.de\/ws2\/wp-json\/wp\/v2\/posts"}],"about":[{"href":"https:\/\/smago.de\/ws2\/wp-json\/wp\/v2\/types\/post"}],"author":[{"embeddable":true,"href":"https:\/\/smago.de\/ws2\/wp-json\/wp\/v2\/users\/2"}],"replies":[{"embeddable":true,"href":"https:\/\/smago.de\/ws2\/wp-json\/wp\/v2\/comments?post=154737"}],"version-history":[{"count":3,"href":"https:\/\/smago.de\/ws2\/wp-json\/wp\/v2\/posts\/154737\/revisions"}],"predecessor-version":[{"id":154741,"href":"https:\/\/smago.de\/ws2\/wp-json\/wp\/v2\/posts\/154737\/revisions\/154741"}],"wp:featuredmedia":[{"embeddable":true,"href":"https:\/\/smago.de\/ws2\/wp-json\/wp\/v2\/media\/154738"}],"wp:attachment":[{"href":"https:\/\/smago.de\/ws2\/wp-json\/wp\/v2\/media?parent=154737"}],"wp:term":[{"taxonomy":"category","embeddable":true,"href":"https:\/\/smago.de\/ws2\/wp-json\/wp\/v2\/categories?post=154737"},{"taxonomy":"post_tag","embeddable":true,"href":"https:\/\/smago.de\/ws2\/wp-json\/wp\/v2\/tags?post=154737"}],"curies":[{"name":"wp","href":"https:\/\/api.w.org\/{rel}","templated":true}]}}