{"id":154680,"date":"2020-10-18T23:55:01","date_gmt":"2020-10-18T21:55:01","guid":{"rendered":"https:\/\/online.smago.de\/ws2\/?p=154680"},"modified":"2020-10-18T23:29:02","modified_gmt":"2020-10-18T21:29:02","slug":"dieter-bohlen-u-a-superabend-fuer-rtl-dank-das-supertalent","status":"publish","type":"post","link":"https:\/\/smago.de\/ws2\/schlager\/dieter-bohlen-u-a-superabend-fuer-rtl-dank-das-supertalent\/","title":{"rendered":"DIETER BOHLEN u.a. <br>Superabend f\u00fcr RTL dank &#8222;Das Supertalent&#8220; &#8230;"},"content":{"rendered":"<p>&#8230; und &#8222;Take me out&#8220; +++ &#8222;Das Supertalent&#8220; startet erfolgreich in die neue Season +++ Chris Tall buzzert Comedian Elastic ins Finale +++<br \/>\n<!--more--><\/p>\n<p>&nbsp;<\/p>\n<div class=\"textundbild\">\n<p style=\"text-align: justify;\">Einen sehr guten Start legte vorgestern Abend (17.10.2020) &#8222;Das Supertalent&#8220; hin. Die erste Folge der 14. Staffel sahen durchschnittlich 3,33 Millionen Zuschauer ab 3 Jahre (11,8 % MA). Der Marktanteil bei den 14- bis 59-j\u00e4hrigen Zuschauern betrug sehr gute 15,7 Prozent (2,12 Millionen). Bei den 14-49-J\u00e4hrigen lag der Marktanteil bei starken 17,1%. Damit war &#8222;Das Supertalent&#8220; am Samstagabend die klare Nr. 1 bei den jungen Zuschauern (14-49 J.)!<\/p>\n<p style=\"text-align: justify;\">Chris Tall dr\u00fcckte den Goldenen Buzzer f\u00fcr den Comedian Stephane (48), auch genannt Elastic, aus Belgien, der mit seiner Partnerin und Assistentin Francoise (46) auftrat und mit seinem Act die Jury sehr zum Lachen brachte. Chris Tall: &#8222;Ich war einfach gl\u00fccklich, dass sie hier waren. Ich habe mich so kaputt gelacht und gedacht, f\u00fcr mich wird\u2019s wahrscheinlich nicht lustiger in dieser Staffel&#8220;.<\/p>\n<\/div>\n<div class=\"textundbild\">\n<p style=\"text-align: justify;\">Atemraubendster Act des Abends war Illusionist Andr\u00e9 Blake: Er legte sein Leben in die H\u00e4nde von Jury-Neuling Evelyn Burdecki. Sie sollte vier mit Schn\u00fcren verbundene Schwerter ausl\u00f6sen, die dann auf ihn hinabst\u00fcrzten. Von f\u00fcnf \u00fcber ihm h\u00e4ngenden Schwertern w\u00e4re eins t\u00f6dlich gewesen, da es direkt auf sein Herz gerichtet war. Evelyn holte sich Hilfe und zog die richtigen 4 Schwerter \u2013 Andr\u00e9 Blake \u00fcberlebte und bekam viermal &#8222;Ja&#8220; von der Jury. Evelyn Burdecki: &#8222;Egal was die anderen der Jury sagen. Ich fands real. Ich werde davon heute Abend noch Alptr\u00e4ume haben, wie das Messer ihn zersticht und ich schuld bin!&#8220;<\/p>\n<p style=\"text-align: justify;\">Ebenfalls sehr begeistert war die Jury von den Bello Sisters. Die drei Schwestern Loren (22), Celine (29) und Joline (14), die derzeit in L\u00fcneburg wohnen, entstammen einer italienisch\/deutschen Zirkusfamilie in achter Generation und zeigten eine gemeinsame Akrobatiknummer. Die Jury gab viermal Ja! Dieter schw\u00e4rmte: &#8222;Eine Augenweide \u2013 ihr seht alle so toll aus. Das war so profim\u00e4\u00dfig. Ich habe noch nie einen Act gesehen, der so toll ausgesehen hat und so eine gute Leistung gebracht hat. Die Leute m\u00fcssen euch sehen, ihr seid hammerm\u00e4\u00dfig!&#8220;<\/p>\n<p style=\"text-align: justify;\">Im Anschluss an &#8222;Das Supertalent&#8220; sahen noch bis zu 2,14 Millionen die beiden Folgen der Datingshow &#8222;Take Me Out&#8220;. Der Marktanteil bei den 14-59-J\u00e4hrigen lag bei sehr guten 15,9 % bzw. 16,6 % und bei den 14-49-J\u00e4hrigen bei starken 18,5 % bzw. 19,6 %.<\/p>\n<p style=\"text-align: justify;\">Mit einem Tagesmarktanteil von 10,6 Prozent bei den 14- bis 59-j\u00e4hrigen Zuschauern lag RTL am Samstag vor ARD (10,0 %), ZDF (8,3 %), und VOX (5,5 %).<\/p>\n<\/div>\n","protected":false},"excerpt":{"rendered":"<p>&#8230; und &#8222;Take me out&#8220; +++ &#8222;Das Supertalent&#8220; startet erfolgreich in die neue Season +++ Chris Tall buzzert Comedian Elastic<\/p>\n","protected":false},"author":2,"featured_media":154681,"comment_status":"open","ping_status":"closed","sticky":false,"template":"","format":"standard","meta":{"_FSMCFIC_featured_image_caption":"","_FSMCFIC_featured_image_nocaption":"","_FSMCFIC_featured_image_hide":""},"categories":[29,128],"tags":[265],"acf":[],"_links":{"self":[{"href":"https:\/\/smago.de\/ws2\/wp-json\/wp\/v2\/posts\/154680"}],"collection":[{"href":"https:\/\/smago.de\/ws2\/wp-json\/wp\/v2\/posts"}],"about":[{"href":"https:\/\/smago.de\/ws2\/wp-json\/wp\/v2\/types\/post"}],"author":[{"embeddable":true,"href":"https:\/\/smago.de\/ws2\/wp-json\/wp\/v2\/users\/2"}],"replies":[{"embeddable":true,"href":"https:\/\/smago.de\/ws2\/wp-json\/wp\/v2\/comments?post=154680"}],"version-history":[{"count":1,"href":"https:\/\/smago.de\/ws2\/wp-json\/wp\/v2\/posts\/154680\/revisions"}],"predecessor-version":[{"id":154682,"href":"https:\/\/smago.de\/ws2\/wp-json\/wp\/v2\/posts\/154680\/revisions\/154682"}],"wp:featuredmedia":[{"embeddable":true,"href":"https:\/\/smago.de\/ws2\/wp-json\/wp\/v2\/media\/154681"}],"wp:attachment":[{"href":"https:\/\/smago.de\/ws2\/wp-json\/wp\/v2\/media?parent=154680"}],"wp:term":[{"taxonomy":"category","embeddable":true,"href":"https:\/\/smago.de\/ws2\/wp-json\/wp\/v2\/categories?post=154680"},{"taxonomy":"post_tag","embeddable":true,"href":"https:\/\/smago.de\/ws2\/wp-json\/wp\/v2\/tags?post=154680"}],"curies":[{"name":"wp","href":"https:\/\/api.w.org\/{rel}","templated":true}]}}