{"id":154590,"date":"2020-10-17T00:00:20","date_gmt":"2020-10-16T22:00:20","guid":{"rendered":"https:\/\/online.smago.de\/ws2\/?p=154590"},"modified":"2020-10-16T16:47:28","modified_gmt":"2020-10-16T14:47:28","slug":"dieter-bohlen-u-a-heute-17-10-rtl-das-supertalent-1-11-2020","status":"publish","type":"post","link":"https:\/\/smago.de\/ws2\/schlager\/dieter-bohlen-u-a-heute-17-10-rtl-das-supertalent-1-11-2020\/","title":{"rendered":"DIETER BOHLEN u.a. <br>Heute (17.10.), RTL: &#8222;Das Supertalent&#8220; (1\/11 &#8211; 2020)!"},"content":{"rendered":"<p>20:15 Uhr &#8211; 23:00 Uhr (Wh. in der nacht auf 18.10., 01:05 Uhr &#8211; 03:25 Uhr)! Jury: Dieter Bohlen, Bruce Darnell und Evelyn Burdecki; Moderation: Victoria Swarovski und Daniel Hartwich!<br \/>\n<!--more--><\/p>\n<p>&nbsp;<\/p>\n<p>&nbsp;<\/p>\n<p style=\"text-align: justify;\"><span class=\"kurztext\">In der ersten Show treten die unterschiedlichsten Talente an, um die Jury aus Dieter Bohlen, Evelyn Burdecki, Chris Tall und Bruce Darnell zu beeindrucken. Gef\u00e4hrlich wird es bei Illusionist Andr\u00e9 Blake, der sein Leben in die H\u00e4nde von Jury Neuling Evelyn Burdecki legt. Sie entscheidet, welche Schwerter von oben auf ihn hinabfallen. Eines davon ist t\u00f6dlich. Und: Chris Tall dr\u00fcckt direkt in der ersten Folge seinen Goldenen Buzzer.<\/span><\/p>\n<p style=\"text-align: justify;\">\n<p style=\"text-align: justify;\">\n<p style=\"text-align: justify;\">\n<p style=\"text-align: justify;\"><span class=\"langtext\"><strong>Die Talente in der heutigen Show:<\/strong><\/span><\/p>\n<p style=\"text-align: justify;\">\n<p style=\"text-align: justify;\"><span class=\"langtext\"><\/p>\n<p>Der Illusionist Andr\u00e9 Blake (24) kommt aus N\u00fcrnberg. Der gelernte Elektriker arbeitet mittlerweile hauptberuflich als Illusionist. Andr\u00e9s Spezialgebiet ist dabei die Gro\u00dfillusion. Auf der B\u00fchne ben\u00f6tigt er die Hilfe von Neu-Jurorin Evelyn Burdecki und legt dabei sprichw\u00f6rtlich sein Leben in ihre H\u00e4nde. Sie entscheidet, welche Schwerter von oben auf ihn hinabfallen. Eines davon ist t\u00f6dlich. Der Rest der Jury hofft, dass Evelyn die richtige Wahl trifft und der Act gut ausgeht.<\/p>\n<p>Dave Kaufmann (51) aus M\u00fcnchen. Der Sohn des verstorbenen Schauspielers G\u00fcnther Kaufmann arbeitet hauptberuflich als S\u00e4nger und Schauspieler. In Staffel 3 (2009) stand der ehemalige Fensterputzer bereits auf der &#8222;Das Supertalent&#8220;-B\u00fchne und schaffte es mit seinem Swing-Gesang bis ins Finale. Danach konnte er seinen Traum zum Beruf machen. Er arbeitet seitdem als S\u00e4nger und m\u00f6chte nichts anderes mehr machen.<\/p>\n<p>Die COVID-19 Krise hat ihn schwer getroffen. Deshalb m\u00f6chte er es bei &#8222;Das Supertalent&#8220; erneut versuchen und auf die schwere Situation der K\u00fcnstlerbranche aufmerksam machen. &#8222;Ich will nicht aufgeben und bin gl\u00fccklich mich hier pr\u00e4sentieren zu k\u00f6nnen.&#8220;, so Dave<\/p>\n<p>&#8222;Corona hat auch in meinem Leben sehr viel kaputt gemacht. Ich bin dieses Jahr so gut wie nicht aufgetreten, habe kein Geld verdient. Und was noch schlimmer ist, ist, dass all meine Tr\u00e4ume, alles was ich vorhatte, alles wof\u00fcr ich jahrelang hart gearbeitet habe, geplatzt ist wie eine Seifenblase. Ich will nicht aufgeben. Es bedeutet mir viel hier nochmal dabei zu sein.<\/p>\n<p>Es gibt zwei M\u00f6glichkeiten mit der Krise umzugehen: Entweder stecke ich den Kopf in Sand und gebe auf, und das wars, oder ich sehe das, was passiert, als einen Neuanfang.&#8220;<\/p>\n<p>Hugo, Gr\u00fcnder der &#8222;Catwall Acrobats&#8220;, erfindet stets neue, ungew\u00f6hnliche Requisiten, die er dann auch selbst baut! So auch ein Trampolin, das sich an den Seiten automatisch hochklappen l\u00e4sst &#8211; das hat selbst die &#8222;Supertalent&#8220;-Jury noch nie gesehen! Gemeinsam mit den belgischen Br\u00fcdern Joris und Wannes, sowie deren Schwager Ben zeigt der 36-j\u00e4hrige, was man mit seinem Trampolin alles anstellen kann. Der geb\u00fcrtige Kanadier wohnt derzeit in M\u00fcnster und pendelt zwischen Deutschland und Kanada. Er hat eine Tochter, Maya, die bei ihrer Mutter in Deutschland lebt. Sie ist f\u00fcr Hugo immer ein guter Grund, nach Deutschland zu kommen.<\/p>\n<p>Die Urban Theory Crew aus Italien gibt es seit 2016. Sie besteht aus sechs jungen T\u00e4nzerInnen und Choreographen namens: Jessica (29), Lorenzo (22), Leonardo (18), Riccardo (22), Davide (26) und Fabiano (30). Ihr Markenzeichen ist das Tutting, ein Street-Dance Stil, der die zweidimensionale Darstellung von Menschen in \u00e4gyptischen Hieroglyphen imitiert. Aus diesem Grund werden die Arme beim Tutting in rechtwinkligen Formen zum Rhythmus der Musik bewegt.<\/p>\n<p>Die 14-j\u00e4hrige Akrobatin Yarima Gerstenh\u00f6fer lebt mit ihren Eltern und ihrer kleinen zweij\u00e4hrigen Schwester Nayra in Hamburg. Sie ist ein M\u00e4dchen mit viel Energie und ebenso vielen Hobbies, doch ihr gr\u00f6\u00dftes Hobby ist die Akrobatik. Nebenbei malt sie gerne, spielt Cello und geht zum Cheerleading. Mit ihrer Turn-\/Akrobatikgruppe konnte sie zwar schon mehrere deutsche Meisterschaften f\u00fcr sich gewinnen, doch solo blieben die Erfolge bislang aus. Ob sich das bei &#8222;Das Supertalent&#8220; \u00e4ndern wird und sie die Jury, vor allem ihren Lieblingsjuroren Bruce \u00fcberzeugen kann?<\/p>\n<p>Die Bello Sisters, Loren (22), Celine (29) und Joline (14) entstammen einer italienisch\/deutschen Zirkusfamilie in achter Generation und wohnen derzeit in L\u00fcneburg. Im Alter von acht Jahren standen sie zum ersten Mal vor Publikum in der Manege und performten. Ihren ersten Auftritt zu dritt hatten sie 2016. Ein Jahr sp\u00e4ter wurden die drei Schwestern vom Zirkus Roncalli engagiert und waren f\u00fcr drei Jahre dort die absoluten Publikumslieblinge. Ob das Supertalent-Publikum sie auch ins Herz schlie\u00dfen wird?<\/p>\n<p>Guido Thabe (54) lebt mit seiner Freundin im Westerwald. Neben seinem Hauptberuf als Pr\u00fcfer von Flugzeugbauteilen beim Lieferanten, ist Guido sehr kreativ und findet einen Ausgleich in seiner Bastelwerkstatt. F\u00fcr &#8222;Das Supertalent&#8220; hat Guido besondere Puppen gebastelt, mit denen er einen Paartanz auff\u00fchren m\u00f6chte. Die Idee ist am Stammtisch entstanden, und hat bis jetzt noch keine &#8222;gro\u00dfe&#8220; B\u00fchne gesehen. Die Kost\u00fcme und die Puppen hat Guido selbst hergestellt und gen\u00e4ht. Das N\u00e4hen hat er sich dazu mit Hilfe von YouTube innerhalb von drei Tagen selbst beigebracht.<\/p>\n<p>Peter Shub, der in Philadelphia geboren wurde und in Hannover lebt, ist ein Clown und Variet\u00e9show-Regisseur, der seit den 1980er Jahren in Europa lebt, wo er auch seine Ausbildung machte. Er arbeitete mit vielen f\u00fchrenden internationalen Organisationen und K\u00fcnstlern zusammen und ging mit dem &#8222;Circus Roncalli&#8220; aus Deutschland, dem Big Apple aus New York und dem &#8222;Cirque du Soleil&#8220; aus Kanada auf Tour. Er ist Preistr\u00e4ger des Silver Clown Award des internationalen Monte Carlo Circus Festivals und tourt mit seinem Soloprogramm (&#8222;F\u00fcr Garderobe keine Haftung&#8220;), sowie verschiedenen Mix- und Variet\u00e9shows durch ganz Europa, f\u00fchrt Regie, coacht und gibt Workshops.<\/p>\n<p>Die Martial Arts-K\u00fcnstlerin 29-j\u00e4hrige Emanuela Spina aus Italien ist stark, entschlossen und hat eine immense Willenskraft, die sie auf der B\u00fchne als &#8222;EMA &#8211; The Brave Queen&#8220; verk\u00f6rpert. Sie wurde schon als Kind in den Bann von gef\u00e4hrlichen Acts gezogen. Den Mut der Artisten bewunderte sie dabei sehr. Faszinierend waren f\u00fcr EMA auch die Kampfk\u00fcnstler in Kinofilmen, die ihre F\u00e4higkeiten dazu nutzen konnten, Menschen zu verteidigen. Von diesen beiden Leidenschaften inspiriert, entwickelte sie einen geheimnisvollen Martial Arts Act, in dem sie ihre gef\u00e4hrlichen, kraftvollen F\u00e4higkeiten als &#8222;tapfere K\u00f6nigin&#8220; zeigt und den Kampfsport mit Zirkuselementen verbindet.<\/p>\n<p>Der lustige Stephane (48) aus Belgien kam, ebenso wie seine franz\u00f6sische Assistentin Francoise (46), schon sehr fr\u00fch im Leben zur Artistik, obwohl sie beide nicht aus einer Zirkusfamilie stammen. 2015 trat Stephane in einer Gala in Frankreich auf, wo er auch Francoise kennenlernte. Augenblicklich verliebten sie sich ineinander und sind seitdem ein Paar. Kurze Zeit sp\u00e4ter entschlossen sie sich, es auch beruflich miteinander zu wagen und als Duo aufzutreten. Beim Supertalent versuchen die Comedians die Jury zum Lachen zu bringen.<\/p>\n<p>R\u00e9nald Zapata (47) ist &#8222;Marionetten-Maler&#8220; aus Frankreich. Mit dem Malen begann er schon im Alter von 5 Jahren. Als er 15 Jahre alt war fing er an Kunst an einer ber\u00fchmten Kunstschule in Paris zu studieren. Er bemalte Leinw\u00e4nde und stellte seine Kunstwerke aus. Heute verbringt R\u00e9nald sein Leben zwischen seinem Atelier, Galerien, Stra\u00dfenkunst und B\u00fchnen.<\/p>\n<p>Der Autoreifen-Jongleur Andrey Vovk lebt in Spanien, kommt aber urspr\u00fcnglich aus der Ukraine. Der 32-J\u00e4hrige arbeitete dort schon als Akrobat. Um seine Muskeln zu trainieren, hantierte er in seinem Krafttraining mit Reifen, indem er sie hochwarf. Schnell verliebte er sich in seine Reifen und entwickelte so in kleinen Schritten seinen heutigen Act.<\/p>\n<p>In 11 Folgen werden die unterschiedlichsten K\u00fcnstler auf der gro\u00dfen B\u00fchne ihr K\u00f6nnen pr\u00e4sentieren und darum k\u00e4mpfen &#8222;Das Supertalent 2020&#8220; zu werden. Ob Einzeltalente oder Gruppenperformances, Laien oder Profis, jung oder alt, Mensch oder Tier: &#8222;Das Supertalent&#8220; ist die Show, in der wirklich jedes Talent willkommen ist. Von faszinierender Akrobatik und fesselnden Feuershows \u00fcber Magie bis hin zu Comedy- und Gesangstalenten. Hier gibt es keine Grenzen!<\/p>\n<p>Die vierk\u00f6pfige Jury bewertet die au\u00dfergew\u00f6hnlichen Performances Mit dem Dr\u00fccken des gr\u00fcnen Buzzers zeigt der Juror, dass ihm der Auftritt gef\u00e4llt. Wenn ein Auftritt nicht gef\u00e4llt, kann die Jury dies mit Hilfe des roten Buzzers zeigen. Mit zwei roten Buzzern ist f\u00fcr den Kandidaten der Traum vom Supertalent ausgetr\u00e4umt.<\/p>\n<p>Mit dem &#8222;Goldenen Buzzer&#8220; hat jeder Juror im Verlauf der einzelnen Castingsendungen die M\u00f6glichkeit, seine Mitjuroren zu \u00fcberstimmen und einen Kandidaten direkt ins Finale zu bef\u00f6rdern. Jeder Juror hat jeweils einen Goldenen Buzzer, so dass vier Finalisten von insgesamt 10 Kandidaten nach den Castings bereits feststehen.<\/p>\n<p><\/span><\/p>\n<p>&nbsp;<\/p>\n<p>&nbsp;<\/p>\n<p>&nbsp;<\/p>\n<p style=\"text-align: justify;\"><span class=\"langtext\"><strong>Alle bisherigen &#8222;Supertalent&#8220;-Gewinner:<\/strong><\/span><\/p>\n<p>&nbsp;<\/p>\n<p style=\"text-align: justify;\"><span class=\"langtext\"><br \/>\n2007: Tenor Ricardo Marinello<br \/>\n2008: Mundharmonikaspieler Michael Hirte<br \/>\n2009: Jack Russel Terrier PrimaDonna mit Herrchen Yvo Antoni<br \/>\n2010: Freddy Sahin-Scholl, der S\u00e4nger mit den zwei Stimmen<br \/>\n2011:Leo Rojas, Stra\u00dfenmusiker und Panfl\u00f6tenspieler aus Ecuador<br \/>\n2012: S\u00e4nger Jean-Michel Aweh<br \/>\n2013: Der Wiener Lukas Pratschker mit seinem Border Collie Falco<br \/>\n2014: S\u00e4nger und Travestiek\u00fcnstler Marcel Kaupp aus K\u00f6ln<br \/>\n2015: S\u00e4nger Jay Oh aus Bochum<br \/>\n2016: S\u00e4ngerin Angel Flukes aus Calvia (Mallorca)<br \/>\n2017: Hundetrainerin Alexa Lauenburger mit ihrem Rudel aus Mischlingshunden<br \/>\n2018: Alles-Schlucker Stevie Starr aus London<br \/>\n2019: Handstandakrobat Christian Stoinev (28) und sein Chihuahua Percy (7) aus Las Vegas<\/span><\/p>\n<p>&nbsp;<\/p>\n<p>&nbsp;<\/p>\n<figure id=\"attachment_154592\" aria-describedby=\"caption-attachment-154592\" style=\"width: 783px\" class=\"wp-caption alignnone\"><img decoding=\"async\" loading=\"lazy\" class=\"size-nerubian-single wp-image-154592\" src=\"https:\/\/online.smago.de\/ws2\/wp-content\/uploads\/2020\/10\/1729990-783x522.jpg\" alt=\"\" width=\"783\" height=\"522\" srcset=\"https:\/\/smago.de\/ws2\/wp-content\/uploads\/2020\/10\/1729990-783x522.jpg 783w, https:\/\/smago.de\/ws2\/wp-content\/uploads\/2020\/10\/1729990-522x348.jpg 522w, https:\/\/smago.de\/ws2\/wp-content\/uploads\/2020\/10\/1729990-800x533.jpg 800w, https:\/\/smago.de\/ws2\/wp-content\/uploads\/2020\/10\/1729990-225x150.jpg 225w, https:\/\/smago.de\/ws2\/wp-content\/uploads\/2020\/10\/1729990-768x512.jpg 768w, https:\/\/smago.de\/ws2\/wp-content\/uploads\/2020\/10\/1729990-1536x1024.jpg 1536w, https:\/\/smago.de\/ws2\/wp-content\/uploads\/2020\/10\/1729990-2048x1365.jpg 2048w, https:\/\/smago.de\/ws2\/wp-content\/uploads\/2020\/10\/1729990-392x261.jpg 392w, https:\/\/smago.de\/ws2\/wp-content\/uploads\/2020\/10\/1729990-130x87.jpg 130w, https:\/\/smago.de\/ws2\/wp-content\/uploads\/2020\/10\/1729990-668x445.jpg 668w, https:\/\/smago.de\/ws2\/wp-content\/uploads\/2020\/10\/1729990-285x190.jpg 285w, https:\/\/smago.de\/ws2\/wp-content\/uploads\/2020\/10\/1729990-435x290.jpg 435w, https:\/\/smago.de\/ws2\/wp-content\/uploads\/2020\/10\/1729990-150x100.jpg 150w, https:\/\/smago.de\/ws2\/wp-content\/uploads\/2020\/10\/1729990-370x247.jpg 370w\" sizes=\"(max-width: 783px) 100vw, 783px\" \/><figcaption id=\"caption-attachment-154592\" class=\"wp-caption-text\"><em>Das Foto (Credit: TVNOW \/ Stefan Gregorowius) zeigt (v.l.n.r.) de Jury: Bruce Darnell, Chris Tall, Evelyn Burdecki und Dieter Bohlen<\/em><\/figcaption><\/figure>\n<p>&nbsp;<\/p>\n<p>&nbsp;<\/p>\n<p>&nbsp;<\/p>\n","protected":false},"excerpt":{"rendered":"<p>20:15 Uhr &#8211; 23:00 Uhr (Wh. in der nacht auf 18.10., 01:05 Uhr &#8211; 03:25 Uhr)! Jury: Dieter Bohlen, Bruce<\/p>\n","protected":false},"author":2,"featured_media":154591,"comment_status":"open","ping_status":"closed","sticky":false,"template":"","format":"standard","meta":{"_FSMCFIC_featured_image_caption":"","_FSMCFIC_featured_image_nocaption":"","_FSMCFIC_featured_image_hide":""},"categories":[29,128],"tags":[265],"acf":[],"_links":{"self":[{"href":"https:\/\/smago.de\/ws2\/wp-json\/wp\/v2\/posts\/154590"}],"collection":[{"href":"https:\/\/smago.de\/ws2\/wp-json\/wp\/v2\/posts"}],"about":[{"href":"https:\/\/smago.de\/ws2\/wp-json\/wp\/v2\/types\/post"}],"author":[{"embeddable":true,"href":"https:\/\/smago.de\/ws2\/wp-json\/wp\/v2\/users\/2"}],"replies":[{"embeddable":true,"href":"https:\/\/smago.de\/ws2\/wp-json\/wp\/v2\/comments?post=154590"}],"version-history":[{"count":1,"href":"https:\/\/smago.de\/ws2\/wp-json\/wp\/v2\/posts\/154590\/revisions"}],"predecessor-version":[{"id":154593,"href":"https:\/\/smago.de\/ws2\/wp-json\/wp\/v2\/posts\/154590\/revisions\/154593"}],"wp:featuredmedia":[{"embeddable":true,"href":"https:\/\/smago.de\/ws2\/wp-json\/wp\/v2\/media\/154591"}],"wp:attachment":[{"href":"https:\/\/smago.de\/ws2\/wp-json\/wp\/v2\/media?parent=154590"}],"wp:term":[{"taxonomy":"category","embeddable":true,"href":"https:\/\/smago.de\/ws2\/wp-json\/wp\/v2\/categories?post=154590"},{"taxonomy":"post_tag","embeddable":true,"href":"https:\/\/smago.de\/ws2\/wp-json\/wp\/v2\/tags?post=154590"}],"curies":[{"name":"wp","href":"https:\/\/api.w.org\/{rel}","templated":true}]}}