{"id":154501,"date":"2020-10-16T00:00:25","date_gmt":"2020-10-15T22:00:25","guid":{"rendered":"https:\/\/online.smago.de\/ws2\/?p=154501"},"modified":"2020-10-15T22:34:17","modified_gmt":"2020-10-15T20:34:17","slug":"uwe-huebner-sein-talent-wettbewerb-hoffnungstraeger-2020-wird-durch-eine-1a-jury-geadelt","status":"publish","type":"post","link":"https:\/\/smago.de\/ws2\/schlager\/uwe-huebner-sein-talent-wettbewerb-hoffnungstraeger-2020-wird-durch-eine-1a-jury-geadelt\/","title":{"rendered":"UWE H\u00dcBNER <br>Sein Talent-Wettbewerb &#8222;Hoffnungstr\u00e4ger 2020&#8220; wurde durch eine 1a-Jury unterst\u00fctzt!"},"content":{"rendered":"<p>So sa\u00df unter anderem auch Markus Krampe in dem Gremium!<br \/>\n<!--more--><\/p>\n<p>&nbsp;<\/p>\n<p>&nbsp;<\/p>\n<p style=\"text-align: justify;\">In Zusammenarbeit mit dem Schlager-Hochglanzmagazin <em>&#8222;hossa!&#8220;<\/em> hatte UWE H\u00dcBNER \u00fcber das Schlager-Hochglanzmagazin &#8222;<em>hossa!<\/em>&#8220; K\u00fcnstler*innen dazu aufgerufen, sich f\u00fcr den Titel &#8222;Hoffnungstr\u00e4ger 2020&#8220; zu bewerben.<\/p>\n<p>Aus hunderten Bewerbungen wurden zwanzig K\u00fcnstler*innen vor-ausgew\u00e4hlt. Eine 1a-Fachjury w\u00e4hlte aus diesen Top 20 die ihrer Meinung nach besten ZEHN aus.<\/p>\n<p>(Und Sie werden \u00fcberrascht sein, welch illustre Namen sich darunter finden werden &#8230; EINE S\u00e4ngerin konnte sich bereits \u00a0\u00fcber mehrere Wochen in den Offiziellen Deutschen Album Charts behaupten &#8230;)<\/p>\n<p style=\"text-align: justify;\">Welche K\u00fcnstler*innen es in die Top 10 geschafft haben, wird derzeit noch unter Verschluss gehalten. Aber: <em>smago!<\/em> verr\u00e4t hier schon mal die Namen der Juroren.<\/p>\n<p>&nbsp;<\/p>\n<p>&nbsp;<\/p>\n<p>&nbsp;<\/p>\n<div class=\"\"><strong>Das Fach-Kollegium &#8211; (in ABC-Reihenfolge):<\/strong><\/div>\n<div><\/div>\n<div style=\"text-align: justify;\"><\/div>\n<div><\/div>\n<div><\/div>\n<div class=\"\" style=\"text-align: justify;\"><br class=\"\" \/><br class=\"\" \/><strong>Martin Ernst<\/strong><\/div>\n<div><\/div>\n<div class=\"\" style=\"text-align: justify;\"><br class=\"\" \/>Jahrzehntelang erfahrener Musiker mit immenser TV-Erfahrung, Band-Leader (&#8222;RTL Allstars&#8220; sowie aktuell \u201eThe Voice of Switzerland&#8220;) und Freund gro\u00dfer Stars (wie Anastasia, Heino, Oli P.), heute v.a. hochmotivierter Chef von <a class=\"\" href=\"http:\/\/muxx.tv\/\">muxx.tv<\/a>, Deutschlands neuem, aufstrebenden Internet-Sender, der f\u00fcr alle Genres guter Musik einsteht.<br class=\"\" \/><br class=\"\" \/><\/div>\n<div style=\"text-align: justify;\"><\/div>\n<div style=\"text-align: justify;\"><\/div>\n<div class=\"\" style=\"text-align: justify;\"><strong>Michael Humboldt<\/strong><\/div>\n<div style=\"text-align: justify;\"><\/div>\n<div class=\"\" style=\"text-align: justify;\">\n<p><span class=\"\">Langj\u00e4hriger Zeitungsredakteur, Chefredakteur<em> hossa!<\/em>, Textdichter f\u00fcr Andy Borg, Kastelruther Spatzen, Fernando Express, Mara Kayser, Anna-Maria Zimmermann, Nora Louisa u.v.a.<\/span><\/p>\n<div class=\"\"><\/div>\n<\/div>\n<div style=\"text-align: justify;\"><\/div>\n<div style=\"text-align: justify;\"><\/div>\n<div class=\"\" style=\"text-align: justify;\"><strong>Edith Jeske<\/strong><\/div>\n<div style=\"text-align: justify;\"><\/div>\n<div class=\"\" style=\"text-align: justify;\">Sehr bedeutsame und beliebte, weil einf\u00fchlsame und individuell perfekt auf den Leib schreibende\u00a0Textdichterin. Ganz gro\u00dfes Vorbild f\u00fcr die nachkommende Riege ihrer Berufs-Gattung. Menschlich f\u00fcr k\u00fcnstlerisch. Auch und vor allem wegen der durch sie lebenden und immer wieder neue Songtext-Talente schmiedenden \u201eCeller Schule\u201c.\u00a0<br class=\"\" \/><br class=\"\" \/><\/div>\n<div><\/div>\n<div><\/div>\n<div style=\"text-align: justify;\"><\/div>\n<div class=\"\" style=\"text-align: justify;\"><strong>Markus Krampe<\/strong><\/div>\n<div style=\"text-align: justify;\"><\/div>\n<div class=\"\" style=\"text-align: justify;\">Bundesweit \u00e4u\u00dferst erfolgreicher Veranstaltungsmogul (u.a. der \u201eOl\u00e9-Party\u201c-Reihe und \u201eNeunziger live\u201c), geschickt agierender K\u00fcnstler-Manager (aktuell u.a. von Michael Wendler und Jenice), versierter Medienfachmann und st\u00e4ndig in Boulevard-Medien zum deutschen Show- und Musik-Biz befragter Experte. Ein Top-Profi unserer Szene.<\/div>\n<div style=\"text-align: justify;\"><\/div>\n<div style=\"text-align: justify;\"><\/div>\n<div><\/div>\n<div style=\"text-align: justify;\"><\/div>\n<div style=\"text-align: justify;\"><strong>Ike M\u00fcller<\/strong><\/div>\n<div style=\"text-align: justify;\"><\/div>\n<div style=\"text-align: justify;\">Seit 20 Jahren Musik-Manager und Booker. Oft f\u00fcr K\u00fcnstler, die als &#8222;Geheimtipp\u201c galten (wie NICO SANTOS). Somit auch Entdecker und F\u00f6rderer vielversprechender Newcomer. Betreut aktuell die Super-Stars STEREOACT. Wurde f\u00fcr seine Leistungen bislang mit 21x Gold ,11x Platin und dem seltenen Diamant-Award ausgezeichnet.<\/div>\n<div style=\"text-align: justify;\"><\/div>\n<div style=\"text-align: justify;\"><\/div>\n<div class=\"\" style=\"text-align: justify;\"><br class=\"\" \/><br class=\"\" \/><strong>G\u00e9raldine Olivier<\/strong><\/div>\n<div style=\"text-align: justify;\"><\/div>\n<div class=\"\" style=\"text-align: justify;\">Charmante &#8222;Grand-Prix der Volksmusik&#8220;-Gewinnerin 1995 aus der Schweiz, vielseitige und experimentierfreudige K\u00fcnstlerin und Entertainerin. Die sich leidenschaftlich und neidlos mit Ideen der Jugend besch\u00e4ftigt, neue Talente f\u00f6rdert, sogar sich selbst hinterfragt. Eine Frau, die durch Herzlichkeit, Vielseitigkeit und Tatendrang besticht.<br class=\"\" \/><br class=\"\" \/><\/div>\n<div style=\"text-align: justify;\"><\/div>\n<div style=\"text-align: justify;\"><\/div>\n<div class=\"\" style=\"text-align: justify;\"><strong>Andreas Pappert<\/strong><\/div>\n<div style=\"text-align: justify;\"><\/div>\n<div class=\"\" style=\"text-align: justify;\">Boss von &#8222;Centerpromotion&#8220;, einer sehr umtriebigen und den Absatz von Tontr\u00e4gern stark f\u00f6rdernden Event-Agentur, die auch neue Wege wagt bzw. Bew\u00e4hrtes bestens umsetzt (z.B. Tournee zur CD \u201e50 Jahre ZDF-Hitparade\u201c). Er selbst ist leidenschaftlicher Musiker und eine gern \u00fcber die Grenzen schauende, hanseatisch-ehrliche Haut.<br class=\"\" \/><br class=\"\" \/><\/div>\n<div style=\"text-align: justify;\"><\/div>\n<div><\/div>\n<div style=\"text-align: justify;\"><\/div>\n<div class=\"\" style=\"text-align: justify;\"><strong>Matthias Stingl<\/strong><\/div>\n<div style=\"text-align: justify;\"><\/div>\n<div class=\"\" style=\"text-align: justify;\">Weit \u00fcber K\u00f6ln hinaus bekannter und beliebter\u00a0Komponist und Produzent, der nicht nur die neue, junge Karnevals-Szene der Domstadt diktiert, sondern auch gro\u00dfe Schlager-Hits geschrieben hat (wie \u201eWer Liebe lebt&#8220; mit MICHELLE). Seine Kenntnis der musikalischen Weltliteratur, Kreativit\u00e4t und Spielfreude begeistern rundum. \u00a0<br class=\"\" \/><br class=\"\" \/><\/div>\n<div><\/div>\n<div style=\"text-align: justify;\"><\/div>\n<div style=\"text-align: justify;\"><\/div>\n<div class=\"\" style=\"text-align: justify;\"><strong>Christian Stronczek<\/strong><\/div>\n<div style=\"text-align: justify;\"><\/div>\n<div class=\"\" style=\"text-align: justify;\">Hochangesehener ehemaliger A&amp;R-Mann von Sony Music, der vor Ideen nur so spr\u00fcht. Seine ausgekl\u00fcgelten Marketing-Stragien und geschicktes Verhandeln mit Medien brachten zahllose Themen in die Charts (&#8222;Formel Eins&#8220;, Wolfgang Petry, Heino usw.) Verbindlichkeit und Freundlichkeit schenken ihm schon jahrelange Freundschaften zu Stars.<\/div>\n<div><\/div>\n<div><\/div>\n<div><\/div>\n<div style=\"text-align: justify;\"><\/div>\n<div class=\"\" style=\"text-align: justify;\"><strong>Claudia Summerer<\/strong><\/div>\n<div style=\"text-align: justify;\"><\/div>\n<div class=\"\" style=\"text-align: justify;\">Sie ist eine der wenigen DJanes im deutschen Schlager, die sich wirklich durchsetzen konnte. Als Mitglied im Premium-Club der dj-hitparade genie\u00dft sie gro\u00dfes Ansehen bei ihren m\u00e4nnlichen Kollegen. Und beweist durch ihre im s\u00fcddeutschen Raum stetig wachsende Fan-Gemeinde, dass auch Frauen das oft schwere Handwerk verstehen.<br class=\"\" \/><br class=\"\" \/><\/div>\n<div><\/div>\n<div><\/div>\n<div><\/div>\n<div style=\"text-align: justify;\"><\/div>\n<div style=\"text-align: justify;\">\n<p><strong>Weitere Informationen finden Sie ab 27.10.2020 in der neuen Ausgabe des Schlager-Hochglanzmagazins &#8222;hossa!&#8220;, das zudem seine 10. Ausgabe feiert.<\/strong><\/p>\n<p><em>(Leider nur ist der Name &#8222;Vivien Gold&#8220; auf dem Titelblatt falsch\u00a0geschrieben &#8230;)<\/em><\/p>\n<\/div>\n<div><\/div>\n<div><\/div>\n<div><\/div>\n<div><img decoding=\"async\" loading=\"lazy\" class=\"alignnone size-colormag-featured-post-medium wp-image-154502\" src=\"https:\/\/online.smago.de\/ws2\/wp-content\/uploads\/2020\/10\/hossa_hoffnungstraeger-424x600.jpg\" alt=\"\" width=\"424\" height=\"600\" srcset=\"https:\/\/smago.de\/ws2\/wp-content\/uploads\/2020\/10\/hossa_hoffnungstraeger-424x600.jpg 424w, https:\/\/smago.de\/ws2\/wp-content\/uploads\/2020\/10\/hossa_hoffnungstraeger-369x522.jpg 369w, https:\/\/smago.de\/ws2\/wp-content\/uploads\/2020\/10\/hossa_hoffnungstraeger-566x800.jpg 566w, https:\/\/smago.de\/ws2\/wp-content\/uploads\/2020\/10\/hossa_hoffnungstraeger-106x150.jpg 106w, https:\/\/smago.de\/ws2\/wp-content\/uploads\/2020\/10\/hossa_hoffnungstraeger-768x1086.jpg 768w, https:\/\/smago.de\/ws2\/wp-content\/uploads\/2020\/10\/hossa_hoffnungstraeger-192x272.jpg 192w, https:\/\/smago.de\/ws2\/wp-content\/uploads\/2020\/10\/hossa_hoffnungstraeger-92x130.jpg 92w, https:\/\/smago.de\/ws2\/wp-content\/uploads\/2020\/10\/hossa_hoffnungstraeger-315x445.jpg 315w, https:\/\/smago.de\/ws2\/wp-content\/uploads\/2020\/10\/hossa_hoffnungstraeger-134x190.jpg 134w, https:\/\/smago.de\/ws2\/wp-content\/uploads\/2020\/10\/hossa_hoffnungstraeger-205x290.jpg 205w, https:\/\/smago.de\/ws2\/wp-content\/uploads\/2020\/10\/hossa_hoffnungstraeger.jpg 905w\" sizes=\"(max-width: 424px) 100vw, 424px\" \/><\/div>\n","protected":false},"excerpt":{"rendered":"<p>So sa\u00df unter anderem auch Markus Krampe in dem Gremium!<\/p>\n","protected":false},"author":2,"featured_media":139652,"comment_status":"open","ping_status":"closed","sticky":false,"template":"","format":"standard","meta":{"_FSMCFIC_featured_image_caption":"","_FSMCFIC_featured_image_nocaption":"","_FSMCFIC_featured_image_hide":""},"categories":[29],"tags":[658],"acf":[],"_links":{"self":[{"href":"https:\/\/smago.de\/ws2\/wp-json\/wp\/v2\/posts\/154501"}],"collection":[{"href":"https:\/\/smago.de\/ws2\/wp-json\/wp\/v2\/posts"}],"about":[{"href":"https:\/\/smago.de\/ws2\/wp-json\/wp\/v2\/types\/post"}],"author":[{"embeddable":true,"href":"https:\/\/smago.de\/ws2\/wp-json\/wp\/v2\/users\/2"}],"replies":[{"embeddable":true,"href":"https:\/\/smago.de\/ws2\/wp-json\/wp\/v2\/comments?post=154501"}],"version-history":[{"count":5,"href":"https:\/\/smago.de\/ws2\/wp-json\/wp\/v2\/posts\/154501\/revisions"}],"predecessor-version":[{"id":154514,"href":"https:\/\/smago.de\/ws2\/wp-json\/wp\/v2\/posts\/154501\/revisions\/154514"}],"wp:featuredmedia":[{"embeddable":true,"href":"https:\/\/smago.de\/ws2\/wp-json\/wp\/v2\/media\/139652"}],"wp:attachment":[{"href":"https:\/\/smago.de\/ws2\/wp-json\/wp\/v2\/media?parent=154501"}],"wp:term":[{"taxonomy":"category","embeddable":true,"href":"https:\/\/smago.de\/ws2\/wp-json\/wp\/v2\/categories?post=154501"},{"taxonomy":"post_tag","embeddable":true,"href":"https:\/\/smago.de\/ws2\/wp-json\/wp\/v2\/tags?post=154501"}],"curies":[{"name":"wp","href":"https:\/\/api.w.org\/{rel}","templated":true}]}}