{"id":154461,"date":"2020-10-15T00:00:42","date_gmt":"2020-10-14T22:00:42","guid":{"rendered":"https:\/\/online.smago.de\/ws2\/?p=154461"},"modified":"2020-10-14T22:22:41","modified_gmt":"2020-10-14T20:22:41","slug":"smago-informiert-ndr-umfrage-niedersachsen-haben-wegen-corona-eher-angst-um-wirtschaft-als-um-eigene-gesundheit","status":"publish","type":"post","link":"https:\/\/smago.de\/ws2\/smago-informiert\/smago-informiert-ndr-umfrage-niedersachsen-haben-wegen-corona-eher-angst-um-wirtschaft-als-um-eigene-gesundheit\/","title":{"rendered":"smago! INFORMIERT <br>NDR Umfrage: Niedersachsen haben wegen Corona eher Angst um Wirtschaft als um eigene Gesundheit!"},"content":{"rendered":"<p>Danach machen sich 68 Prozent der Befragten gro\u00dfe Sorgen, dass sich die wirtschaftliche Situation in Niedersachsen verschlechtert!<br \/>\n<!--more--><\/p>\n<p>&nbsp;<\/p>\n<p style=\"text-align: justify;\">\n<p style=\"text-align: justify;\">Die Niedersachsen sehen durch das Corona-Virus vor allem Gefahren f\u00fcr die Wirtschaft, weniger aber Gefahren f\u00fcr ihre eigene Gesundheit. Das ist das Ergebnis einer repr\u00e4sentativen Umfrage von Infratest dimap im Auftrag des NDR Fernsehmagazins \u201eHallo Niedersachsen\u201c. Danach machen sich 68 Prozent der Befragten gro\u00dfe Sorgen, dass sich die wirtschaftliche Situation in Niedersachsen verschlechtert. Vor einer eigenen Ansteckung mit Corona oder der eines Familienmitglieds f\u00fcrchten sich mit 35 Prozent weniger Menschen. Fast genauso viele, 31 Prozent, haben Angst, dass durch die Corona-Krise Freiheitsrechte l\u00e4ngerfristig eingeschr\u00e4nkt sein k\u00f6nnten.<\/p>\n<p style=\"text-align: justify;\">Der bisherigen Corona-Politik der SPD\/CDU-Landesregierung stellen die Niedersachsen ein \u00fcberwiegend gutes Zeugnis aus: 69 Prozent der Befragten sind mit dem Corona-Krisenmanagement zufrieden oder sehr zufrieden. Am \u00fcberzeugtesten vom Regierungshandeln sind \u00fcberraschenderweise die Gr\u00fcnen-Anh\u00e4ngerinnen und -Anh\u00e4nger. Unter ihnen sind 85 Prozent mit der Corona-Politik zufrieden, unter SPD-Anh\u00e4ngern sind es 81 Prozent, unter CDU-Anh\u00e4ngern 78 Prozent. Lediglich unter AfD-Anh\u00e4ngern \u00fcberwiegt die Kritik: 70 Prozent von ihnen sind weniger oder gar nicht zufrieden mit dem Corona-Krisenmanagement.<\/p>\n<p style=\"text-align: justify;\">Auch die Alltagseinschr\u00e4nkungen h\u00e4lt eine klare Mehrheit der Befragten f\u00fcr richtig. 65 Prozent begr\u00fc\u00dfen die Ma\u00dfnahmen als angemessen. Eher wird sogar eine h\u00e4rtere Gangart gew\u00fcnscht: 23 Prozent der Befragten gehen die Einschr\u00e4nkungen nicht weit genug. 11 Prozent dagegen finden, die Auflagen seien zu weitgehend.<\/p>\n<p style=\"text-align: justify;\">Befragt nach einzelnen Ma\u00dfnahmen, ist das Bild ein etwas anderes. Dass Schulen, Kitas, Alten- und Pflegeheime zu Beginn der Pandemie geschlossen wurden, findet zwar ebenfalls eine Mehrheit richtig. Deutlich gr\u00f6\u00dfer als bei der allgemeinen Bewertung ist aber die Zahl derjenigen, die diese Ma\u00dfnahmen f\u00fcr zu weitgehend halten: 36 Prozent der Befragten sagen, die Alten- und Pflegeheime waren zu lange geschlossen. Nur 6 Prozent meinen, sie seien zu fr\u00fch wieder ge\u00f6ffnet worden, 54 Prozent halten Dauer und Ausma\u00df der Schlie\u00dfung f\u00fcr genau richtig. Bei den Bildungseinrichtungen finden 27 Prozent, die Schlie\u00dfung h\u00e4tte zu lange gedauert, 20 Prozent meinen, die Einrichtungen seien zu fr\u00fch wieder ge\u00f6ffnet worden. 56 Prozent sagen, Dauer und Ausma\u00df der Schlie\u00dfung sei genau richtig gewesen.<\/p>\n<p style=\"text-align: justify;\">\n<p style=\"text-align: justify;\">Infratest dimap befragte vom 6. bis 12. Oktober 1004 repr\u00e4sentativ ausgew\u00e4hlte Niedersachsen per Telefon.<\/p>\n<p style=\"text-align: justify;\">\n<p style=\"text-align: justify;\">Die vollst\u00e4ndige Umfrage wird im Internet ver\u00f6ffentlich auf der Seite <strong><a href=\"http:\/\/www.ndr.de\/niedersachsen\">www.NDR.de\/niedersachsen<\/a><\/strong>.<\/p>\n","protected":false},"excerpt":{"rendered":"<p>Danach machen sich 68 Prozent der Befragten gro\u00dfe Sorgen, dass sich die wirtschaftliche Situation in Niedersachsen verschlechtert!<\/p>\n","protected":false},"author":2,"featured_media":51685,"comment_status":"open","ping_status":"closed","sticky":false,"template":"","format":"standard","meta":{"_FSMCFIC_featured_image_caption":"","_FSMCFIC_featured_image_nocaption":"","_FSMCFIC_featured_image_hide":""},"categories":[33],"tags":[60],"acf":[],"_links":{"self":[{"href":"https:\/\/smago.de\/ws2\/wp-json\/wp\/v2\/posts\/154461"}],"collection":[{"href":"https:\/\/smago.de\/ws2\/wp-json\/wp\/v2\/posts"}],"about":[{"href":"https:\/\/smago.de\/ws2\/wp-json\/wp\/v2\/types\/post"}],"author":[{"embeddable":true,"href":"https:\/\/smago.de\/ws2\/wp-json\/wp\/v2\/users\/2"}],"replies":[{"embeddable":true,"href":"https:\/\/smago.de\/ws2\/wp-json\/wp\/v2\/comments?post=154461"}],"version-history":[{"count":1,"href":"https:\/\/smago.de\/ws2\/wp-json\/wp\/v2\/posts\/154461\/revisions"}],"predecessor-version":[{"id":154462,"href":"https:\/\/smago.de\/ws2\/wp-json\/wp\/v2\/posts\/154461\/revisions\/154462"}],"wp:featuredmedia":[{"embeddable":true,"href":"https:\/\/smago.de\/ws2\/wp-json\/wp\/v2\/media\/51685"}],"wp:attachment":[{"href":"https:\/\/smago.de\/ws2\/wp-json\/wp\/v2\/media?parent=154461"}],"wp:term":[{"taxonomy":"category","embeddable":true,"href":"https:\/\/smago.de\/ws2\/wp-json\/wp\/v2\/categories?post=154461"},{"taxonomy":"post_tag","embeddable":true,"href":"https:\/\/smago.de\/ws2\/wp-json\/wp\/v2\/tags?post=154461"}],"curies":[{"name":"wp","href":"https:\/\/api.w.org\/{rel}","templated":true}]}}