{"id":154380,"date":"2020-10-13T09:35:00","date_gmt":"2020-10-13T07:35:00","guid":{"rendered":"https:\/\/online.smago.de\/ws2\/?p=154380"},"modified":"2020-10-13T09:35:00","modified_gmt":"2020-10-13T07:35:00","slug":"johannes-oerding-johannes-oerding-wird-im-neuen-video-zu-ungeschminkt-zur-frau","status":"publish","type":"post","link":"https:\/\/smago.de\/ws2\/pop\/johannes-oerding-johannes-oerding-wird-im-neuen-video-zu-ungeschminkt-zur-frau\/","title":{"rendered":"JOHANNES OERDING <br>Johannes Oerding wird im neuen Video zu &#8222;Ungeschminkt&#8220; zur Frau!"},"content":{"rendered":"<p>Ein Pl\u00e4doyer f\u00fcr mehr Mut, Akzeptanz und Toleranz!<br \/>\n<!--more--><\/p>\n<p>&nbsp;<\/p>\n<p style=\"text-align: justify;\">\u201e<em>Dieser Song ist ein Liebesbrief, der sich wie von selbst geschrieben hat<\/em>.\u201c<\/p>\n<p>Die Zeit bis zu den k\u00fcrzlich best\u00e4tigten Nachholterminen der Corona-bedingt abgebrochenen Tour \u00fcberbr\u00fcckt die 2-CD-SPECIAL EDITION von KONTUREN, die am 23. Oktober inklusive zwei neuen Songs und einer Bonus-CD mit ausgew\u00e4hlten Akustikaufnahmen erscheint. Darunter, neben einem Feature von Kumpel Wincent Weiss, auch die neue Single UNGESCHMINKT. \u201e<em>Manchmal hat man das Gl\u00fcck, in wenigen Minuten und in wenigen Zeilen ein Gef\u00fchl genau auf den Punkt zu bringen. UNGESCHMINKT ist ein Liebesbrief, der sich wie von selbst geschrieben hat.<\/em>\u201c <strong>Mit verl\u00e4sslicher Direktheit, wiederentdeckter Reduzierung und gekonnt austarierten Lyrics f\u00fchrt die relaxte Liebeserkl\u00e4rung an die Schlichtheit fort<\/strong>, was KONTUREN bereits begonnen hat: Der Song schleift unbeirrbar am Profil eines Musikers, der noch jede Menge Asse im \u00c4rmel hat. \u201e<strong><em>Der Song \u201aUngeschminkt\u2018 ist auf den ersten Blick ein kleines Liebeslied aber auf den zweiten befasst er sich auch mit Akzeptanz und Toleranz in unserer Gesellschaft<\/em><\/strong><em>.\u201c<\/p>\n<p><\/em>Ungeschminkt ist der erste Song den der sympathische S\u00e4nger in diesem Jahr ver\u00f6ffentlicht und gleichzeitig auch einer der beiden zus\u00e4tzlichen Songs die auf der Special Edition von \u201eKonturen\u201c zu finden ist. <strong>Die Special Edition erscheint am 23.10<\/strong>. und kn\u00fcpft nahtlos an die Erfolgsgeschichte von \u201eKonturen\u201c an. JOHANNES OERDINGs sechstes Studio-Album KONTUREN meldete nur 12 Wochen nach dem Release Ende 2019 Gold und war das erste #1-Album seiner gesamten Karriere. Selbst f\u00fcr einen gestandenen Musiker wie Oerding muss es ein Triumph sein, wenn ausgerechnet das Album, das er selbst als \u201egro\u00dfen Schritt\u201c bezeichnet und bei dem er einiges riskiert hat, seine No.1-Premiere wird. \u201e<em>Ich wollte wieder mehr auf meine innere Stimme h\u00f6ren. Was auf der Welt passiert, hat Konsequenzen und es gibt Dinge, die jetzt laut ausgesprochen werden m\u00fcssen. Die Songs richten den Blick \u00fcber den Tellerrand \u2013auf mein Umfeld, auf unsere Gesellschaft<\/em>.\u201c<\/p>\n<p>Sein Blatt war vorher schon \u00fcberzeugend: Vier seiner Studio-Alben melden Gold \u2013\u201eAlles brennt\u201c (2015) sogar Dreifach-Gold \u2013und der KONTUREN-Vorabtrack \u201eAn guten Tagen\u201c ging als dritte Single \u00fcberhaupt ebenfalls Gold. Trotz turbulenter Zeiten beweisen Oerdings Fans, dass es ohne Musik und Livekultur nicht geht: Bei den \u201eLagerfeuer Acoustics\u201c, einer Konzertreihe, die mit durchdachtem Konzept erstmals wieder Liveshows erlaubt, spielte er an 15 Dates bis Mitte September live vor insgesamt 13.500 Fans\u2013die Tickets waren in Rekordzeit ausverkauft.<\/p>\n<p>&nbsp;<\/p>\n<p>&nbsp;<\/p>\n<p><iframe loading=\"lazy\" src=\"\/\/www.youtube.com\/embed\/DHG1Bvr9BmM\" width=\"560\" height=\"314\" allowfullscreen=\"allowfullscreen\"><\/iframe><\/p>\n","protected":false},"excerpt":{"rendered":"<p>Ein Pl\u00e4doyer f\u00fcr mehr Mut, Akzeptanz und Toleranz!<\/p>\n","protected":false},"author":2,"featured_media":154381,"comment_status":"open","ping_status":"closed","sticky":false,"template":"","format":"standard","meta":{"_FSMCFIC_featured_image_caption":"","_FSMCFIC_featured_image_nocaption":"","_FSMCFIC_featured_image_hide":""},"categories":[27],"tags":[1566],"acf":[],"_links":{"self":[{"href":"https:\/\/smago.de\/ws2\/wp-json\/wp\/v2\/posts\/154380"}],"collection":[{"href":"https:\/\/smago.de\/ws2\/wp-json\/wp\/v2\/posts"}],"about":[{"href":"https:\/\/smago.de\/ws2\/wp-json\/wp\/v2\/types\/post"}],"author":[{"embeddable":true,"href":"https:\/\/smago.de\/ws2\/wp-json\/wp\/v2\/users\/2"}],"replies":[{"embeddable":true,"href":"https:\/\/smago.de\/ws2\/wp-json\/wp\/v2\/comments?post=154380"}],"version-history":[{"count":1,"href":"https:\/\/smago.de\/ws2\/wp-json\/wp\/v2\/posts\/154380\/revisions"}],"predecessor-version":[{"id":154382,"href":"https:\/\/smago.de\/ws2\/wp-json\/wp\/v2\/posts\/154380\/revisions\/154382"}],"wp:featuredmedia":[{"embeddable":true,"href":"https:\/\/smago.de\/ws2\/wp-json\/wp\/v2\/media\/154381"}],"wp:attachment":[{"href":"https:\/\/smago.de\/ws2\/wp-json\/wp\/v2\/media?parent=154380"}],"wp:term":[{"taxonomy":"category","embeddable":true,"href":"https:\/\/smago.de\/ws2\/wp-json\/wp\/v2\/categories?post=154380"},{"taxonomy":"post_tag","embeddable":true,"href":"https:\/\/smago.de\/ws2\/wp-json\/wp\/v2\/tags?post=154380"}],"curies":[{"name":"wp","href":"https:\/\/api.w.org\/{rel}","templated":true}]}}