{"id":154272,"date":"2020-10-11T00:00:26","date_gmt":"2020-10-10T22:00:26","guid":{"rendered":"https:\/\/online.smago.de\/ws2\/?p=154272"},"modified":"2020-10-10T11:17:04","modified_gmt":"2020-10-10T09:17:04","slug":"ina-mueller-neues-album-55-erscheint-am-20-11-2020-tour-2022","status":"publish","type":"post","link":"https:\/\/smago.de\/ws2\/pop-schlager\/ina-mueller-neues-album-55-erscheint-am-20-11-2020-tour-2022\/","title":{"rendered":"INA M\u00dcLLER <br>Neues Album \u00bb55\u00ab erscheint am 20.11.2020 + Tour 2022!"},"content":{"rendered":"<p style=\"text-align: justify;\">Man kennt <strong><span style=\"color: #777777;\">Ina M\u00fcller<\/span><\/strong> als laut und direkt. Leise und direkt steht ihr aber genauso gut &#8230;:<br \/>\n<!--more--><\/p>\n<p>&nbsp;<\/p>\n<p>&nbsp;<\/p>\n<p style=\"text-align: justify;\">Es gibt K\u00fcnstler*innen, denen ziemlich schnell die Themen ausgehen. Sie machen ein gutes Album, vielleicht zwei \u2013 und sp\u00e4testens beim dritten besteht alles nur noch aus Wiederholungen und Selbstzitaten. Und es gibt <strong><span style=\"color: #777777;\">INA M\u00dcLLER<\/span><\/strong>.<\/p>\n<p style=\"text-align: justify;\"><strong><span style=\"color: #777777;\">\u201e55\u201c<\/span><\/strong> hei\u00dft ihr neues Album und ist damit ihr drittes mit einer Zahl im Titel \u2013 etwas, das sie neben Trinkfestigkeit, Humor und Hang zur Melancholie mit ihrer britischen Kollegin Adele verbindet. Das Wort \u201aZahl\u2019 und nicht \u201aAlter\u2019 ist bewusst gew\u00e4hlt, denn es f\u00e4llt leicht, sich noch eine ganz andere Bedeutung dieses Titels zu erschlie\u00dfen. <strong><span style=\"color: #777777;\">\u201e55\u201c<\/span><\/strong> k\u00f6nnte genauso gut eine recht pr\u00e4zise Angabe dar\u00fcber sein, wie viele Herzen in ihrer Brust schlagen. Wie viele verschiedene <strong><span style=\"color: #777777;\">Ina M\u00fcllers<\/span><\/strong> in der einen, der absoluten, der ultimativen <strong><span style=\"color: #777777;\">Ina M\u00fcller<\/span><\/strong> wohnen. Viele davon haben wir \u00fcber die Jahre auf ihren Alben kennenlernen d\u00fcrfen \u2013 laut und in Zwischent\u00f6nen \u2013 auf ihrem neuen Album stellt sie uns nun 12 neue vor, die ganz verschieden und auf wundersame Weise doch v\u00f6llig logisch; und nat\u00fcrlich eins sind.<\/p>\n<p style=\"text-align: justify;\">Und wieder d\u00fcrfen wir uns dar\u00fcber freuen, wie nah sie uns heranl\u00e4sst; wie wir uns an den Fenstern ihrer vielschichtigen Seele die Nasen platt dr\u00fccken d\u00fcrfen. Wir h\u00f6ren eine <strong><span style=\"color: #777777;\">Ina M\u00fcller<\/span><\/strong>, die wir kennen und gleichzeitig auch nicht. Wenn sie etwa singt, sie f\u00fchle sich \u201ewie neugebor\u2019n, nur gut 50 Jahre \u00e4lter\u201c, wei\u00df man instinktiv was sie meint, w\u00e4hrend sie das Kunstst\u00fcck fertigbringt unverbraucht, manchmal fast kindlich verspielt und dabei resolut und weise zu klingen. Gerade in den kleinen Widerspr\u00fcchen sp\u00fcrt man die Wahrhaftigkeit.<\/p>\n<p style=\"text-align: justify;\">Doch was sind das f\u00fcr <strong><span style=\"color: #777777;\">Ina M\u00fcllers<\/span><\/strong>, die wir hier kennenlernen d\u00fcrfen und die so selbstverst\u00e4ndlich weit \u00fcber die bew\u00e4hrte \u201aM\u00fcllerische Dreifaltigkeit: Singen, Sabbeln und Saufen\u2019 hinausgehen? Da ist der ehemalige Teenager, der sich \u00fcber die Ungeschicklich- und Peinlichkeiten des \u201eersten halben Mals\u201c austauscht \u2013 schonungslos, aber ohne verletzend zu sein. Oder das zuckerhungrige Monster, das ohne Schokolade im Haus versehentlich ganz gemeine Sachen sagt, die nach dem ersten Gummib\u00e4rchen aber sofort die G\u00fcltigkeit verlieren.<\/p>\n<p style=\"text-align: justify;\">Direkt daneben die Einsicht der eigenen Endlichkeit \u2013 eine Bestandsaufnahme verpasster Chancen und Tr\u00e4ume. Hart aber nicht bitter und mit der Hoffnung sowie dem Versprechen, ab jetzt jeden Tag dreifach z\u00e4hlen zu lassen. Das innere Eichh\u00f6rnchen, das die Autoschl\u00fcssel in den K\u00fchlschrank legt oder der altersmilde Schweinehund, der statt durch den Park lieber gem\u00fctlich zum Kiosk l\u00e4uft. Dazwischen die Erkenntnis, dass \u201efast\u201c manchmal l\u00e4nger h\u00e4lt als \u201efest\u201c und ein traurig sch\u00f6nes, zweischneidiges Liebeslied an die Zigarette.<\/p>\n<p style=\"text-align: justify;\">Man kennt <strong><span style=\"color: #777777;\">Ina M\u00fcller<\/span><\/strong> als laut und direkt. Leise und direkt steht ihr aber genauso gut.<\/p>\n<p style=\"text-align: justify;\">Immer wieder paart sie Humor mit Zerbrechlichkeit, macht sich unangreifbar, indem sie sich so angreifbar macht und greift dann genau im richtigen Augenblick unpeinlich zu gr\u00f6\u00dferen Gesten. Wer eine Ina M\u00fcller-Platte im Schrank hat, hat auch eine Freundin f\u00fcr so ziemlich alle Lebenslagen. Wenn man ihr zuh\u00f6rt, stellt sich manchmal ein spannender Effekt ein. Pl\u00f6tzlich f\u00fchlt es sich an, als w\u00fcrden wir nicht <strong><span style=\"color: #777777;\">Ina M\u00fcller<\/span><\/strong>, sondern sie uns zuh\u00f6ren. Dabei ertappt sie uns bei unseren kleinen Alltagss\u00fcnden ohne uns blo\u00df zu stellen, tippt uns aufmunternd auf die Schulter, um im n\u00e4chsten Moment gemeinsam mit uns \u00fcber das alles zu lachen. Weil es immer wieder Details zu entdecken gibt, ist jedes Album ein sicherer Ort, an dem t\u00e4glich frische Blumen stehen. Blumen aus Worten, aus Momenten \u2013 Blumen aus Liedern.<\/p>\n<p style=\"text-align: justify;\">Es gibt K\u00fcnstler*innen, denen schnell die Themen ausgehen. Sie bleiben stehen, werden m\u00fcde und selbstgerecht. Und es gibt <strong><span style=\"color: #777777;\">Ina M\u00fcller<\/span><\/strong>. Und solange sie singt, geht alles immer irgendwie weiter. Das kann man h\u00f6ren. Und das kann man f\u00fchlen.<\/p>\n<p style=\"text-align: justify;\">\n<p style=\"text-align: justify;\">\n<p class=\"center\"><span style=\"font-family: Arial;\"><strong><span style=\"color: #777777;\">Tour-Termine Ina M\u00fcller &amp; Band \u00a02022:<\/span><\/strong><br \/>\n<\/span><\/p>\n<p>&nbsp;<\/p>\n<p>&nbsp;<\/p>\n<p class=\"center\"><span style=\"font-family: Arial;\">Sonntag, 02. Januar 2022 Hamburg, Elbphilharmonie<br \/>\nSamstag, 08.Januar 2022 Siegen, Siegerlandhalle<br \/>\nSonntag, 09. Januar 2022 Heilbronn, Harmonie<br \/>\nDonnerstag, 13. Januar 2022 L\u00fcbeck, MuK<br \/>\nFreitag, 14.Januar 2022 Bielefeld, Stadthalle<br \/>\nSamstag, 15. Januar 2022 Aurich, Sparkassen Arena<br \/>\nFreitag, 21. Januar 2022 Bamberg, Brose Arena<br \/>\nSamstag, 22. Januar 2022 Regensburg, Donau Arena<br \/>\nSonntag, 23.Januar 2022 Hof, Freiheitshalle<br \/>\nDonnerstag, 27. Januar 2022 Zwickau, Stadthalle<br \/>\nFreitag, 28.Januar 2022 Chemnitz, Stadthalle<br \/>\nSamstag, 29.Januar 2022 Chemnitz, Stadthalle<br \/>\nFreitag, 04. Februar 2022 Cottbus, Stadthalle<br \/>\nSamstag, 05.Februar 2022 M\u00fcnster, Halle M\u00fcnsterland<br \/>\nSonntag, 06. Februar 2022 Lingen, Emsland Arena<br \/>\nDonnerstag, 10. Februar 2022 Kassel, Stadthalle<br \/>\nFreitag, 11.Februar 2022 Kassel, Stadthalle<br \/>\nSamstag, 12. Februar 2022 Bremerhaven, Stadthalle<br \/>\nDienstag, 15. Februar 2022 Frankfurt, Jahrhunderthalle<br \/>\nMittwoch, 16. Februar 2022 Frankfurt, Jahrhunderthalle<br \/>\nFreitag, 18.Februar 2022 Rostock, Stadthalle<br \/>\nSamstag, 19. Februar 2022 Neubrandenburg, Jahn Sport Forum<br \/>\nSonntag, 20. Februar 2022 Schwerin, Sport &amp; Kongresshalle<br \/>\nFreitag, 04. M\u00e4rz 2022 Hannover, ZAG Arena<br \/>\nSamstag, 05. M\u00e4rz 2022 N\u00fcrnberg, ARENA N\u00dcRNBERGER Versicherung<br \/>\nSonntag, 06. M\u00e4rz 2022 Riesa, Sachsen Arena<br \/>\nFreitag, 18. M\u00e4rz 2022 Freiburg, Sick Arena<br \/>\nSamstag, 19. M\u00e4rz 2022 M\u00fcnchen, Olympiahalle<br \/>\nSonntag, 20. M\u00e4rz 2022 Magdeburg, Getec Arena<br \/>\nDonnerstag, 24. M\u00e4rz 2022 Saarbr\u00fccken, Saarlandhalle<br \/>\nFreitag, 25.M\u00e4rz 2022 Z\u00fcrich, Volkshaus<br \/>\nSamstag, 26. M\u00e4rz 2022 Z\u00fcrich, Volkshaus<br \/>\nSonntag, 27.M\u00e4rz 2022 Trier, Arena<br \/>\nDonnerstag, 07. April 2022 G\u00f6ttingen, Lokhalle<br \/>\nFreitag, 08. April 2022 Dortmund, Westfalenhalle<br \/>\nSamstag, 09. April 2022 D\u00fcsseldorf, Mitsubishi Electric Hall<br \/>\nFreitag, 07. Oktober 2022 Essen, Grugahalle<br \/>\nSamstag, 08. Oktober 2022 Braunschweig, Volkswagen Halle<br \/>\nDonnerstag, 20. Oktober 2022 Erfurt, Messehalle<br \/>\nFreitag, 21.Oktober 2022 Leipzig, Arena<br \/>\nSamstag, 22. Oktober 2022 Bremen, \u00d6VB Arena<br \/>\nFreitag, 28. Oktober 2022 Stuttgart, Porsche Arena<br \/>\nSamstag, 29.Oktober 2022 Mannheim, SAP Arena<br \/>\nSonntag, 30. Oktober 2022 Kempten, Big Box Allg\u00e4u<br \/>\nFreitag, 04.November 2022 Kiel, Wunderino Arena<br \/>\nSamstag, 05. November 2022 Hamburg, Barclaycard Arena<br \/>\nSamstag, 12. November 2022 Wien, Stadthalle<br \/>\nSonntag, 13. November 2022 Wien, Stadthalle<br \/>\nFreitag, 18. November 2022 Oldenburg, EWE Arena<br \/>\nSamstag, 19. November 2022 K\u00f6ln, Lanxess Arena<br \/>\nFreitag, 25. November 2022 Flensburg, Flens Arena<br \/>\nSamstag, 26. November 2022 Berlin, Mercedes Arena<br \/>\nFreitag, 02. Dezember 2022 Wetzlar, Rittal Arena<br \/>\nSamstag, 03.Dezember 2022 Dresden, Messehalle<br \/>\nSonntag, 04. Dezember 2022 Fulda, Esperantohalle<br \/>\n<\/span><\/p>\n<p class=\"center\"><em><span style=\"font-family: Arial;\">\u00c4nderungen vorbehalten!<\/span><\/em><\/p>\n<p class=\"center\"><span style=\"font-family: Arial;\">Tickethotline 040-450 118 676 oder unter <\/span><a href=\"http:\/\/www.funke-ticket.de\/\"><span style=\"font-family: Arial;\">www.funke-ticket.de<\/span><\/a><span style=\"font-family: Arial;\"> sowie <\/span><a href=\"http:\/\/www.eventim.de\/\"><span style=\"font-family: Arial;\">www.eventim.de<\/span><\/a><\/p>\n<p>&nbsp;<\/p>\n<p class=\"center\" style=\"text-align: center;\"><strong><span style=\"font-family: Arial;\"><span style=\"color: #777777;\">Website:<\/span><br \/>\n<\/span><a href=\"https:\/\/www.inamueller.de\/\"><span style=\"font-family: Arial;\">https:\/\/www.inamueller.de\/<\/span><\/a><\/strong><\/p>\n<p class=\"center\" style=\"text-align: center;\"><strong><span style=\"color: #777777; font-family: Arial;\">Facebook:<br \/>\n<\/span><a href=\"https:\/\/www.facebook.com\/inasnacht\"><span style=\"font-family: Arial;\">https:\/\/www.facebook.com\/inasnacht<\/span><\/a><\/strong><\/p>\n<p class=\"center\" style=\"text-align: center;\"><strong><span style=\"font-family: Arial;\"><span style=\"color: #777777;\">Instagram:<\/span><br \/>\n<\/span><a href=\"https:\/\/www.instagram.com\/inasnacht\"><span style=\"font-family: Arial;\">https:\/\/www.instagram.com\/inasnacht\u00a0<\/span><\/a><\/strong><\/p>\n<p>&nbsp;<\/p>\n<p>&nbsp;<\/p>\n<p><img decoding=\"async\" loading=\"lazy\" class=\"alignnone size-colormag-featured-post-medium wp-image-154274 aligncenter\" src=\"https:\/\/online.smago.de\/ws2\/wp-content\/uploads\/2020\/10\/mueller_55-600x600.jpg\" alt=\"\" width=\"600\" height=\"600\" srcset=\"https:\/\/smago.de\/ws2\/wp-content\/uploads\/2020\/10\/mueller_55-600x600.jpg 600w, https:\/\/smago.de\/ws2\/wp-content\/uploads\/2020\/10\/mueller_55-522x522.jpg 522w, https:\/\/smago.de\/ws2\/wp-content\/uploads\/2020\/10\/mueller_55-800x800.jpg 800w, https:\/\/smago.de\/ws2\/wp-content\/uploads\/2020\/10\/mueller_55-150x150.jpg 150w, https:\/\/smago.de\/ws2\/wp-content\/uploads\/2020\/10\/mueller_55-768x768.jpg 768w, https:\/\/smago.de\/ws2\/wp-content\/uploads\/2020\/10\/mueller_55-1536x1536.jpg 1536w, https:\/\/smago.de\/ws2\/wp-content\/uploads\/2020\/10\/mueller_55-2048x2048.jpg 2048w, https:\/\/smago.de\/ws2\/wp-content\/uploads\/2020\/10\/mueller_55-272x272.jpg 272w, https:\/\/smago.de\/ws2\/wp-content\/uploads\/2020\/10\/mueller_55-130x130.jpg 130w, https:\/\/smago.de\/ws2\/wp-content\/uploads\/2020\/10\/mueller_55-445x445.jpg 445w, https:\/\/smago.de\/ws2\/wp-content\/uploads\/2020\/10\/mueller_55-190x190.jpg 190w, https:\/\/smago.de\/ws2\/wp-content\/uploads\/2020\/10\/mueller_55-290x290.jpg 290w\" sizes=\"(max-width: 600px) 100vw, 600px\" \/><\/p>\n","protected":false},"excerpt":{"rendered":"<p>Man kennt Ina M\u00fcller als laut und direkt. Leise und direkt steht ihr aber genauso gut &#8230;:<\/p>\n","protected":false},"author":2,"featured_media":154273,"comment_status":"open","ping_status":"closed","sticky":false,"template":"","format":"standard","meta":{"_FSMCFIC_featured_image_caption":"","_FSMCFIC_featured_image_nocaption":"","_FSMCFIC_featured_image_hide":""},"categories":[28,39],"tags":[1253],"acf":[],"_links":{"self":[{"href":"https:\/\/smago.de\/ws2\/wp-json\/wp\/v2\/posts\/154272"}],"collection":[{"href":"https:\/\/smago.de\/ws2\/wp-json\/wp\/v2\/posts"}],"about":[{"href":"https:\/\/smago.de\/ws2\/wp-json\/wp\/v2\/types\/post"}],"author":[{"embeddable":true,"href":"https:\/\/smago.de\/ws2\/wp-json\/wp\/v2\/users\/2"}],"replies":[{"embeddable":true,"href":"https:\/\/smago.de\/ws2\/wp-json\/wp\/v2\/comments?post=154272"}],"version-history":[{"count":2,"href":"https:\/\/smago.de\/ws2\/wp-json\/wp\/v2\/posts\/154272\/revisions"}],"predecessor-version":[{"id":154276,"href":"https:\/\/smago.de\/ws2\/wp-json\/wp\/v2\/posts\/154272\/revisions\/154276"}],"wp:featuredmedia":[{"embeddable":true,"href":"https:\/\/smago.de\/ws2\/wp-json\/wp\/v2\/media\/154273"}],"wp:attachment":[{"href":"https:\/\/smago.de\/ws2\/wp-json\/wp\/v2\/media?parent=154272"}],"wp:term":[{"taxonomy":"category","embeddable":true,"href":"https:\/\/smago.de\/ws2\/wp-json\/wp\/v2\/categories?post=154272"},{"taxonomy":"post_tag","embeddable":true,"href":"https:\/\/smago.de\/ws2\/wp-json\/wp\/v2\/tags?post=154272"}],"curies":[{"name":"wp","href":"https:\/\/api.w.org\/{rel}","templated":true}]}}