{"id":154064,"date":"2020-10-08T07:35:02","date_gmt":"2020-10-08T05:35:02","guid":{"rendered":"https:\/\/online.smago.de\/ws2\/?p=154064"},"modified":"2020-10-08T07:35:02","modified_gmt":"2020-10-08T05:35:02","slug":"matthias-carras-matthias-carras-schwer-an-krebs-erkrankt","status":"publish","type":"post","link":"https:\/\/smago.de\/ws2\/pop-schlager\/matthias-carras-matthias-carras-schwer-an-krebs-erkrankt\/","title":{"rendered":"MATTHIAS CARRAS <br>Matthias Carras schwer an Krebs erkrankt!"},"content":{"rendered":"<p>Und dennoch ist er voller Zuversicht &#8230;:<br \/>\n<!--more--><\/p>\n<p>&nbsp;<\/p>\n<p style=\"text-align: justify;\">\n<p style=\"text-align: justify;\"><em>Heute geht es los. Der erste Teil meiner Behandlung beginnt. Mir wird sehr viel Blut abgenommen. Daraus werden meine eigenen Stammzellen gewonnen. Ich werde dann den ganzen November in Isolation sein, da man mir alle wei\u00dfen Blutk\u00f6rperchen entziehen wird. Ich darf mir keine Infektionen von au\u00dfen einfangen. Die Chemo wird stark erh\u00f6ht und man f\u00fchrt mir , die aus dem Blut gewonnenen Stammzellen wieder zu. Mir drohen dann gro\u00dfe \u00dcbelkeit, Erbrechen und starke Schmerzen. Die Haare werden mir wieder ausgehen Habe echt einen riesigen Schiss davor. Danach bin ich aber einige Jahre Krebsfrei. Bin echt dankbar, dass man mir diese Therapie erm\u00f6glicht und ich damit mein Leben noch l\u00e4nger leben darf.<\/em><\/p>\n","protected":false},"excerpt":{"rendered":"<p>Und dennoch ist er voller Zuversicht &#8230;:<\/p>\n","protected":false},"author":2,"featured_media":154065,"comment_status":"open","ping_status":"closed","sticky":false,"template":"","format":"standard","meta":{"_FSMCFIC_featured_image_caption":"","_FSMCFIC_featured_image_nocaption":"","_FSMCFIC_featured_image_hide":""},"categories":[28],"tags":[378],"acf":[],"_links":{"self":[{"href":"https:\/\/smago.de\/ws2\/wp-json\/wp\/v2\/posts\/154064"}],"collection":[{"href":"https:\/\/smago.de\/ws2\/wp-json\/wp\/v2\/posts"}],"about":[{"href":"https:\/\/smago.de\/ws2\/wp-json\/wp\/v2\/types\/post"}],"author":[{"embeddable":true,"href":"https:\/\/smago.de\/ws2\/wp-json\/wp\/v2\/users\/2"}],"replies":[{"embeddable":true,"href":"https:\/\/smago.de\/ws2\/wp-json\/wp\/v2\/comments?post=154064"}],"version-history":[{"count":1,"href":"https:\/\/smago.de\/ws2\/wp-json\/wp\/v2\/posts\/154064\/revisions"}],"predecessor-version":[{"id":154066,"href":"https:\/\/smago.de\/ws2\/wp-json\/wp\/v2\/posts\/154064\/revisions\/154066"}],"wp:featuredmedia":[{"embeddable":true,"href":"https:\/\/smago.de\/ws2\/wp-json\/wp\/v2\/media\/154065"}],"wp:attachment":[{"href":"https:\/\/smago.de\/ws2\/wp-json\/wp\/v2\/media?parent=154064"}],"wp:term":[{"taxonomy":"category","embeddable":true,"href":"https:\/\/smago.de\/ws2\/wp-json\/wp\/v2\/categories?post=154064"},{"taxonomy":"post_tag","embeddable":true,"href":"https:\/\/smago.de\/ws2\/wp-json\/wp\/v2\/tags?post=154064"}],"curies":[{"name":"wp","href":"https:\/\/api.w.org\/{rel}","templated":true}]}}