{"id":153967,"date":"2020-10-07T00:00:55","date_gmt":"2020-10-06T22:00:55","guid":{"rendered":"https:\/\/online.smago.de\/ws2\/?p=153967"},"modified":"2020-10-06T22:54:20","modified_gmt":"2020-10-06T20:54:20","slug":"carlo-von-tiedemann-heute-vorabend-07-10-2020-in-der-sendung-das-zu-gast","status":"publish","type":"post","link":"https:\/\/smago.de\/ws2\/schlager\/carlo-von-tiedemann-heute-vorabend-07-10-2020-in-der-sendung-das-zu-gast\/","title":{"rendered":"CARLO VON TIEDEMANN <br>Heute Vorabend (07.10.2020) in der Sendung &#8222;DAS!&#8220; zu Gast!"},"content":{"rendered":"<p>18:45 Uhr &#8211; 19:30 Uhr (Wh. in der Nacht auf 08.10., 05:15 Uhr &#8211; 06:00 Uhr)!<br \/>\n<!--more--><\/p>\n<p>&nbsp;<\/p>\n<p>&nbsp;<\/p>\n<p style=\"text-align: justify;\">Berufung statt nur Beruf: CARLO VON TIEDEMANN ist inzwischen seit knapp 50 Jahren Moderator im und mit seinen 76 Jahren einer der gr\u00f6\u00dften Publikumslieblinge im Norden. Dabei immer authentisch, geradeheraus und unterhaltsam &#8211; eine echte norddeutsche Type eben.<\/p>\n<p style=\"text-align: justify;\">\u00dcber erste Stationen beim Hamburger Abendblatt, landet Carlo vor 49 Jahren bei NDR, moderierte viele Jahre die Aktuelle Schaubude, die NDR Quizshow und viele mehr &#8211; bis heute ist der Mann mit dem Schnauzer und der bewegten Vita einer der Kultmoderatoren bei NDR 90,3. Gerade erst wurde Carlo von Tiedemann mit der Verdienstmedaille des Verdienstordens der Bundesrepublik Deutschland f\u00fcr sein vielf\u00e4ltiges ehrenamtliches Engagement geehrt. Auf dem Roten Sofa erz\u00e4hlt Carlo, warum ihm diese Auszeichnung so viel bedeutet und welche Einrichtungen und Initiativen er ganz konkret unterst\u00fctzt.<\/p>\n","protected":false},"excerpt":{"rendered":"<p>18:45 Uhr &#8211; 19:30 Uhr (Wh. in der Nacht auf 08.10., 05:15 Uhr &#8211; 06:00 Uhr)!<\/p>\n","protected":false},"author":2,"featured_media":120841,"comment_status":"open","ping_status":"closed","sticky":false,"template":"","format":"standard","meta":{"_FSMCFIC_featured_image_caption":"","_FSMCFIC_featured_image_nocaption":"","_FSMCFIC_featured_image_hide":""},"categories":[29,128],"tags":[213],"acf":[],"_links":{"self":[{"href":"https:\/\/smago.de\/ws2\/wp-json\/wp\/v2\/posts\/153967"}],"collection":[{"href":"https:\/\/smago.de\/ws2\/wp-json\/wp\/v2\/posts"}],"about":[{"href":"https:\/\/smago.de\/ws2\/wp-json\/wp\/v2\/types\/post"}],"author":[{"embeddable":true,"href":"https:\/\/smago.de\/ws2\/wp-json\/wp\/v2\/users\/2"}],"replies":[{"embeddable":true,"href":"https:\/\/smago.de\/ws2\/wp-json\/wp\/v2\/comments?post=153967"}],"version-history":[{"count":1,"href":"https:\/\/smago.de\/ws2\/wp-json\/wp\/v2\/posts\/153967\/revisions"}],"predecessor-version":[{"id":153968,"href":"https:\/\/smago.de\/ws2\/wp-json\/wp\/v2\/posts\/153967\/revisions\/153968"}],"wp:featuredmedia":[{"embeddable":true,"href":"https:\/\/smago.de\/ws2\/wp-json\/wp\/v2\/media\/120841"}],"wp:attachment":[{"href":"https:\/\/smago.de\/ws2\/wp-json\/wp\/v2\/media?parent=153967"}],"wp:term":[{"taxonomy":"category","embeddable":true,"href":"https:\/\/smago.de\/ws2\/wp-json\/wp\/v2\/categories?post=153967"},{"taxonomy":"post_tag","embeddable":true,"href":"https:\/\/smago.de\/ws2\/wp-json\/wp\/v2\/tags?post=153967"}],"curies":[{"name":"wp","href":"https:\/\/api.w.org\/{rel}","templated":true}]}}