{"id":153883,"date":"2020-10-05T00:00:50","date_gmt":"2020-10-04T22:00:50","guid":{"rendered":"https:\/\/online.smago.de\/ws2\/?p=153883"},"modified":"2020-10-04T23:19:16","modified_gmt":"2020-10-04T21:19:16","slug":"alex-parker-unser-kulturelles-leben-steht-am-abgrund","status":"publish","type":"post","link":"https:\/\/smago.de\/ws2\/pop-schlager\/alex-parker-unser-kulturelles-leben-steht-am-abgrund\/","title":{"rendered":"ALEX PARKER <br>&#8222;Unser kulturelles Leben steht am Abgrund!&#8220;"},"content":{"rendered":"<p style=\"text-align: justify;\"><em>&#8222;Viele Musiker und Kulturschaffende haben sich bereits das Leben genommen!&#8220; &#8211;\u00a0<\/em>Alex Parker redet Klartext &#8230;:<br \/>\n<!--more--><\/p>\n<p>&nbsp;<\/p>\n<p style=\"text-align: justify;\">\n<p style=\"text-align: justify;\"><em>Liebe Freunde, bitte lest euch diesen <strong><a href=\"https:\/\/www.n-tv.de\/wissen\/19-200-Corona-Faelle-Merkels-Luft-Nummer-article22071371.html?fbclid=IwAR2fNcZAS8a1eYyHXblN07iD944zVg4AjFo6KKG5WhmyvfWG-07KL9300go\">n-tv-Beitrag<\/a><\/strong> durch und sagt mir, warum eine promovierte Wissenschaftlerin und dazu noch Regierungschefin der Bundesrepublik solch einen gef\u00e4hrlichen Unsinn in die Welt sendet? Ich bin, wie so oft in den vergangenen 6 Monaten, sehr entt\u00e4uscht von unserer Regierung. <\/em><\/p>\n<p style=\"text-align: justify;\"><em>Zu Beginn der &#8222;Pandemie&#8220; hie\u00df es noch, dass niemand allein gelassen werden w\u00fcrde, von unb\u00fcrokratischer Hilfe war die Rede. Und heute? Niemand verbreitet Hoffnung, t\u00e4glich sehen und h\u00f6ren wir nur noch Tabellen und Statistiken, die bewusst und nachweislich so dargestellt werden, dass ein Gro\u00dfteil der Bev\u00f6lkerung denken muss, dass wir alle bereits dem Tod geweiht sind (bis zur Impfung!) und die wohl jeden normalen Mathematikstudenten den Kopf kosten w\u00fcrden. Machtk\u00e4mpfe der Politiker &#8211; im Schatten der kommenden Wahlen &#8211; werden auf den Schultern der zumeist \u00e4lteren, ver\u00e4ngstigten Bev\u00f6lkerung ausgetragen. Millionen Arbeitnehmer werden mit Kurzarbeitergeld quasi ruhig gestellt, das Insolvenzrecht wird so angepasst, dass die Pleitewelle sich versp\u00e4tet, dabei ist der Staat doch selbst l\u00e4ngst total pleite. <\/em><\/p>\n<p style=\"text-align: justify;\"><em>Das Schlimmste aber: Unser kulturelles Leben steht am Abgrund!! \u00dcberall Plexiglasw\u00e4nde (ich habe bereits hinter einer solchen singen m\u00fcssen), verunsicherte Menschen hinter Masken, die B\u00f6den sind mit gelben Pfeilen und Hinweisen verm\u00fcllt, sinnlose Adress-Listen im Restaurant, eine nutzlose, 20 Mio. Euro teure Corona-App (plus ca. 3 Mio Euro Betriebskosten pro Monat!!!), dazu irrsinnige widerspr\u00fcchliche Vorschriften. Wir durften die monatelange Isolation unserer Kinder erleben- bis heute d\u00fcrfen wir Eltern noch immer nicht das Kindergarten- bzw. Schulgeb\u00e4ude betreten und k\u00e4mpfen nun f\u00fcr Lampionumz\u00fcge. Die Menschen, die unseren Wohlstand begr\u00fcndet haben, sind vielfach vereinsamt und menschenunw\u00fcrdig gestorben. Keine Chance f\u00fcr Angeh\u00f6rige!<span class=\"pq6dq46d tbxw36s4 knj5qynh kvgmc6g5 ditlmg2l oygrvhab nvdbi5me sf5mxxl7 gl3lb2sf hhz5lgdu\"><img decoding=\"async\" loading=\"lazy\" src=\"https:\/\/static.xx.fbcdn.net\/images\/emoji.php\/v9\/te\/1\/16\/1f622.png\" alt=\"&#x1f622;\" width=\"16\" height=\"16\" \/><\/span> <\/em><\/p>\n<p style=\"text-align: justify;\"><em>Viele Musiker und Kulturschaffende haben sich bereits das Leben genommen.<span class=\"pq6dq46d tbxw36s4 knj5qynh kvgmc6g5 ditlmg2l oygrvhab nvdbi5me sf5mxxl7 gl3lb2sf hhz5lgdu\"><img decoding=\"async\" loading=\"lazy\" src=\"https:\/\/static.xx.fbcdn.net\/images\/emoji.php\/v9\/tab\/1\/16\/1f630.png\" alt=\"&#x1f630;\" width=\"16\" height=\"16\" \/><\/span><span class=\"pq6dq46d tbxw36s4 knj5qynh kvgmc6g5 ditlmg2l oygrvhab nvdbi5me sf5mxxl7 gl3lb2sf hhz5lgdu\"><img decoding=\"async\" loading=\"lazy\" src=\"https:\/\/static.xx.fbcdn.net\/images\/emoji.php\/v9\/t91\/1\/16\/1f625.png\" alt=\"&#x1f625;\" width=\"16\" height=\"16\" \/><\/span><span class=\"pq6dq46d tbxw36s4 knj5qynh kvgmc6g5 ditlmg2l oygrvhab nvdbi5me sf5mxxl7 gl3lb2sf hhz5lgdu\"><img decoding=\"async\" loading=\"lazy\" src=\"https:\/\/static.xx.fbcdn.net\/images\/emoji.php\/v9\/t14\/1\/16\/1f628.png\" alt=\"&#x1f628;\" width=\"16\" height=\"16\" \/><\/span> Nur so etwas h\u00f6ren wir nicht in den Tagesthemen, wohl aber das Einzelschicksal einer schwer Erkrankten 22-j\u00e4hrigen (mit Vorerkrankung), die zum Gl\u00fcck \u00fcberlebt hat und nun f\u00fcr die Einhaltung der Hygieneregeln pl\u00e4diert, was ich auch bef\u00fcrworte. Dennoch finde ich dieses Vorgehen manipulativ! Dieses Einzelschicksal war der Aufmacher der Sendung vom 29.09.2020 Danach hatte der geneigte Zuschauer gar keine andere Wahl mehr, und musste den Maskenzwang und weitere Beschr\u00e4nkungen guthei\u00dfen! Erschreckend manipulativ sogar! <\/em><\/p>\n<p style=\"text-align: justify;\"><em>Im Flugzeug von Wien nach D\u00fcsseldorf wurde ich, wie alle Passagiere, am vergangenen Wochenende, unter Androhung der Polizei (!), gezwungen, ein Formular der deutschen Beh\u00f6rden auszuf\u00fcllen, was absurd ist, da ich nicht aus einem Risikogebiet nach Deutschland eingereist bin (auf der RKI-Seite steht bis heute nicht, dass der Flughafen Wien Risikogebiet ist, schlie\u00dflich liegt er im Bundesland Nieder\u00f6sterreich!), aber Kugelschreiber wurden keine ausgegeben. In luftiger H\u00f6he erlebte ich dann ein fast surreales Schauspiel einer hysterisch schreienden (!!!) Stewardess, die Passagiere beschimpfte und umgekehrt. Es gab keine Info beim Einchecken, keine Mail vorab- das sei nicht die Aufgabe der Airline. <\/em><\/p>\n<p style=\"text-align: justify;\"><em>Das ist sie also, unsere neue Normalit\u00e4t! Liebe Freunde, irgendwann werden wir zur\u00fcckblicken. Mir kommen sofort Textzeilen meines gro\u00dfen Idols in den Sinn: &#8222;Ihr von morgen werdet wissen, was aus dieser Erde wird, unsere Hoffnung ist zerschlissen und wir haben uns verirrt!&#8220; &#8222;Wenn wir es merken, wird es zu sp\u00e4t sein!&#8220; <\/em><\/p>\n<p style=\"text-align: justify;\"><em>Ich hoffe trotz allem, dass wir alle die Kraft und Freude behalten, die uns als Menschen ausmacht und freue mich- noch mehr als fr\u00fcher- auf die kommenden Konzerte- zum Gl\u00fcck darf ich ja wieder<span class=\"pq6dq46d tbxw36s4 knj5qynh kvgmc6g5 ditlmg2l oygrvhab nvdbi5me sf5mxxl7 gl3lb2sf hhz5lgdu\"><img decoding=\"async\" loading=\"lazy\" src=\"https:\/\/static.xx.fbcdn.net\/images\/emoji.php\/v9\/tfc\/1\/16\/1f44d.png\" alt=\"&#x1f44d;\" width=\"16\" height=\"16\" \/><\/span><span class=\"pq6dq46d tbxw36s4 knj5qynh kvgmc6g5 ditlmg2l oygrvhab nvdbi5me sf5mxxl7 gl3lb2sf hhz5lgdu\"><img decoding=\"async\" loading=\"lazy\" src=\"https:\/\/static.xx.fbcdn.net\/images\/emoji.php\/v9\/t4f\/1\/16\/1f601.png\" alt=\"&#x1f601;\" width=\"16\" height=\"16\" \/><\/span>, wenn auch unter erschwerten Bedingungen! <\/em><\/p>\n<p>&nbsp;<\/p>\n<p style=\"text-align: justify;\"><em>Bleibt gesund!! <\/em><\/p>\n<p>&nbsp;<\/p>\n<p style=\"text-align: justify;\"><em>Euer<\/p>\n<p><\/em><\/p>\n<div class=\"nc684nl6\" style=\"text-align: justify;\"><em>Alex Parker<\/p>\n<p><\/em><\/div>\n<p style=\"text-align: justify;\"><em><span class=\"pq6dq46d tbxw36s4 knj5qynh kvgmc6g5 ditlmg2l oygrvhab nvdbi5me sf5mxxl7 gl3lb2sf hhz5lgdu\"><img decoding=\"async\" loading=\"lazy\" src=\"https:\/\/static.xx.fbcdn.net\/images\/emoji.php\/v9\/t87\/1\/16\/1f340.png\" alt=\"&#x1f340;\" width=\"16\" height=\"16\" \/><\/span><\/em><\/p>\n","protected":false},"excerpt":{"rendered":"<p>&#8222;Viele Musiker und Kulturschaffende haben sich bereits das Leben genommen!&#8220; &#8211;\u00a0Alex Parker redet Klartext &#8230;:<\/p>\n","protected":false},"author":2,"featured_media":153884,"comment_status":"open","ping_status":"closed","sticky":false,"template":"","format":"standard","meta":{"_FSMCFIC_featured_image_caption":"","_FSMCFIC_featured_image_nocaption":"","_FSMCFIC_featured_image_hide":""},"categories":[28,39],"tags":[1764],"acf":[],"_links":{"self":[{"href":"https:\/\/smago.de\/ws2\/wp-json\/wp\/v2\/posts\/153883"}],"collection":[{"href":"https:\/\/smago.de\/ws2\/wp-json\/wp\/v2\/posts"}],"about":[{"href":"https:\/\/smago.de\/ws2\/wp-json\/wp\/v2\/types\/post"}],"author":[{"embeddable":true,"href":"https:\/\/smago.de\/ws2\/wp-json\/wp\/v2\/users\/2"}],"replies":[{"embeddable":true,"href":"https:\/\/smago.de\/ws2\/wp-json\/wp\/v2\/comments?post=153883"}],"version-history":[{"count":1,"href":"https:\/\/smago.de\/ws2\/wp-json\/wp\/v2\/posts\/153883\/revisions"}],"predecessor-version":[{"id":153885,"href":"https:\/\/smago.de\/ws2\/wp-json\/wp\/v2\/posts\/153883\/revisions\/153885"}],"wp:featuredmedia":[{"embeddable":true,"href":"https:\/\/smago.de\/ws2\/wp-json\/wp\/v2\/media\/153884"}],"wp:attachment":[{"href":"https:\/\/smago.de\/ws2\/wp-json\/wp\/v2\/media?parent=153883"}],"wp:term":[{"taxonomy":"category","embeddable":true,"href":"https:\/\/smago.de\/ws2\/wp-json\/wp\/v2\/categories?post=153883"},{"taxonomy":"post_tag","embeddable":true,"href":"https:\/\/smago.de\/ws2\/wp-json\/wp\/v2\/tags?post=153883"}],"curies":[{"name":"wp","href":"https:\/\/api.w.org\/{rel}","templated":true}]}}